{"id":164351,"date":"2025-10-09T04:57:10","date_gmt":"2025-10-09T04:57:10","guid":{"rendered":"https:\/\/www.europesays.com\/es\/164351\/"},"modified":"2025-10-09T04:57:10","modified_gmt":"2025-10-09T04:57:10","slug":"horarios-recorridos-imagenes-que-procesionan-y-toda-la-informacion-que-debes-saber","status":"publish","type":"post","link":"https:\/\/www.europesays.com\/es\/164351\/","title":{"rendered":"horarios, recorridos, im\u00e1genes que procesionan y toda la informaci\u00f3n que debes saber"},"content":{"rendered":"<p style=\"\">C\u00f3rdoba se prepara para vivir un d\u00eda hist\u00f3rico. El pr\u00f3ximo 11 de octubre, m\u00e1s de una treintena de pasos procedentes de la capital y parte de la provincia participar\u00e1n en un <strong>V\u00eda Crucis Magno<\/strong> que congregar\u00e1 a miles de fieles y devotos en las  &#8230; calles de la ciudad cordobesa.<\/p>\n<p>\n\u00bfCu\u00e1ndo es el V\u00eda Crucis Magno de C\u00f3rdoba?\n<\/p>\n<p class=\"voc-p\" style=\"\">El d\u00eda escogido por la Agrupaci\u00f3n de Cofrad\u00edas de C\u00f3rdoba para celebrar este acontecimiento es el pr\u00f3ximo <strong>s\u00e1bado, 11 de octubre<\/strong>. No obstante, durante los d\u00edas previos y posteriores tendr\u00e1n lugar lo diferentes traslados programados.<\/p>\n<p class=\"voc-p\" style=\"\">La jornada comenzar\u00e1 a las <strong>14:50 horas<\/strong>, cuando salga a la calle la primera de las cofrad\u00edas que participar\u00e1n en el V\u00eda Crucis Magno, la Oraci\u00f3n en el Huerto de Cabra. La celebraci\u00f3n se alargar\u00e1 hasta las <strong>2:50 horas de la madrugada del d\u00eda siguiente<\/strong> con la entrada de la Hermandad de la O en la iglesia de la Aurora.<\/p>\n<p class=\"voc-p\" style=\"\">Con este evento, C\u00f3rdoba quiere celebrar un hecho hist\u00f3rico: el <strong>VI centenario del Santo V\u00eda Crucis en Occidente<\/strong>. Bajo el lema C\u00f3rdoba, V\u00eda Sacra de Occidente, la Agrupaci\u00f3n de Cofrad\u00edas recuerda que la pr\u00e1ctica de este rezo se introdujo all\u00e1 por 1425 en el convento Scala Coeli. Su impulsor fue el <a href=\"https:\/\/www.abc.es\/espana\/andalucia\/cordoba\/semana-santa\/sevi-san-alvaro-cordoba-beato-o-santo-201802171436_noticia.html\" title=\"www.abc.es\" data-voc-vtm-id=\"in-text-traffic\" data-mrf-link=\"www.abc.es\" rel=\"nofollow noopener\" target=\"_blank\">beato \u00c1lvaro de C\u00f3rdoba<\/a>, patr\u00f3n de las hermandades cordobesas, que convirti\u00f3 a la ciudad en pionera de esta devoci\u00f3n.<\/p>\n<p class=\"voc-p\" style=\"\">La gran cita se podr\u00e1 ver a trav\u00e9s de la televisi\u00f3n, y de dos formas. Por un lado est\u00e1 <strong>Canal Sur Televisi\u00f3n<\/strong>, que trae a C\u00f3rdoba uno de los mayores despliegues de su historia, con cincuenta c\u00e1maras. Comenzar\u00e1 a las 17:00 horas, poco antes de que lleguen las primeras im\u00e1genes a la carrera oficial.<\/p>\n<p class=\"voc-p\" style=\"\">Tambi\u00e9n habr\u00e1 un pool, es decir, una se\u00f1al compartida, que se podr\u00e1 ver en otros canales, y la <strong>emisora del Cabildo Catedral<\/strong> tambi\u00e9n lo emitir\u00e1 a trav\u00e9s de internet.<\/p>\n<p class=\"voc-p\" style=\"\">Hasta <strong>34 pasos<\/strong> recorrer\u00e1n las calles de C\u00f3rdoba en el V\u00eda Crucis Magno del pr\u00f3ximo 11 de octubre. En la procesi\u00f3n participar\u00e1n im\u00e1genes de una docena de localidades de la provincia, si bien la mayor parte de participantes son hermandades de la capital.<\/p>\n<p class=\"voc-p\" style=\"\">La Agrupaci\u00f3n de Cofrad\u00edas ha organizado el V\u00eda Crucis Magno de C\u00f3rdoba en <strong>cuatro bloques<\/strong> en los que se han integrado a las cofrad\u00edas participantes en funci\u00f3n de criterios iconogr\u00e1ficos, territoriales y devocionales. Adem\u00e1s, cada bloque tiene una representaci\u00f3n simb\u00f3lica que aglutina a las diversas hermandades que los componen.<\/p>\n<ul class=\"oc-d-c-list__list\">\n<li class=\"voc-d-c-list__item\">\n<p class=\"voc-d-c-list__paragraph\">Bloque 1. Lo integran todas aquellas hermandades participantes que tienen un v\u00ednculo hist\u00f3rico o espiritual con el ejercicio del V\u00eda Crucis, especialmente aquellas que guardan una especial vinculaci\u00f3n con el beato \u00c1lvaro de C\u00f3rdoba.<\/p>\n<\/li>\n<li class=\"voc-d-c-list__item\">\n<p class=\"voc-d-c-list__paragraph\">Bloque 2. Forman parte de este bloque ocho cofrad\u00edas que evocan las ocho estaciones que compon\u00eda la pr\u00e1ctica del V\u00eda Crucis ideada por \u00c1lvaro de C\u00f3rdoba.<\/p>\n<\/li>\n<li class=\"voc-d-c-list__item\">\n<p class=\"voc-d-c-list__paragraph\">Bloque 3. Con motivo del A\u00f1o Jubilar de la Esperanza, convocado por el Papa Francisco, el V\u00eda Crucis Magno de C\u00f3rdoba conmemorar\u00e1 esta efem\u00e9ride con la participaci\u00f3n de las v\u00edrgenes cuyas advocaciones est\u00e1n relacionadas con la Esperanza.<\/p>\n<\/li>\n<li class=\"voc-d-c-list__item\">\n<p class=\"voc-d-c-list__paragraph\">Bloque 4. Aqu\u00ed se organiza el grueso de hermandades participantes, que siguen el orden vigente del V\u00eda Crucis seg\u00fan las 15 estaciones establecidas por el Papa San Juan Pablo II.<\/p>\n<\/li>\n<\/ul>\n<p class=\"voc-p\" style=\"\">Entre las im\u00e1genes participantes, cabe destacar la presencia de <strong>grandes devociones de C\u00f3rdoba<\/strong>, como la Virgen de las Angustias, el <a href=\"https:\/\/www.abc.es\/espana\/andalucia\/cordoba\/semana-santa\/animas-cordoba-enriquecera-paso-tristezas-coronas-orfebreria-20251001063311-nts.html\" title=\"www.abc.es\" data-voc-vtm-id=\"in-text-traffic\" data-mrf-link=\"www.abc.es\" rel=\"nofollow noopener\" target=\"_blank\">Cristo del Remedio de \u00c1nimas<\/a> o la Virgen de los Dolores. Tambi\u00e9n estar\u00e1n presentes otras im\u00e1genes de acendrada devoci\u00f3n de la provincia cordobesa, como <a href=\"https:\/\/www.abc.es\/espana\/andalucia\/cordoba\/curioso-motivo-cristo-columna-lucena-salida-corriendo-20250929122245-nts.html\" title=\"www.abc.es\" data-voc-vtm-id=\"in-text-traffic\" data-mrf-link=\"www.abc.es\" rel=\"nofollow noopener\" target=\"_blank\">Nuestro Padre Jes\u00fas de la Columna, de Lucena<\/a>; el Se\u00f1or de los Afligidos, de Puente Genil; el Cristo de la Expiraci\u00f3n, de La Rambla; el Cristo Zacatecas de Montilla, o <a href=\"https:\/\/www.abc.es\/espana\/andalucia\/cordoba\/semana-santa\/gregorio-fernandez-via-crucis-magno-cordoba-historia-20251008063931-nts.html\" title=\"www.abc.es\" data-voc-vtm-id=\"in-text-traffic\" data-mrf-link=\"www.abc.es\" rel=\"nofollow noopener\" target=\"_blank\">El Sepulcro de El Carpio<\/a>. Todas las cofrad\u00edas dejar\u00e1n <a href=\"https:\/\/www.abc.es\/espana\/andalucia\/cordoba\/semana-santa\/curiosidades-via-crucis-magno-cordoba-momentos-esperados-20251008124433-nts.html\" title=\"www.abc.es\" data-voc-vtm-id=\"in-text-traffic\" data-mrf-link=\"www.abc.es\" rel=\"nofollow noopener\" target=\"_blank\">im\u00e1genes hist\u00f3ricas<\/a> para el recuerdo.<\/p>\n<ul class=\"oc-d-c-list__list\">\n<li class=\"voc-d-c-list__item\">\n<p class=\"voc-d-c-list__paragraph\">Sant\u00edsimo Cristo de las Aguas (Palma del R\u00edo)<\/p>\n<\/li>\n<li class=\"voc-d-c-list__item\">\n<p class=\"voc-d-c-list__paragraph\">Sant\u00edsimo Cristo de la Caridad (Pozoblanco)<\/p>\n<\/li>\n<li class=\"voc-d-c-list__item\">\n<p class=\"voc-d-c-list__paragraph\">Nuestro Padre Jes\u00fas del Calvario (C\u00f3rdoba)<\/p>\n<\/li>\n<li class=\"voc-d-c-list__item\">\n<p class=\"voc-d-c-list__paragraph\">Hermandad de la Sagrada Cena (C\u00f3rdoba)<\/p>\n<\/li>\n<li class=\"voc-d-c-list__item\">\n<p class=\"voc-d-c-list__paragraph\">Hermandad de las Angustias (C\u00f3rdoba)<\/p>\n<\/li>\n<\/ul>\n<ul class=\"oc-d-c-list__list\">\n<li class=\"voc-d-c-list__item\">\n<p class=\"voc-d-c-list__paragraph\">Primera estaci\u00f3n (La Oraci\u00f3n en el Huerto). Hermandad de la Oraci\u00f3n en el Huerto (Cabra)<\/p>\n<\/li>\n<li class=\"voc-d-c-list__item\">\n<p class=\"voc-d-c-list__paragraph\">Segunda estaci\u00f3n (El Prendimiento). Nuestro Padre Jes\u00fas Nazareno Rescatado (C\u00f3rdoba)<\/p>\n<\/li>\n<li class=\"voc-d-c-list__item\">\n<p class=\"voc-d-c-list__paragraph\">Tercera estaci\u00f3n (La Flagelaci\u00f3n). Nuestro Padre Jes\u00fas de la Columna (Priego de C\u00f3rdoba)<\/p>\n<\/li>\n<li class=\"voc-d-c-list__item\">\n<p class=\"voc-d-c-list__paragraph\">Cuarta estaci\u00f3n (La Coronaci\u00f3n de Espinas). Nuestro Padre Jes\u00fas en su Coronaci\u00f3n de Espinas (C\u00f3rdoba)<\/p>\n<\/li>\n<li class=\"voc-d-c-list__item\">\n<p class=\"voc-d-c-list__paragraph\">Quinta estaci\u00f3n (Jes\u00fas es presentado al pueblo). Nuestro Padre Jes\u00fas de los Afligidos (Puente Genil)<\/p>\n<\/li>\n<li class=\"voc-d-c-list__item\">\n<p class=\"voc-d-c-list__paragraph\">Sexta estaci\u00f3n (Jes\u00fas cargando con la cruz). Nuestro Padre Jes\u00fas de Pasi\u00f3n (C\u00f3rdoba)<\/p>\n<\/li>\n<li class=\"voc-d-c-list__item\">\n<p class=\"voc-d-c-list__paragraph\">S\u00e9ptima estaci\u00f3n (Muerte en la Cruz). Cristo Zacatecas (Montilla)<\/p>\n<\/li>\n<li class=\"voc-d-c-list__item\">\n<p class=\"voc-d-c-list__paragraph\">Octava estaci\u00f3n (Descendimiento de Cristo). Nuestra Se\u00f1ora de las Angustias (Montoro)<\/p>\n<\/li>\n<\/ul>\n<ul class=\"oc-d-c-list__list\">\n<li class=\"voc-d-c-list__item\">\n<p class=\"voc-d-c-list__paragraph\">Mar\u00eda Sant\u00edsima de la O<\/p>\n<\/li>\n<li class=\"voc-d-c-list__item\">\n<p class=\"voc-d-c-list__paragraph\">Mar\u00eda Sant\u00edsima de la Esperanza del Valle<\/p>\n<\/li>\n<li class=\"voc-d-c-list__item\">\n<p class=\"voc-d-c-list__paragraph\">Mar\u00eda Sant\u00edsima de la Esperanza<\/p>\n<\/li>\n<li class=\"voc-d-c-list__item\">\n<p class=\"voc-d-c-list__paragraph\">Mar\u00eda Sant\u00edsima de la Paz y Esperanza<\/p>\n<\/li>\n<\/ul>\n<ul class=\"oc-d-c-list__list\">\n<li class=\"voc-d-c-list__item\">\n<p class=\"voc-d-c-list__paragraph\">Primera estaci\u00f3n (La Oraci\u00f3n en el Huerto). Nuestro Padre Jes\u00fas de la Oraci\u00f3n en el Huerto (C\u00f3rdoba)<\/p>\n<\/li>\n<li class=\"voc-d-c-list__item\">\n<p class=\"voc-d-c-list__paragraph\">Segunda estaci\u00f3n (Traici\u00f3n de Judas y arresto de Jes\u00fas). Nuestro Padre Jes\u00fas en su Prendimiento (C\u00f3rdoba)<\/p>\n<\/li>\n<li class=\"voc-d-c-list__item\">\n<p class=\"voc-d-c-list__paragraph\">Tercera estaci\u00f3n (Jes\u00fas ante An\u00e1s). Nuestro Padre Jes\u00fas del Perd\u00f3n (C\u00f3rdoba)<\/p>\n<\/li>\n<li class=\"voc-d-c-list__item\">\n<p class=\"voc-d-c-list__paragraph\">Cuarta estaci\u00f3n (Jes\u00fas es condenado por el Sanedr\u00edn). Nuestro Padre Jes\u00fas de la Redenci\u00f3n (C\u00f3rdoba)<\/p>\n<\/li>\n<li class=\"voc-d-c-list__item\">\n<p class=\"voc-d-c-list__paragraph\">Quinta estaci\u00f3n (Jes\u00fas es condenado a muerte por Pilatos). Nuestro Padre Jes\u00fas de la Sentencia (C\u00f3rdoba)<\/p>\n<\/li>\n<li class=\"voc-d-c-list__item\">\n<p class=\"voc-d-c-list__paragraph\">Sexta estaci\u00f3n (Flagelaci\u00f3n y coronaci\u00f3n de espinas). Nuestro Padre Jes\u00fas de la Columna (Lucena) y Nuestro Padre Jes\u00fas en su Coronaci\u00f3n de Espinas (Fern\u00e1n N\u00fa\u00f1ez)<\/p>\n<\/li>\n<li class=\"voc-d-c-list__item\">\n<p class=\"voc-d-c-list__paragraph\">S\u00e9ptima estaci\u00f3n (Jes\u00fas cargando con la cruz). Nuestro Padre Jes\u00fas Nazareno (C\u00f3rdoba)<\/p>\n<\/li>\n<li class=\"voc-d-c-list__item\">\n<p class=\"voc-d-c-list__paragraph\">Octava estaci\u00f3n (Jes\u00fas es ayudado por Sim\u00f3n el Cirineo). Nuestro Padre Jes\u00fas Ca\u00eddo (Aguilar de la Frontera)<\/p>\n<\/li>\n<li class=\"voc-d-c-list__item\">\n<p class=\"voc-d-c-list__paragraph\">Novena estaci\u00f3n (Jes\u00fas consuela a las mujeres). Nuestro Padre Jes\u00fas del Buen Suceso (C\u00f3rdoba)<\/p>\n<\/li>\n<li class=\"voc-d-c-list__item\">\n<p class=\"voc-d-c-list__paragraph\">D\u00e9cima estaci\u00f3n (Crucifixi\u00f3n). Sant\u00edsimo Cristo de la Expiraci\u00f3n (La Rambla)<\/p>\n<\/li>\n<li class=\"voc-d-c-list__item\">\n<p class=\"voc-d-c-list__paragraph\">Und\u00e9cima estaci\u00f3n (La Conversi\u00f3n del Buen Ladr\u00f3n). Sant\u00edsimo Cristo de la Oraci\u00f3n y la Caridad (C\u00f3rdoba)<\/p>\n<\/li>\n<li class=\"voc-d-c-list__item\">\n<p class=\"voc-d-c-list__paragraph\">Duod\u00e9cima estaci\u00f3n (Jes\u00fas en la Cruz). Sant\u00edsimo Cristo de las Penas (C\u00f3rdoba)<\/p>\n<\/li>\n<li class=\"voc-d-c-list__item\">\n<p class=\"voc-d-c-list__paragraph\">Decimotercera estaci\u00f3n (Muerte en Cruz). Sant\u00edsimo Cristo del Remedio de \u00c1nimas (C\u00f3rdoba)<\/p>\n<\/li>\n<li class=\"voc-d-c-list__item\">\n<p class=\"voc-d-c-list__paragraph\">Decimocuarta estaci\u00f3n (El Sepulcro). Nuestro Se\u00f1or Jesucristo del Santo Sepulcro (El Carpio) y Nuestra Se\u00f1ora de los Dolores (C\u00f3rdoba)<\/p>\n<\/li>\n<li class=\"voc-d-c-list__item\">\n<p class=\"voc-d-c-list__paragraph\">Decimoquinta estaci\u00f3n (La Resurrecci\u00f3n). Nuestro Se\u00f1or Resucitado (C\u00f3rdoba)<\/p>\n<\/li>\n<\/ul>\n<p><img decoding=\"async\" loading=\"lazy\" src=\"https:\/\/www.europesays.com\/es\/wp-content\/uploads\/2025\/10\/cristo-san-alvaro-klsF--170x245@diario_abc.jpg\" class=\"voc-img\" width=\"170\" height=\"245\" alt=\"Imagen principal - Cristo de San \u00c1lvaro\"\/><\/p>\n<p class=\"voc-p\">Salida San Basilio (17:30 h), San Basilio, Enmedio, Arco de Caballerizas, Amador de los R\u00edos, Altar (18:10 \u2013 23:30 h), Campo Santo de los M\u00e1rtires, Arco de Caballerizas, San Basilio, entrada (00:00 h)<\/p>\n<p><img decoding=\"async\" loading=\"lazy\" src=\"https:\/\/www.europesays.com\/es\/wp-content\/uploads\/2025\/10\/cristo-aguas-palma-rio-klsF--170x245@diario_abc.jpg\" class=\"voc-img\" width=\"170\" height=\"245\" alt=\"Imagen principal - Cristo de las Aguas\"\/><\/p>\n<p class=\"voc-p\">Salida (16:00 h), Plaza San Miguel, San \u00c1lvaro, Cruz Conde, Plaza de las Tendillas, Jes\u00fas y Mar\u00eda, \u00c1ngel de Saavedra, Plaza de San Juan, Plaza de Pineda, Tesoro, Lope de Hoces, Puerta de Almod\u00f3var, Pintor L\u00f3pez Obrero, Dr. Fleming, Campo Santo de los M\u00e1rtires, CARRERA OFICIAL (18:30 \u2013 19:00 horas)<\/p>\n<p><img decoding=\"async\" loading=\"lazy\" src=\"https:\/\/www.europesays.com\/es\/wp-content\/uploads\/2025\/10\/cristo-caridad-pozoblanco-klsF--170x245@diario_abc.jpg\" class=\"voc-img\" width=\"170\" height=\"245\" alt=\"Imagen principal - Cristo de la Caridad\"\/><\/p>\n<p class=\"voc-p\">Salida (17:10 h), Avenida de la Diputaci\u00f3n, Avenida Campo de la Verdad, Plaza Santa Teresa, Bajada del Puente, Puente Romano, Triunfo, Santa Teresa de Jornet, CARRERA OFICIAL (18:37 \u2013 19:07 horas)<\/p>\n<p><img decoding=\"async\" loading=\"lazy\" src=\"https:\/\/www.europesays.com\/es\/wp-content\/uploads\/2025\/10\/cristo-calvario-cordoba-klsF--170x245@diario_abc.jpg\" class=\"voc-img\" width=\"170\" height=\"245\" alt=\"Imagen principal - Cristo del Calvario\"\/><\/p>\n<p class=\"voc-p\">Salida (16:00 h), San Lorenzo, Santa Mar\u00eda de Gracia, Plaza del Realejo, Realejo, Plaza de San Andr\u00e9s, San Pablo, Capitulares, San Fernando, Cruz del Rastro, Ronda de Isasa, Triunfo, Santa Teresa de Jornet, CARRERA OFICIAL (18:44 \u2013 19:14 horas), interior Mezquita-Catedral, Puerta de las Palmas (20:00 h), Magistral Gonz\u00e1lez Franc\u00e9s, Cardenal Gonz\u00e1lez, Cruz del Rastro, San Fernando, Diario C\u00f3rdoba, Capitulares, San Pablo, San Andr\u00e9s, Realejo, Santa Mar\u00eda de Gracia, San Lorenzo, entrada (23:00 h)<\/p>\n<p><img decoding=\"async\" loading=\"lazy\" src=\"https:\/\/www.europesays.com\/es\/wp-content\/uploads\/2025\/10\/sagrada-cena-cordoba-klsF--170x245@diario_abc.jpg\" class=\"voc-img\" width=\"170\" height=\"245\" alt=\"Imagen principal - Sagrada Cena\"\/><\/p>\n<p class=\"voc-p\">Salida (16:30 horas), Avenida de Guerrita, Gran V\u00eda Parque, La Previsi\u00f3n, Alcalde Velasco Navarro, Avenida del Aeropuerto, Avenida Vallellano, Dr. Flemning, Campo Santo de los M\u00e1rtires, CARRERA OFICIAL (18:51 \u2013 19:21 horas)<\/p>\n<p><img decoding=\"async\" loading=\"lazy\" src=\"https:\/\/www.europesays.com\/es\/wp-content\/uploads\/2025\/10\/angustias-cordoba-klsF--170x245@diario_abc.jpg\" class=\"voc-img\" width=\"170\" height=\"245\" alt=\"Imagen principal - Las Angustias\"\/><\/p>\n<p class=\"voc-p\">Salida (16:20 horas), Plaza San Agust\u00edn, Reja de Don Gome, Arroyo de San Andr\u00e9s, Hermanos L\u00f3pez Di\u00e9guez, Plaza San Andr\u00e9s, San Pablo, Capitulares, Diario C\u00f3rdoba, San Fernando, Cruz del Rastro, Ronda de Isasa, Triunfo, Santa Teresa de Jornet, CARRERA OFICIAL (18:58 \u2013 19:28 horas)<\/p>\n<p><img decoding=\"async\" loading=\"lazy\" src=\"https:\/\/www.europesays.com\/es\/wp-content\/uploads\/2025\/10\/oracion-huerto-cabra-klsF--170x245@diario_abc.jpg\" class=\"voc-img\" width=\"170\" height=\"245\" alt=\"Imagen principal - Oraci\u00f3n en el Huerto\"\/><\/p>\n<p class=\"voc-p\">Salida (14:50 horas), Joaqu\u00edn Sama Naharro, Goya, Sebasti\u00e1n de Belalc\u00e1zar, Do\u00f1a Berenguela, Anastasio Rela\u00f1o, Rafael de la Hoz Arderius, Las Margaritas, Jardines Agricultura, Alonso de Burgos, Pintor Cuenca Mu\u00f1os, Aladreros, Antonio Fern\u00e1ndez Grilo, Concepci\u00f3n, San Felipe, Ram\u00f3n y Cajal, Tesoro, Lope de Hoces, Puerta de Almod\u00f3var, Pintor L\u00f3pez Obrero, Dr. Fleming, Campo Santo de los M\u00e1rtires, CARRERA OFICIAL (19:10 \u2013 19:43 horas)<\/p>\n<p><img decoding=\"async\" loading=\"lazy\" src=\"https:\/\/www.europesays.com\/es\/wp-content\/uploads\/2025\/10\/rescatado-cordoba-klsF--170x245@diario_abc.jpg\" class=\"voc-img\" width=\"170\" height=\"245\" alt=\"Imagen principal - Rescatado\"\/><\/p>\n<p class=\"voc-p\">Salida (16:10 h), Plaza Cristo de Gracia, Mar\u00eda Auxiliadora, San Lorenzo, Ronda de And\u00fajar, Puerta Nueva, Alfonso XII, San Pedro, Don Rodrigo, Lineros, Lucano, Cruz del Rastro, Ronda de Isasa, Triunfo, Santa Teresa de Jornet, CARRERA OFICIAL (19:20 \u2013 19:53 horas)<\/p>\n<p><img decoding=\"async\" loading=\"lazy\" src=\"https:\/\/www.europesays.com\/es\/wp-content\/uploads\/2025\/10\/columna-priego-klsF--170x245@diario_abc.jpg\" class=\"voc-img\" width=\"170\" height=\"245\" alt=\"Imagen principal - Columna\"\/><\/p>\n<p class=\"voc-p\">Salida (16:10 h), San Pedro, Escultor Juan de Mesa, Plaza de la Almagra, Plaza del Socorro, Arco Bajo, Plaza de la Corredera, Arco Alto, Claudio Marcelo, Plaza de las Tendillas, Gondomar, San Felipe, Ram\u00f3n y Cajal, Tesoro, Lope de Hoces, Puerta de Almod\u00f3var, Pintor L\u00f3pez Obrero, Dr. Fleming, Campo Santo de los M\u00e1rtires, CARRERA OFICIAL (19:30 \u2013 20:03 horas)<\/p>\n<p><img decoding=\"async\" loading=\"lazy\" src=\"https:\/\/www.europesays.com\/es\/wp-content\/uploads\/2025\/10\/coronacion-espinas-cordoba-klsF--170x245@diario_abc.jpg\" class=\"voc-img\" width=\"170\" height=\"245\" alt=\"Imagen principal - Coronaci\u00f3n de Espinas\"\/><\/p>\n<p class=\"voc-p\">Salida (15:40 h), Agrupaci\u00f3n de C\u00f3rdoba, Dr. Manuel Villegas, Escritor Crist\u00f3bal Mesa, V\u00e1zquez Venegas, San Acisclo, Sagunto, Ronda del Marrubial, Plaza del Cristo de Gracia, Mar\u00eda Auxiliadora, San Lorenzo, Arroyo de San Lorenzo, Ronda de And\u00fajar, Puerta Nueva, Alfonso XII, Plaza de San Pedro, Lineros, Lucano, Cruz del Rastro, Ronda de Isasa, Triunfo, Santa Teresa de Jornet, CARRERA OFICIAL (19:40 \u2013 20:13 horas)<\/p>\n<p><img decoding=\"async\" loading=\"lazy\" src=\"https:\/\/www.europesays.com\/es\/wp-content\/uploads\/2025\/10\/afligidos-puente-genil-klsF--170x245@diario_abc.jpg\" class=\"voc-img\" width=\"170\" height=\"245\" alt=\"Imagen principal - Afligidos\"\/><\/p>\n<p class=\"voc-p\">Salida (15:40 h), Esca\u00f1uela, Golondrina, Ronda de And\u00fajar, San Lorenzo, Santa Mar\u00eda de Gracia, Realejo, San Andr\u00e9s, San Pablo, Alfonso XIII, Diego de Le\u00f3n, Plaza de las Tendillas, Gondomar, San Felipe, Ram\u00f3n y Cajal, Tesoro, Lope de Hoces, Puerta de Almod\u00f3var, Pintor L\u00f3pez Obrero, Dr. Fleming, Campo Santo de los M\u00e1rtires, CARRERA OFICIAL (19:50 \u2013 20:23 horas)<\/p>\n<p><img decoding=\"async\" loading=\"lazy\" src=\"https:\/\/www.europesays.com\/es\/wp-content\/uploads\/2025\/10\/pasion-cordoba-klsF--170x245@diario_abc.jpg\" class=\"voc-img\" width=\"170\" height=\"245\" alt=\"Imagen principal - Pasi\u00f3n\"\/><\/p>\n<p class=\"voc-p\">Salida (19:00 horas), San Basilio, Puerta de Sevilla, Enmedio, Arco de Caballerizas, Caballerizas Reales, Campo Santo de los M\u00e1rtires (CARRERA OFICIAL 20:00 \u2013 20:33 horas), interior Mezquita-Catedral, Puerta de las Palmas (21:20 h), Puerta de Santa Catalina, Magistral Gonz\u00e1lez Franc\u00e9s, Corregidor Luis Cerda, Plaza del Triunfo, Triunfo, Ronda de Isasa, Santa Teresa de Jornet, Campo Santo de los M\u00e1rtires, Caballerizas, Arco de Caballerizas, San Basilio, entrada (23:40 horas)<\/p>\n<p><img decoding=\"async\" loading=\"lazy\" src=\"https:\/\/www.europesays.com\/es\/wp-content\/uploads\/2025\/10\/cristo-zacatecas-montilla-klsF--170x245@diario_abc.jpg\" class=\"voc-img\" width=\"170\" height=\"245\" alt=\"Imagen principal - Cristo Zacatecas\"\/><\/p>\n<p class=\"voc-p\">Salida (19:10 horas), Puerta de las Palmas, Patio de los Naranjos, Puerta de Santa Catalina, Magistral Gonz\u00e1lez Franc\u00e9s, Corregidor Luis de la Cerda, Triunfo, Santa Teresa de Jornet, CARRERA OFICIAL (20:10 \u2013 20:43 horas)<\/p>\n<p><img decoding=\"async\" loading=\"lazy\" src=\"https:\/\/www.europesays.com\/es\/wp-content\/uploads\/2025\/10\/angustias-montoro-klsF--170x245@diario_abc.jpg\" class=\"voc-img\" width=\"170\" height=\"245\" alt=\"Imagen principal - Angustias\"\/><\/p>\n<p class=\"voc-p\">Salida (16:50 h), San Agust\u00edn, Rejas de Don Gome, Juan Rufo, Alfaros, Alfonso XIII, Diego de Le\u00f3n, Plaza de las Tendillas, Gondomar, San Felipe, Ram\u00f3n y Cajal, Tesoro, Lope de Hoces, Puerta de Almod\u00f3var, Pintor L\u00f3pez Obrero, Dr. Fleming, Campo Santo de los M\u00e1rtires, CARRERA OFICIAL (20:20 \u2013 20:53 horas)<\/p>\n<p><img decoding=\"async\" loading=\"lazy\" src=\"https:\/\/www.europesays.com\/es\/wp-content\/uploads\/2025\/10\/virgen-o-cordoba-klsF--170x245@diario_abc.jpg\" class=\"voc-img\" width=\"170\" height=\"245\" alt=\"Imagen principal - La O\"\/><\/p>\n<p class=\"voc-p\">Salida (16:10 h), Plaza Mahatma Gandhi, Virgen de F\u00e1tima, Carlos III, Cinco Caballeros, Jardines Elena Moyano, Puerta de Plasencia, Mar\u00eda Auxiliadora, San Lorenzo, Ronda de And\u00fajar, Puerta Nueva, Alfonso XII, Don Rodrigo, Lineros, Cruz del Rastro, Ronda de Isasa, Triunfo, Santa Teresa de Jornet, CARRERA OFICIAL (20:35 \u2013 21:05 horas), Patio de los Naranjos, Puerta de Santa Catalina, Magistral Gonz\u00e1lez Franc\u00e9s, Cardenal Gonz\u00e1lez, Cruz del Rastro, San Fernando, Diario C\u00f3rdoba, Capitulares, San Pablo, San Andr\u00e9s, Santa Mar\u00eda de Gracia, San Lorenzo, Jes\u00fas del Calvario, San Juan de Letr\u00e1n, Frailes, Cristo de Gracia, Puerta de Plasencia, Rabanales, Avenida del Cairo, Platero Pedro de Bares, Hermano Juan Fern\u00e1ndez, Carlos III, Arcos de la Frontera, Virgen de F\u00e1tima, Historiador Ja\u00e9n Morente, Arcos de la Frontera, Virgen de F\u00e1tima, Plaza Mahatma Gandhi, entrada (02:50 horas)<\/p>\n<p><img decoding=\"async\" loading=\"lazy\" src=\"https:\/\/www.europesays.com\/es\/wp-content\/uploads\/2025\/10\/esperanza-valle-cordoba-klsF--170x245@diario_abc.jpg\" class=\"voc-img\" width=\"170\" height=\"245\" alt=\"Imagen principal - Esperanza del Valle\"\/><\/p>\n<p class=\"voc-p\">Salida (18:20 horas), Avenida de Guerrita, Gran V\u00eda Parque, La Previsi\u00f3n, Alcalde Velasco Navarro, Avenida del Aeropuerto, Avenida Vallellano, Dr. Fleming, Campo Santo de los M\u00e1rtires, CARRERA OFICIAL (20:42 \u2013 21:12 horas)<\/p>\n<p><img decoding=\"async\" loading=\"lazy\" src=\"https:\/\/www.europesays.com\/es\/wp-content\/uploads\/2025\/10\/esperanza-cordoba-klsF--170x245@diario_abc.jpg\" class=\"voc-img\" width=\"170\" height=\"245\" alt=\"Imagen principal - Esperanza\"\/><\/p>\n<p class=\"voc-p\">Salida (18:40 h), San Andr\u00e9s, San Pablo, Capitulares, Diario C\u00f3rdoba, San Fernando, Cruz del Rastro, Ronda de Isasa, Triunfo, Santa Teresa de Jornet, CARRERA OFICIAL (20:49 \u2013 21:19 horas), Patio de los Naranjos, Puerta de Santa Catalina, Magistral Gonz\u00e1lez Franc\u00e9s, Cardenal Gonz\u00e1lez, Cruz del Rastro, San Fernando, Diario C\u00f3rdoba, Capitulares, San Pablo, San Andr\u00e9s, entrada (23:40 h)<\/p>\n<p><img decoding=\"async\" loading=\"lazy\" src=\"https:\/\/www.europesays.com\/es\/wp-content\/uploads\/2025\/10\/paz-esperanza-cordoba-klsF--170x245@diario_abc.jpg\" class=\"voc-img\" width=\"170\" height=\"245\" alt=\"Imagen principal - Paz y Esperanza\"\/><\/p>\n<p class=\"voc-p\">Salida (18:00 h), Plaza de Capuchinos, Conde Torres Cabrera, San Miguel San \u00c1lvaro, Plaza de las Tendillas, Gondomar, San Felipe, Ram\u00f3n y Cajal, Tesoro, Lope de Hoces, Puerta de Almod\u00f3var, Pintor L\u00f3pez Obrero, Dr. Fleming, Campo Santo de los M\u00e1rtires, CARRERA OFICIAL (20:56 \u2013 21:26 horas), Patio de los Naranjos, Puerta de Santa Catalina, Magistral Gonz\u00e1lez Franc\u00e9s, Cardenal Gonz\u00e1lez, Cruz del Rastro, San Fernando, Diario C\u00f3rdoba, Capitulares, Alfonso XIII, Carbonell y Morand, Plaza Cardenal Toledo, Ram\u00edrez Casas Deza, Torres Cabrera, Capuchinos, entrada (00:20 h)<\/p>\n<p><img decoding=\"async\" loading=\"lazy\" src=\"https:\/\/www.europesays.com\/es\/wp-content\/uploads\/2025\/10\/oracion-huerto-cordoba-klsF--170x245@diario_abc.jpg\" class=\"voc-img\" width=\"170\" height=\"245\" alt=\"Imagen principal - Oraci\u00f3n en el Huerto\"\/><\/p>\n<p class=\"voc-p\">Salida (18:20 h), Comp\u00e1s de San Francisco, San Fernando, Diario C\u00f3rdoba, Claudio Marcelo, Plaza de las Tendillas, Gondomar, San Felipe, Ram\u00f3n y Cajal, Tesoro, Lope de Hoces, Puerta Almod\u00f3var, Pintor L\u00f3pez Obrero, Dr. Fleming, Campo Santo de los M\u00e1rtires, CARRERA OFICIAL (21:08 \u2013 21:38 horas), Patio de los Naranjos, Puerta de Santa Catalina, Magistral Gonz\u00e1lez Franc\u00e9s, Cardenal Gonz\u00e1lez, Cruz del Rastro, San Fernando, Comp\u00e1s de San Francisco, entrada (23:20 h)<\/p>\n<p><img decoding=\"async\" loading=\"lazy\" src=\"https:\/\/www.europesays.com\/es\/wp-content\/uploads\/2025\/10\/prendimiento-cordoba-klsF--170x245@diario_abc.jpg\" class=\"voc-img\" width=\"170\" height=\"245\" alt=\"Imagen principal - Prendimiento\"\/><\/p>\n<p class=\"voc-p\">Salida (18:00 h), Santo Domingo Savio, Mar\u00eda Auxiliadora, Plaza de San Lorenzo, Arroyo de San Lorenzo, Plaza Jes\u00fas del Prendimiento, Ronda de And\u00fajar, Puerta Nueva, Alfonso XII, Don Rodrigo, Lineros, Lucano, Cruz del Rastro, Ronda de Isasa, Triunfo, Santa Teresa de Jornet, CARRERA OFICIAL (21:15 \u2013 21:45 horas)<\/p>\n<p><img decoding=\"async\" loading=\"lazy\" src=\"https:\/\/www.europesays.com\/es\/wp-content\/uploads\/2025\/10\/perdon-cordoba-klsF--170x245@diario_abc.jpg\" class=\"voc-img\" width=\"170\" height=\"245\" alt=\"Imagen principal - El Perd\u00f3n\"\/><\/p>\n<p class=\"voc-p\">Salida (19:30 h), Buen Pastor, Valladares, Tesoro, Lope de Hoces, Puerta Almod\u00f3var, Pintor L\u00f3pez Obrero, Dr. Flemning, Campo Santo de los M\u00e1rtires, CARRERA OFICIAL (21:22 \u2013 21:52 horas)<\/p>\n<p><img decoding=\"async\" loading=\"lazy\" src=\"https:\/\/www.europesays.com\/es\/wp-content\/uploads\/2025\/10\/redencion-cordoba-klsF--170x245@diario_abc.jpg\" class=\"voc-img\" width=\"170\" height=\"245\" alt=\"Imagen principal - Redenci\u00f3n\"\/><\/p>\n<p class=\"voc-p\">Salida (17:30 horas), Joaqu\u00edn Sama Naharro, Goya, Sebasti\u00e1n de Belalc\u00e1zar, Do\u00f1a Berenguela, Anastasio Rela\u00f1o, Rafael de la Hoz Arderius, Las Margaritas, Jardines Agricultura, Alonso de Burgos, Plaza de Aladreros, Antonio Fern\u00e1ndez Grilo, Concepci\u00f3n, San Felipe, Ram\u00f3n y Cajal, Tesoro, Lope de Hoces, Puerta de Almod\u00f3var, Pintor L\u00f3pez Obrero, Dr. Fleming, Campo Santo de los M\u00e1rtires, CARRERA OFICIAL (21:29 \u2013 21:59 horas)<\/p>\n<p><img decoding=\"async\" loading=\"lazy\" src=\"https:\/\/www.europesays.com\/es\/wp-content\/uploads\/2025\/10\/sentencia-cordoba-klsF--170x245@diario_abc.jpg\" class=\"voc-img\" width=\"170\" height=\"245\" alt=\"Imagen principal - Sentencia\"\/><\/p>\n<p class=\"voc-p\">Salida (19:00 h), Pasaje Saravia, Barroso, \u00c1ngel Saavedra, Santa Victoria, Conde de C\u00e1rdenas, Mar\u00eda Cristina, Claudio Marcelo, San Fernando, Cruz del Rastro, Ronda de Isasa, Santa Teresa de Jornet, CARRERA OFICIAL (21:36 \u2013 22:06 horas), Patio de los Naranjos, Magistral Gonz\u00e1lez Franc\u00e9s, Corregidor Luis de la Cerda, Ronda de Isasa, Santa Teresa Jornet, Campo Santo de los M\u00e1rtires, Dr. Fleming, Puerta de Almod\u00f3var, Lope de Hoces, Tesoro, Valladares, Leopoldo de Austria, Barroso, Pasaje Saravia, entrada (00:50 horas)<\/p>\n<p><img decoding=\"async\" loading=\"lazy\" src=\"https:\/\/www.europesays.com\/es\/wp-content\/uploads\/2025\/10\/columna-lucena-klsF--170x245@diario_abc.jpg\" class=\"voc-img\" width=\"170\" height=\"245\" alt=\"Imagen principal - Columna\"\/><\/p>\n<p class=\"voc-p\">Salida (17:00 h), Comp\u00e1s de San Francisco, Huerto San Pedro El Real, Maese Luis, Fernando Col\u00f3n, Tundidores, Rodr\u00edguez Mar\u00edn, Capitulares, Alfonso XIII, Diego de Le\u00f3n, Plaza de las Tendillas, Gondomar, San Felipe, Ram\u00f3n y Cajal, Tesoro, Lope de Hoces, Puerta de Almod\u00f3var, Pintor L\u00f3pez Obrero, Dr. Fleming, Campo Santo de los M\u00e1rtires, CARRERA OFICIAL (21:43 \u2013 22:13 horas)<\/p>\n<p><img decoding=\"async\" loading=\"lazy\" src=\"https:\/\/www.europesays.com\/es\/wp-content\/uploads\/2025\/10\/coronacion-espinas-fernan-nunez-klsF--170x245@diario_abc.jpg\" class=\"voc-img\" width=\"170\" height=\"245\" alt=\"Imagen principal - Coronaci\u00f3n de Espinas\"\/><\/p>\n<p class=\"voc-p\">Salida (18:00 h), San Pedro, Escultor Juan de Mesa, Plaza de la Almagra, Plaza del Socorro, Arco Bajo, Plaza de la Corredera, Arco Alto, Rodr\u00edguez Mar\u00edn, Claudio Marcelo, Plaza de las Tendillas, Gondomar, San Felipe, Ram\u00f3n y Cajal, Tesoro, Lope de Hoces, Puerta de Almod\u00f3var, Pintor L\u00f3pez Obrero, Dr. Fleming, Campo Santo de los M\u00e1rtires, CARRERA OFICIAL (21:50 \u2013 22:20 horas)<\/p>\n<p><img decoding=\"async\" loading=\"lazy\" src=\"https:\/\/www.europesays.com\/es\/wp-content\/uploads\/2025\/10\/jesus-nazareno-cordoba-kHYC--170x245@diario_abc.jpg\" class=\"voc-img\" width=\"170\" height=\"245\" alt=\"Imagen principal - Jes\u00fas Nazareno\"\/><\/p>\n<p class=\"voc-p\">Salida (18:30 h), Jes\u00fas Nazareno, Yerbabuena, Buen Suceso, Hermanos L\u00f3pez Di\u00e9guez, San Andr\u00e9s, Fern\u00e1n P\u00e9rez de Oliva, Guti\u00e9rrez de los R\u00edos, Plaza de la Almagra, Escultor Juan de Mesa, San Pedro, Don Rodrigo, Lineros, Lucano, Cruz del Rastro, Ronda de Isasa, Triunfo, Santa Teresa de Jornet, CARRERA OFICIAL (21:57 \u2013 22:27 horas)<\/p>\n<p><img decoding=\"async\" loading=\"lazy\" src=\"https:\/\/www.europesays.com\/es\/wp-content\/uploads\/2025\/10\/jesus-caido-aguilar-frontera-kHYC--170x245@diario_abc.jpg\" class=\"voc-img\" width=\"170\" height=\"245\" alt=\"Imagen principal - Jes\u00fas Ca\u00eddo\"\/><\/p>\n<p class=\"voc-p\">Salida (19:10 h), Comp\u00e1s de San Francisco, San Fernando, Diario C\u00f3rdoba, Claudio Marcelo, Plaza de las Tendillas, Gondomar, San Felipe, Ram\u00f3n y Cajal, Tesoro, Lope de Hoces, Puerta Almod\u00f3var, Pintor L\u00f3pez Obrero, Dr. Fleming, Campo Santo de los M\u00e1rtires, CARRERA OFICIAL (22:04 \u2013 22:34 horas)<\/p>\n<p><img decoding=\"async\" loading=\"lazy\" src=\"https:\/\/www.europesays.com\/es\/wp-content\/uploads\/2025\/10\/buen-suceso-cordoba-kHYC--170x245@diario_abc.jpg\" class=\"voc-img\" width=\"170\" height=\"245\" alt=\"Imagen principal - Buen Suceso\"\/><\/p>\n<p class=\"voc-p\">Salida (19:00 h), San Andr\u00e9s, Realejo, Mu\u00f1ices, Plaza de la Magdalena, Ronda de And\u00fajar, Puerta Nueva, Alfonso XII, Don Rodrigo, Lineros, Lucano, Cruz del Rastro, Ronda de Isasa, Triunfo, Santa Teresa de Jornet, CARRERA OFICIAL (22:11 \u2013 22:41 horas)<\/p>\n<p><img decoding=\"async\" loading=\"lazy\" src=\"https:\/\/www.europesays.com\/es\/wp-content\/uploads\/2025\/10\/expiracion-rambla-kHYC--170x245@diario_abc.jpg\" class=\"voc-img\" width=\"170\" height=\"245\" alt=\"Imagen principal - La Expiraci\u00f3n\"\/><\/p>\n<p class=\"voc-p\">Salida (18:00 h), San Agust\u00edn, Rejas de Don Gome, Mu\u00f1oz Capilla, Arroyo de San Andr\u00e9s, Hermanos L\u00f3pez Di\u00e9guez, San Andr\u00e9s, San Pablo, Alfonso XIII, Diego de Le\u00f3n, Plaza de las Tendillas, Jes\u00fas y Mar\u00eda, \u00c1ngel de Saavedra, San Juan, Plaza de Pineda, Tesoro, Lope de Hoces, Puerta de Almod\u00f3var, Pintor L\u00f3pez Obrero, Dr. Fleming, Campo Santo de los M\u00e1rtires, CARRERA OFICIAL (22:18 \u2013 22:48 horas)<\/p>\n<p><img decoding=\"async\" loading=\"lazy\" src=\"https:\/\/www.europesays.com\/es\/wp-content\/uploads\/2025\/10\/conversion-buen-ladron-cordoba-kHYC--170x245@diario_abc.jpg\" class=\"voc-img\" width=\"170\" height=\"245\" alt=\"Imagen principal - Conversi\u00f3n del Buen Ladr\u00f3n\"\/><\/p>\n<p class=\"voc-p\">Salida (18:40 h), Avenida de la F\u00e1brica, Plaza de Electromec\u00e1nicas, Carretera Palma del R\u00edo, Manuel Fuentes Bocanegra, Avenida de Guerrita, Gran V\u00eda Parque, La Previsi\u00f3n, Alcalde Velasco Navarro, Avenida del Aeropuerto, Avenida Vallellano, Dr. Fleming, Campo Santo de los M\u00e1rtires, CARRERA OFICIAL (22:25 \u2013 22:55 horas)<\/p>\n<p><img decoding=\"async\" loading=\"lazy\" src=\"https:\/\/www.europesays.com\/es\/wp-content\/uploads\/2025\/10\/penas-cordoba-kHYC--170x245@diario_abc.jpg\" class=\"voc-img\" width=\"170\" height=\"245\" alt=\"Imagen principal - Las Penas\"\/><\/p>\n<p class=\"voc-p\">Salida (20:20 h), Agust\u00edn Moreno, Plaza del Sant\u00edsimo Cristo de las Penas, Don Rodrigo, Lineros, Lucano, Cruz del Rastro, Ronda de Isasa, Triunfo, Santa Teresa de Jornet, CARRERA OFICIAL (22:32 \u2013 23:02 horas)<\/p>\n<p><img decoding=\"async\" loading=\"lazy\" src=\"https:\/\/www.europesays.com\/es\/wp-content\/uploads\/2025\/10\/remedios-animas-cordoba-kHYC--170x245@diario_abc.jpg\" class=\"voc-img\" width=\"170\" height=\"245\" alt=\"Imagen principal - \u00c1nimas\"\/><\/p>\n<p class=\"voc-p\">Salida (20:00 h), San Lorenzo, Arroyo de San Lorenzo, Ronda de And\u00fajar, Puerta Nueva, Alfonso XII, Don Rodrigo, Lineros, Lucano, Cruz del Rastro, Ronda de Isasa, Triunfo, Santa Teresa de Jornet, CARRERA OFICIAL (22:39 \u2013 23:09 horas)<\/p>\n<p><img decoding=\"async\" loading=\"lazy\" src=\"https:\/\/www.europesays.com\/es\/wp-content\/uploads\/2025\/10\/sepulcro-carpio-kHYC--170x245@diario_abc.jpg\" class=\"voc-img\" width=\"170\" height=\"245\" alt=\"Imagen principal - El Spulcro\"\/><\/p>\n<p class=\"voc-p\">Salida (19:30 h), San Pedro, Escultor Juan de Mesa, Plaza de la Almagra, Plaza del Socorro, Arco Bajo, Plaza de la Corredera, Arco Alto, Tundidores, Fernando Col\u00f3n, Maese Luis, Huerto San Pedro El Real, Comp\u00e1s de San Francisco, San Fernando, Cruz del Rastro, Ronda de Isasa, Triunfo, Santa Teresa de Jornet, CARRERA OFICIAL (22:46 \u2013 23:16 horas)<\/p>\n<p><img decoding=\"async\" loading=\"lazy\" src=\"https:\/\/www.europesays.com\/es\/wp-content\/uploads\/2025\/10\/dolores-cordoba-kHYC--170x245@diario_abc.jpg\" class=\"voc-img\" width=\"170\" height=\"245\" alt=\"Imagen principal - Los Dolores\"\/><\/p>\n<p class=\"voc-p\">Salida (20:10 h), Plaza de Capuchinos, Conde Torres Cabrera, San Miguel, San \u00c1lvaro, Plaza de las Tendillas, Gondomar, San Felipe, Ram\u00f3n y Cajal, Tesoro, Lope de Hoces, Puerta Almod\u00f3var, Pintor L\u00f3pez Obrero, Dr. Fleming, Campo Santo de los M\u00e1rtires, CARRERA OFICIAL (22:53 \u2013 23:23 horas), Patio de los Naranjos, Puerta de Santa Catalina (23:40 h), Cardenal Herrero, Juder\u00eda, Deanes, Plaza Agrupaci\u00f3n Cofrad\u00edas, Blanco Belmonte, Jes\u00fas y Mar\u00eda, Plaza de las Tendillas, San \u00c1lvaro, San Miguel, Conde Torres Cabrera, Plaza de Capuchinos, entrada (01:50 h)<\/p>\n<p><img decoding=\"async\" loading=\"lazy\" src=\"https:\/\/www.europesays.com\/es\/wp-content\/uploads\/2025\/10\/resucitado-cordoba-kHYC--170x245@diario_abc.jpg\" class=\"voc-img\" width=\"170\" height=\"245\" alt=\"Imagen principal - El Resucitado\"\/><\/p>\n<p class=\"voc-p\">Salida (19:40 h), Santa Marina, Conde de Priego, Pasaje de la Estrella, Puerta del Rinc\u00f3n, Alfaros, Alfonso XIII, Diego de Le\u00f3n, Plaza de las Tendillas, Gondomar, San Felipe, Ram\u00f3n y Cajal, Tesoro, Lope de Hoces, Puerta Almod\u00f3var, Pintor L\u00f3pez Obrero, Dr. Fleming, Campo Santo de los M\u00e1rtires, CARRERA OFICIAL (23:00 \u2013 23:30 horas)<\/p>\n<p class=\"voc-p\" style=\"\">Las 34 im\u00e1genes participantes del V\u00eda Crucis Magno de C\u00f3rdoba recorrer\u00e1n una Carrera Oficial. Este <strong>itinerario com\u00fan<\/strong> comenzar\u00e1 junto al Alc\u00e1zar de los Reyes Cristianos, punto al que llegar\u00e1n las hermandades desde la Avenida Dr. Fleming y el Pasaje Santa Teresa Jornet. Esta Carrera Oficial, que transita por el Patio de los Naranjos de la Mezquita-Catedral de C\u00f3rdoba, finaliza con la salida de los diferentes cortejos por la Puerta de Santa Catalina, com\u00fanmente llamada de las Cofrad\u00edas, en la calle Magistral Gonz\u00e1lez Franc\u00e9s.<\/p>\n<p class=\"voc-p\" style=\"\">El <a href=\"https:\/\/www.abc.es\/espana\/andalucia\/cordoba\/semana-santa\/semilla-via-crucis-magno-demas-beato-alvaro-20251007202047-nts.html\" title=\"www.abc.es\" data-voc-vtm-id=\"in-text-traffic\" data-mrf-link=\"www.abc.es\" rel=\"nofollow noopener\" target=\"_blank\">Cristo de San \u00c1lvaro<\/a> presidir\u00e1 un altar en la confluencia entre Amador de los R\u00edos y Torrijos. A este punto llegar\u00e1 a las 18:00 horas. Tan solo media hora despu\u00e9s, a las 18:30 horas, comenzar\u00e1n a transitar las <strong>cofrad\u00edas que recorrer\u00e1n la Carrera Oficial al completo<\/strong>. La primera en hacerlo ser\u00e1 el Cristo de las Aguas, de Palma del R\u00edo. Cerrar\u00e1 la Carrera Oficial a las 23:00 horas el Resucitado de C\u00f3rdoba, si bien saldr\u00e1 por la Puerta de las Cofrad\u00edas a las 23:25 horas.<\/p>\n<ul class=\"oc-d-c-list__list\">\n<li class=\"voc-d-c-list__item\">\n<p class=\"voc-d-c-list__paragraph\">18:00 horas. Cristo de San \u00c1lvaro, que presidir\u00e1 el altar<\/p>\n<\/li>\n<li class=\"voc-d-c-list__item\">\n<p class=\"voc-d-c-list__paragraph\">18:30 horas. Cristo de las Aguas (Palma del R\u00edo)<\/p>\n<\/li>\n<li class=\"voc-d-c-list__item\">\n<p class=\"voc-d-c-list__paragraph\">18:37 horas. Cristo de la Caridad (Pozoblanco)<\/p>\n<\/li>\n<li class=\"voc-d-c-list__item\">\n<p class=\"voc-d-c-list__paragraph\">18:44 horas. Nuestro Padre Jes\u00fas del Calvario (C\u00f3rdoba)<\/p>\n<\/li>\n<li class=\"voc-d-c-list__item\">\n<p class=\"voc-d-c-list__paragraph\">18:51 horas. Nuestro Padre Jes\u00fas de la Fe en su Sagrada Cena (C\u00f3rdoba)<\/p>\n<\/li>\n<li class=\"voc-d-c-list__item\">\n<p class=\"voc-d-c-list__paragraph\">18:58 horas. Nuestra Se\u00f1ora de las Angustias (C\u00f3rdoba)<\/p>\n<\/li>\n<li class=\"voc-d-c-list__item\">\n<p class=\"voc-d-c-list__paragraph\">19:10 horas. Nuestro Padre Jes\u00fas de la Oraci\u00f3n en el Huerto (Cabra)<\/p>\n<\/li>\n<li class=\"voc-d-c-list__item\">\n<p class=\"voc-d-c-list__paragraph\">19:20 horas. Nuestro Padre Jes\u00fas Nazareno Rescatado (C\u00f3rdoba)<\/p>\n<\/li>\n<li class=\"voc-d-c-list__item\">\n<p class=\"voc-d-c-list__paragraph\">19:30 horas. Nuestro Padre Jes\u00fas en la Columna (Priego de C\u00f3rdoba)<\/p>\n<\/li>\n<li class=\"voc-d-c-list__item\">\n<p class=\"voc-d-c-list__paragraph\">19:40 horas. Nuestro Padre Jes\u00fas en su Coronaci\u00f3n de Espinas (C\u00f3rdoba)<\/p>\n<\/li>\n<li class=\"voc-d-c-list__item\">\n<p class=\"voc-d-c-list__paragraph\">19:50 horas. Nuestro Padre Jes\u00fas de los Afligidos (Puente Genil)<\/p>\n<\/li>\n<li class=\"voc-d-c-list__item\">\n<p class=\"voc-d-c-list__paragraph\">20:00 horas. Nuestro Padre Jes\u00fas de la Pasi\u00f3n (C\u00f3rdoba)<\/p>\n<\/li>\n<li class=\"voc-d-c-list__item\">\n<p class=\"voc-d-c-list__paragraph\">20:10 horas. Sant\u00edsimo Cristo Zacatecas (Montilla)<\/p>\n<\/li>\n<li class=\"voc-d-c-list__item\">\n<p class=\"voc-d-c-list__paragraph\">20:20 horas. Nuestra Se\u00f1ora de las Angustias (Montoro)<\/p>\n<\/li>\n<li class=\"voc-d-c-list__item\">\n<p class=\"voc-d-c-list__paragraph\">20:35 horas. Mar\u00eda Sant\u00edsima de la O (C\u00f3rdoba)<\/p>\n<\/li>\n<li class=\"voc-d-c-list__item\">\n<p class=\"voc-d-c-list__paragraph\">20:42 horas. Mar\u00eda Sant\u00edsima de la Esperanza del Valle (C\u00f3rdoba)<\/p>\n<\/li>\n<li class=\"voc-d-c-list__item\">\n<p class=\"voc-d-c-list__paragraph\">20:49 horas. Mar\u00eda Sant\u00edsima de la Esperanza (C\u00f3rdoba)<\/p>\n<\/li>\n<li class=\"voc-d-c-list__item\">\n<p class=\"voc-d-c-list__paragraph\">20:56 horas. Mar\u00eda Sant\u00edsima de la Paz y Esperanza (C\u00f3rdoba)<\/p>\n<\/li>\n<li class=\"voc-d-c-list__item\">\n<p class=\"voc-d-c-list__paragraph\">21:08 horas. Nuestro Padre Jes\u00fas de la Oraci\u00f3n en Huerto (C\u00f3rdoba)<\/p>\n<\/li>\n<li class=\"voc-d-c-list__item\">\n<p class=\"voc-d-c-list__paragraph\">21:15 horas. Nuestro Padre Jes\u00fas en su Prendimiento (C\u00f3rdoba)<\/p>\n<\/li>\n<li class=\"voc-d-c-list__item\">\n<p class=\"voc-d-c-list__paragraph\">21:22 horas. Nuestro Padre Jes\u00fas del Perd\u00f3n (C\u00f3rdoba)<\/p>\n<\/li>\n<li class=\"voc-d-c-list__item\">\n<p class=\"voc-d-c-list__paragraph\">21:29 horas. Nuestro Padre Jes\u00fas de la Redenci\u00f3n (C\u00f3rdoba)<\/p>\n<\/li>\n<li class=\"voc-d-c-list__item\">\n<p class=\"voc-d-c-list__paragraph\">21:36 horas. Nuestro Padre Jes\u00fas de la Sentencia (C\u00f3rdoba)<\/p>\n<\/li>\n<li class=\"voc-d-c-list__item\">\n<p class=\"voc-d-c-list__paragraph\">21:43 horas. Nuestro Padre Jes\u00fas de la Columna (Lucena)<\/p>\n<\/li>\n<li class=\"voc-d-c-list__item\">\n<p class=\"voc-d-c-list__paragraph\">21:50 horas. Nuestro Padre Jes\u00fas en su Coronaci\u00f3n de Espinas (Fern\u00e1n N\u00fa\u00f1ez)<\/p>\n<\/li>\n<li class=\"voc-d-c-list__item\">\n<p class=\"voc-d-c-list__paragraph\">21:57 horas. Nuestro Padre Jes\u00fas Nazareno (C\u00f3rdoba)<\/p>\n<\/li>\n<li class=\"voc-d-c-list__item\">\n<p class=\"voc-d-c-list__paragraph\">22:04 horas. Nuestro Padre Jes\u00fas Ca\u00eddo (Aguilar de la Frontera)<\/p>\n<\/li>\n<li class=\"voc-d-c-list__item\">\n<p class=\"voc-d-c-list__paragraph\">22:11 horas. Nuestro Padre Jes\u00fas del Buen Suceso (C\u00f3rdoba)<\/p>\n<\/li>\n<li class=\"voc-d-c-list__item\">\n<p class=\"voc-d-c-list__paragraph\">22:18 horas. Sant\u00edsimo Cristo de la Expiraci\u00f3n (La Rambla)<\/p>\n<\/li>\n<li class=\"voc-d-c-list__item\">\n<p class=\"voc-d-c-list__paragraph\">22:25 horas. Sant\u00edsimo Cristo de la Oraci\u00f3n y la Caridad (C\u00f3rdoba)<\/p>\n<\/li>\n<li class=\"voc-d-c-list__item\">\n<p class=\"voc-d-c-list__paragraph\">22:32 horas. Sant\u00edsimo Cristo de las Penas (C\u00f3rdoba)<\/p>\n<\/li>\n<li class=\"voc-d-c-list__item\">\n<p class=\"voc-d-c-list__paragraph\">22:39 horas. Sant\u00edsimo Cristo del Remedio de \u00c1nimas (C\u00f3rdoba)<\/p>\n<\/li>\n<li class=\"voc-d-c-list__item\">\n<p class=\"voc-d-c-list__paragraph\">22:46 horas. Nuestro Se\u00f1or Jesucristo del Santo Sepulcro (El Carpio)<\/p>\n<\/li>\n<li class=\"voc-d-c-list__item\">\n<p class=\"voc-d-c-list__paragraph\">22:53 horas. Nuestra Se\u00f1ora de los Dolores (C\u00f3rdoba)<\/p>\n<\/li>\n<li class=\"voc-d-c-list__item\">\n<p class=\"voc-d-c-list__paragraph\">23:00 horas. Nuestro Se\u00f1or Resucitado (C\u00f3rdoba)<\/p>\n<\/li>\n<\/ul>\n<p class=\"voc-p\" style=\"\">Uno de los aspectos m\u00e1s destacables del V\u00eda Crucis Magno de C\u00f3rdoba es el de la m\u00fasica. La ciudad vivir\u00e1 <strong>el mayor despliegue musical de su historia<\/strong> en esta jornada sin precedentes para las cofrad\u00edas cordobesas. M\u00e1s de una treintena de bandas se dar\u00e1n cita en este acontecimiento.<\/p>\n<p class=\"voc-p\" style=\"\">Buena parte de estas formaciones musicales son de la provincia de C\u00f3rdoba. Cabe destacar la presencia de bandas como la Agrupaci\u00f3n Musical Sagrada Cena, la banda de cornetas y tambores de la Salud o la banda de m\u00fasica Tubamirum, de Ca\u00f1ete de las Torres. Sin embargo, tambi\u00e9n acudir\u00e1n hasta la capital cordobesa otras formaciones de amplia trayectoria en el mundo cofrade, como la sevillana <strong>banda de las Tres Ca\u00eddas de Triana<\/strong> o la <strong>Agrupaci\u00f3n Musical &#8216;Santa Mar\u00eda Magdalena&#8217;<\/strong>, de Arahal.<\/p>\n<p>\n\u00bfCu\u00e1ndo vuelven las hermandades?\n<\/p>\n<p class=\"voc-p\" style=\"\">Tras la celebraci\u00f3n del V\u00eda Crucis Magno de C\u00f3rdoba, no todas las im\u00e1genes regresar\u00e1n a sus templos el mismo d\u00eda. Apenas una decena completar\u00e1 ida y vuelta el pr\u00f3ximo 11 de octubre. Una buena parte de las hermandades participantes han optado por volver <strong>entre los d\u00edas 13, 17 y 18 de octubre<\/strong>.<\/p>\n<ul class=\"oc-d-c-list__list\">\n<li class=\"voc-d-c-list__item\">\n<p class=\"voc-d-c-list__paragraph\">11 de octubre. Calvario, Pasi\u00f3n, La O, Esperanza, Paz y Esperanza, Oraci\u00f3n en el Huerto, Sentencia y Los Dolores<\/p>\n<\/li>\n<li class=\"voc-d-c-list__item\">\n<p class=\"voc-d-c-list__paragraph\">13 de octubre. Sagrada Cena y Esperanza del Valle<\/p>\n<\/li>\n<li class=\"voc-d-c-list__item\">\n<p class=\"voc-d-c-list__paragraph\">17 de octubre. \u00c1nimas<\/p>\n<\/li>\n<li class=\"voc-d-c-list__item\">\n<p class=\"voc-d-c-list__paragraph\">18 de octubre. Angustias, Oraci\u00f3n en el Huerto (Cabra), Rescatado, Coronaci\u00f3n de Espinas, Prendimiento, Perd\u00f3n, Redenci\u00f3n, Nazareno, Buen Suceso, Oraci\u00f3n y Caridad, Penas y Resucitado.<\/p>\n<\/li>\n<\/ul>\n<p class=\"voc-p\" style=\"\">El resto de im\u00e1genes, que son fundamentalmente las de la provincia, no contar\u00e1 con un regreso en procesi\u00f3n.<\/p>\n","protected":false},"excerpt":{"rendered":"C\u00f3rdoba se prepara para vivir un d\u00eda hist\u00f3rico. El pr\u00f3ximo 11 de octubre, m\u00e1s de una treintena de&hellip;\n","protected":false},"author":2,"featured_media":164352,"comment_status":"","ping_status":"","sticky":false,"template":"","format":"standard","meta":{"footnotes":""},"categories":[5],"tags":[45,17,18,2760,48456,28249,25,24,13,14,4070,11,4074,1641,1667,19,20,48457,9,10,15,16,48458,31927,10005,23,12,21,22,3252],"class_list":{"0":"post-164351","1":"post","2":"type-post","3":"status-publish","4":"format-standard","5":"has-post-thumbnail","7":"category-titulares","8":"tag-45","9":"tag-breaking-news","10":"tag-breakingnews","11":"tag-cordoba","12":"tag-crucis","13":"tag-debes","14":"tag-es","15":"tag-espana","16":"tag-featured-news","17":"tag-featurednews","18":"tag-guia","19":"tag-headlines","20":"tag-horarios","21":"tag-imagenes","22":"tag-informacion","23":"tag-latest-news","24":"tag-latestnews","25":"tag-magno","26":"tag-news","27":"tag-noticias","28":"tag-noticias-destacadas","29":"tag-noticiasdestacadas","30":"tag-procesionan","31":"tag-recorridos","32":"tag-saber","33":"tag-spain","34":"tag-titulares","35":"tag-ultimas-noticias","36":"tag-ultimasnoticias","37":"tag-via"},"share_on_mastodon":{"url":"","error":""},"_links":{"self":[{"href":"https:\/\/www.europesays.com\/es\/wp-json\/wp\/v2\/posts\/164351","targetHints":{"allow":["GET"]}}],"collection":[{"href":"https:\/\/www.europesays.com\/es\/wp-json\/wp\/v2\/posts"}],"about":[{"href":"https:\/\/www.europesays.com\/es\/wp-json\/wp\/v2\/types\/post"}],"author":[{"embeddable":true,"href":"https:\/\/www.europesays.com\/es\/wp-json\/wp\/v2\/users\/2"}],"replies":[{"embeddable":true,"href":"https:\/\/www.europesays.com\/es\/wp-json\/wp\/v2\/comments?post=164351"}],"version-history":[{"count":0,"href":"https:\/\/www.europesays.com\/es\/wp-json\/wp\/v2\/posts\/164351\/revisions"}],"wp:featuredmedia":[{"embeddable":true,"href":"https:\/\/www.europesays.com\/es\/wp-json\/wp\/v2\/media\/164352"}],"wp:attachment":[{"href":"https:\/\/www.europesays.com\/es\/wp-json\/wp\/v2\/media?parent=164351"}],"wp:term":[{"taxonomy":"category","embeddable":true,"href":"https:\/\/www.europesays.com\/es\/wp-json\/wp\/v2\/categories?post=164351"},{"taxonomy":"post_tag","embeddable":true,"href":"https:\/\/www.europesays.com\/es\/wp-json\/wp\/v2\/tags?post=164351"}],"curies":[{"name":"wp","href":"https:\/\/api.w.org\/{rel}","templated":true}]}}