{"id":164357,"date":"2025-10-09T05:02:07","date_gmt":"2025-10-09T05:02:07","guid":{"rendered":"https:\/\/www.europesays.com\/es\/164357\/"},"modified":"2025-10-09T05:02:07","modified_gmt":"2025-10-09T05:02:07","slug":"disfruto-llevando-a-mis-hijos-al-colegio-viendoles-crecer-y-con-la-vida-que-hemos-construido-en-doha","status":"publish","type":"post","link":"https:\/\/www.europesays.com\/es\/164357\/","title":{"rendered":"Disfruto llevando a mis hijos al colegio, vi\u00e9ndoles crecer y con la vida que hemos construido en Doha"},"content":{"rendered":"\n<p> \u201c\u00bfEsto es real o estoy dentro de una pel\u00edcula de Steven Spielberg?\u201d, se preguntaba <strong>Fernando Verdasco<\/strong> aquella noche de enero de 2009, despu\u00e9s de haber convertido <strong>una semifinal del Abierto de Australia<\/strong> en una epopeya deportiva<a href=\"https:\/\/www.vanitatis.elconfidencial.com\/famosos\/2025-07-05\/rafa-nadal-personaje-mas-querido-conocido-espanoles_4165946\/\" target=\"_self\" rel=\"nofollow noopener\"> frente a Rafael Nadal. <\/a>En el deporte profesional, lo que permanece oculto es la liturgia del sacrificio \u2014horas infinitas de entrenamiento, rutinas silenciosas, viajes sin descanso\u2014, mientras que lo visible es la fachada deslumbrante: recepciones con actores y m\u00fasicos, paseos por Los \u00c1ngeles, Miami o Nueva York, ciudades en las que la mirada p\u00fablica se posa como un reflector implacable. <\/p>\n<p> Ese a\u00f1o, <strong>Verdasco ocupaba el centro de todas las miradas<\/strong>. Hab\u00eda jugado por primera y<strong> \u00fanica vez el Masters de Londres<\/strong>, <strong>hab\u00eda terminado la temporada como n\u00famero siete del mundo<\/strong> y, <a href=\"https:\/\/www.vanitatis.elconfidencial.com\/estilo\/moda\/2025-07-02\/carlos-galluzo-entrevista-silbon-marca-moda_4163130\/\" target=\"_self\" rel=\"nofollow noopener\">casi en paralelo, nac\u00eda Silbon,<\/a> una firma que apenas insinuaba entonces el recorrido que hoy conocemos. <\/p>\n<p class=\"bodyObject bodyBlockquote\">\u00ab2009 fue el a\u00f1o m\u00e1s importante de mi carrera deportiva\u00bb<\/p>\n<p>             Fernando Verdasco luciendo uno de los dise\u00f1os de su colecci\u00f3n Iconic Sneakers Top 09 para Silbon (Silbon)             <\/p>\n<p> Diecis\u00e9is a\u00f1os despu\u00e9s, ambos caminos se cruzan. <a href=\"https:\/\/www.vanitatis.elconfidencial.com\/amp\/estilo\/moda\/2025-10-06\/luis-enrique-sira-martinez-fernando-verdasco-silbon_4222904\/\" target=\"_self\" rel=\"nofollow noopener\">Verdasco y Silbon<\/a> no se limitan a una colaboraci\u00f3n pasajera, sino que traman un relato compartido: <strong>el de una colecci\u00f3n de zapatillas que no es mero dise\u00f1o, sino la traducci\u00f3n tangible de una biograf\u00eda<\/strong>. \u201cLlevo menos de cuarenta y ocho horas<a href=\"https:\/\/www.vanitatis.elconfidencial.com\/famosos\/2021-02-25\/fernando-verdasco-ana-boyer-hijos-vida-catar_2967396\/\" target=\"_self\" rel=\"nofollow noopener\"> lejos de mis tres hijos en Doha<\/a> y ya los echo de menos\u201d, confiesa el madrile\u00f1o<strong> al abrirnos la puerta de la tienda de Silbon en la calle Serrano 27<\/strong>. Su declaraci\u00f3n desplaza de inmediato la conversaci\u00f3n hacia lo que ha sido siempre el eje de su vida:<a href=\"https:\/\/www.vanitatis.elconfidencial.com\/famosos\/2024-04-25\/ana-boyer-hijo-fernando-verdasco-padres-tercer-embarazo_3872505\/\" target=\"_self\" rel=\"nofollow noopener\"> su familia y la que ha formado junto a Ana Boyer y sus hijos.<\/a> <\/p>\n<p>               Dise\u00f1os de la colecci\u00f3n de Fernando Verdasco Iconic Sneakers Top 09 para Silbon (Silbon)             <\/p>\n<p> \u201cEsta colecci\u00f3n se llama<strong> Iconic Sneakers Top 09 <\/strong>porque 2009 fue, sin duda, el a\u00f1o crucial de mi carrera. La coincidencia es que ese mismo a\u00f1o Silbon empezaba a dar sus primeros pasos. <strong>Me involucro en proyectos que tengan un sentido, y este lo tiene<\/strong>\u201d, explica Verdasco. <strong>El tenista no se limit\u00f3 a prestar su imagen: particip\u00f3 en el dise\u00f1o<\/strong>, en los detalles crom\u00e1ticos, en la elecci\u00f3n de materiales. \u201c<strong>Los tonos de la suela evocan la tierra batida de Roland Garros; las leng\u00fcetas azules remiten a Australia y al US Open;<\/strong> y<strong> el acabado exterior recuerda al pelo de las pelotas de tenis, aunque mucho m\u00e1s suave<\/strong>\u201d, a\u00f1ade entre risas. <\/p>\n<p class=\"bodyObject bodyBlockquote\">\u00abSi el \u00e9xito se asume con humildad es algo precioso que compartes con los tuyos\u00bb<\/p>\n<p>             Fernando Verdasco luciendo uno de los dise\u00f1os de su colecci\u00f3n Iconic Sneakers Top 09 para Silbon (Silbon)             <\/p>\n<p> 2009 fue, en efecto, la culminaci\u00f3n de un largo trayecto:<strong> el a\u00f1o en que la constancia acumulada estall\u00f3 en notoriedad mundial.<\/strong> \u201c<strong>La exposici\u00f3n p\u00fablica puede resultar extra\u00f1a, casi irreal<\/strong>. Pero si se asume con humildad, es algo hermoso. He tenido la fortuna de tener siempre a mi familia cerca: mi padre viajaba conmigo, mis hermanas se un\u00edan cuando pod\u00edan, y<a href=\"https:\/\/www.vanitatis.elconfidencial.com\/famosos\/2023-02-14\/ana-verdasco-hermana-estilista-entrevista-influencers_3572967\/\" target=\"_self\" rel=\"nofollow noopener\"> Anita que es la peque\u00f1a<\/a> y la que m\u00e1s diferencia de edad tiene, pasaba semanas conmigo ya en plena etapa profesional\u201d. <\/p>\n<p>               Fernando Verdasco luciendo uno de los dise\u00f1os de su colecci\u00f3n Iconic Sneakers Top 09 para Silbon (Silbon)             <\/p>\n<p> Hoy, ya lejos de la rutina competitiva y con la retirada anunciada este mismo a\u00f1o, Verdasco habita otro territorio:<strong> el de lo dom\u00e9stico<\/strong>, donde el triunfo se mide en rutinas peque\u00f1as y a la vez decisivas. \u201c<strong>Disfruto llevando a mis hijos al colegio, recogi\u00e9ndolos, jugando con ellos<\/strong>\u2026 es un regalo para m\u00ed\u201d, afirma. En sus palabras no hay nostalgia del circuito, sino la afirmaci\u00f3n de un presente en el que la prioridad ha cambiado de lugar. No se trata solo de la familia que lo sostuvo en los aeropuertos y los estadios de medio mundo, sino de la que \u00e9l mismo ha construido y que ahora marca el comp\u00e1s de sus d\u00edas. <\/p>\n<p> Dicha conciencia enlaza con <strong>un debate cultural m\u00e1s amplio<\/strong>. \u201cNo deber\u00edamos preguntar solo a las mujeres por la conciliaci\u00f3n\u201d, recordaba recientemente <a href=\"https:\/\/www.elconfidencial.com\/television\/programas-tv\/2025-05-02\/la-voz-kids-eva-gonzalez-entrevista-padres-ninos-familias_4120159\/\" target=\"_self\" rel=\"nofollow noopener\">Eva Gonz\u00e1lez en El Confidencial<\/a>. <strong>Verdasco, con naturalidad, encarna esa idea<\/strong>: un campe\u00f3n que despu\u00e9s de cientos de partidos y kil\u00f3metros recorridos, encuentra en la vida cotidiana una forma distinta \u2014pero no menor\u2014 de trascendencia. <\/p>\n<p class=\"bodyObject bodyBlockquote\">\u00abEl deporte profesional es tan duro que debe nacer de una ilusi\u00f3n\u00bb<\/p>\n<p>             Fernando Verdasco luciendo uno de los dise\u00f1os de su colecci\u00f3n Iconic Sneakers Top 09 para Silbon (Silbon)             <\/p>\n<p> Fernando <strong>recuerda im\u00e1genes grabadas en cintas antiguas<\/strong>: un ni\u00f1o de apenas cuatro a\u00f1os en la azotea del restaurante de su padre, golpeando pelotas con una raqueta diminuta. \u201cEl deporte profesional es tan duro que solo puede nacer de la ilusi\u00f3n. <strong>De peque\u00f1o no iba al cine, no jugaba en el parque\u2026 yo quer\u00eda entrenar, quer\u00eda torneos. Para m\u00ed el colegio era lo primero y, cuando quedaba tiempo, el tenis<\/strong>\u201d, recuerda y esa experiencia temprana lo lleva hoy a una reflexi\u00f3n distinta: \u201c<strong>Nunca incitar\u00eda a mis hijos a ver el deporte como un camino profesional desde ni\u00f1os<\/strong>. <strong>Para m\u00ed era un juego, no un sacrificio.<\/strong> <strong>Adem\u00e1s, vivir de esto es muy dif\u00edcil: se calcula que apenas 100 tenistas en el mundo lo consiguen<\/strong>. Incluso siendo el 200, no alcanzas a cubrir gastos: viajes, entrenadores, fisioterapeutas\u2026 Solo cuando entras en el Top 100, con acceso a los Grand Slams, la ecuaci\u00f3n comienza a ser sostenible\u201d. <\/p>\n<p class=\"bodyObject bodyBlockquote\">\u00abMe encantar\u00eda poder crear una escuela de tenis en Doha y que mi experiencia ayude a los ni\u00f1os\u00bb<\/p>\n<p>             Fernando Verdasco luciendo uno de los dise\u00f1os de su colecci\u00f3n Iconic Sneakers Top 09 para Silbon (Silbon)             <\/p>\n<p> Tras veinticuatro a\u00f1os de trayectoria, la pregunta inevitable<strong> es qu\u00e9 quiere hacer ahora. <\/strong>\u201c<a href=\"https:\/\/www.vanitatis.elconfidencial.com\/famosos\/2025-07-02\/ana-boyer-fernando-verdasco-espana-viaje-doha-atacada-israel_4164508\/\" target=\"_self\" rel=\"nofollow noopener\">En Doha estamos muy felices<\/a>. Me preguntan mucho si volver\u00eda a entrenar. He estado haci\u00e9ndolo, pero viajar veinte o veinticinco semanas al a\u00f1o con un jugador es inviable teniendo tres hijos. <strong>El tenis es mi vida, lo disfruto<\/strong>, pero ya no me muevo por dinero, solo por cosas que me motiven y con las que me sienta bien. Hoy busco otras ilusiones,<strong> como la que me ha dado crear esta colecci\u00f3n de zapatillas con Silbon<\/strong>\u201d. <\/p>\n<p class=\"bodyObject bodyBlockquote\">\u00abSiempre que vengo me gusta ir a La Ray\u00faa, me encanta la ilusi\u00f3n con la que mi familia trabaja en el restaurante\u00bb<\/p>\n<p>             Fernando Verdasco luciendo uno de los dise\u00f1os de su colecci\u00f3n Iconic Sneakers Top 09 para Silbon (Silbon)             <\/p>\n<p> Entre esas ilusiones <strong>est\u00e1 el proyecto que m\u00e1s le seduce<\/strong>: <strong>levantar una escuela de tenis en Doha<\/strong>. \u201cEn Espa\u00f1a hay lugares <a href=\"https:\/\/www.vanitatis.elconfidencial.com\/famosos\/2022-02-08\/manolo-santana-club-tenis-djokovic-nadal-candidatos_3371057\/\" target=\"_self\" rel=\"nofollow noopener\">magn\u00edficos de preparaci\u00f3n<\/a>.<strong> Siento que all\u00ed falta un espacio que fomente los sue\u00f1os de los ni\u00f1os<\/strong>. Ser\u00eda un privilegio que mi experiencia les sirviera a otros. Sin duda, una de las cosas que m\u00e1s feliz me har\u00eda\u201d. <\/p>\n<p> La conversaci\u00f3n regresa a sus or\u00edgenes.<strong> Aunque la raqueta era su obsesi\u00f3n infantil, el restaurante familiar,<\/strong> La Ray\u00faa, ha sido siempre un segundo escenario vital. <strong>\u201cLa hosteler\u00eda es como el deporte<\/strong>: <strong>algo absolutamente vocacional<\/strong>.<a href=\"https:\/\/www.vanitatis.elconfidencial.com\/famosos\/2018-04-29\/verdasco-cierre-restaurante-rayua-razones-ana-boyer-salud-padres_1555483\/\" target=\"_self\" rel=\"nofollow noopener\"> Veo a mi padre cada ma\u00f1ana<\/a>, yendo al mercado, a la pescader\u00eda, a la carnicer\u00eda, controlando cada detalle. Para eso yo no sirvo. Son \u00e9l y<a href=\"https:\/\/www.vanitatis.elconfidencial.com\/estilo\/ocio\/2024-11-21\/sara-verdasco-entrevista-restaurantes-fernando_4006512\/\" target=\"_self\" rel=\"nofollow noopener\"> mi hermana Sara quienes lo sostienen<\/a>. <strong>Para m\u00ed, La Ray\u00faa forma parte de mi historia<\/strong>. En el de<strong> Tintoreros, en La Latina<\/strong>, no estuve tanto; pero en los de <strong>la calle Luna<\/strong> <strong>y Majadahonda<\/strong> ayud\u00e9 mucho a mi padre. Para m\u00ed no es una opci\u00f3n, mi camino fue el deporte y el suyo el restaurante. Pero cuando vuelvo me encanta estar all\u00ed\u2026 y, adem\u00e1s, <strong>me encanta comer<\/strong>\u201d. <\/p>\n<p class=\"bodyObject bodyBlockquote\">\u00abNunca me han gustado las comparaciones entre deportistas\u00bb<\/p>\n<p>             Dise\u00f1os de la colecci\u00f3n de Fernando Verdasco Iconic Sneakers Top 09 para Silbon (Silbon)             <\/p>\n<p> Llegando al final de la conversaci\u00f3n, entre los contornos geom\u00e9tricos y los matices crom\u00e1ticos de sus zapatillas, surge una reflexi\u00f3n: <strong>si pudiera ponerse en los zapatos de otro compa\u00f1ero, \u00bfqui\u00e9n ser\u00eda? <\/strong>\u201cNo me interesan las comparaciones. <strong>Cada deportista posee su propio lenguaje, su trayectoria singular<\/strong>\u2026\u00bb, sentencia. <\/p>\n<p> Fernando Verdasco es, simplemente, Fernando Verdasco: aquel ni\u00f1o que naci\u00f3 con un sue\u00f1o y lo transform\u00f3 en realidad; la persona que alcanz\u00f3 la notoriedad global sin desprenderse nunca del ancla familiar, el espacio desde el que hoy organiza su vida y al que dedica la mayor parte de su tiempo. Y, sin embargo, la inquietud por explorar nuevas fronteras sigue intacta: cada paso que da proyecta hacia horizontes distintos, como los que hoy recorre calzando las nuevas Iconic Sneakers de Silbon. \u201c<strong>Estoy agradecido a Pablo y Andrea por confiar en m\u00ed y por permitirme trasladar tambi\u00e9n a la moda mi visi\u00f3n, mi manera de entender el deporte y el movimiento<\/strong>\u201d, concluye, dejando la sensaci\u00f3n de que, para \u00e9l, la vida sigue siendo un trayecto abierto, una sucesi\u00f3n de recorridos por conquistar con decisi\u00f3n y estilo propio. <\/p>\n","protected":false},"excerpt":{"rendered":"\u201c\u00bfEsto es real o estoy dentro de una pel\u00edcula de Steven Spielberg?\u201d, se preguntaba Fernando Verdasco aquella noche&hellip;\n","protected":false},"author":2,"featured_media":164358,"comment_status":"","ping_status":"","sticky":false,"template":"","format":"standard","meta":{"footnotes":""},"categories":[274],"tags":[168,25,24,23,167,327,326],"class_list":{"0":"post-164357","1":"post","2":"type-post","3":"status-publish","4":"format-standard","5":"has-post-thumbnail","7":"category-tenis","8":"tag-deportes","9":"tag-es","10":"tag-espana","11":"tag-spain","12":"tag-sports","13":"tag-tenis","14":"tag-tennis"},"share_on_mastodon":{"url":"","error":""},"_links":{"self":[{"href":"https:\/\/www.europesays.com\/es\/wp-json\/wp\/v2\/posts\/164357","targetHints":{"allow":["GET"]}}],"collection":[{"href":"https:\/\/www.europesays.com\/es\/wp-json\/wp\/v2\/posts"}],"about":[{"href":"https:\/\/www.europesays.com\/es\/wp-json\/wp\/v2\/types\/post"}],"author":[{"embeddable":true,"href":"https:\/\/www.europesays.com\/es\/wp-json\/wp\/v2\/users\/2"}],"replies":[{"embeddable":true,"href":"https:\/\/www.europesays.com\/es\/wp-json\/wp\/v2\/comments?post=164357"}],"version-history":[{"count":0,"href":"https:\/\/www.europesays.com\/es\/wp-json\/wp\/v2\/posts\/164357\/revisions"}],"wp:featuredmedia":[{"embeddable":true,"href":"https:\/\/www.europesays.com\/es\/wp-json\/wp\/v2\/media\/164358"}],"wp:attachment":[{"href":"https:\/\/www.europesays.com\/es\/wp-json\/wp\/v2\/media?parent=164357"}],"wp:term":[{"taxonomy":"category","embeddable":true,"href":"https:\/\/www.europesays.com\/es\/wp-json\/wp\/v2\/categories?post=164357"},{"taxonomy":"post_tag","embeddable":true,"href":"https:\/\/www.europesays.com\/es\/wp-json\/wp\/v2\/tags?post=164357"}],"curies":[{"name":"wp","href":"https:\/\/api.w.org\/{rel}","templated":true}]}}