{"id":164360,"date":"2025-10-09T05:05:09","date_gmt":"2025-10-09T05:05:09","guid":{"rendered":"https:\/\/www.europesays.com\/es\/164360\/"},"modified":"2025-10-09T05:05:09","modified_gmt":"2025-10-09T05:05:09","slug":"merece-estar-en-la-nba","status":"publish","type":"post","link":"https:\/\/www.europesays.com\/es\/164360\/","title":{"rendered":"Merece estar en la NBA"},"content":{"rendered":"<p data-gtm-element-container=\"modulo-texto-link\" class=\"paragraph\">Tras finalizar su decimosexta temporada en la <strong>NBA<\/strong>, en esta ocasi\u00f3n con los <strong>Denver Nuggets<\/strong>, con el paso de los meses <strong>Russell Westbrook<\/strong> contin\u00faa estando sin equipo, y es que pese a los rumores en verano que le situaban en la \u00f3rbita de equipos como los <strong>Sacramento Kings<\/strong>, al final ning\u00fan acuerdo acab\u00f3 materializ\u00e1ndose.<\/p>\n<p data-gtm-element-container=\"modulo-texto-link\" class=\"paragraph\">A pocas semanas de arrancar la temporada 2025\/26, el denominado &#8216;rey del triple-doble&#8217; sigue sin contrato y no est\u00e1 ni mucho menos claro que vaya a tener equipo en la noche inaugural. Sin embargo, <strong>Kevin Durant<\/strong>, uno de los ex compa\u00f1eros m\u00e1s ilustres del base, ha alzado la voz para dejar claro que, a pesar de estar en el ocaso de su carrera, Westbrook sigue teniendo sitio en la <strong>NBA <\/strong>y que no le importar\u00eda compartir de nuevo equipo con \u00e9l, aunque en esta ocasi\u00f3n en los<strong> Houston Rockets<\/strong>.<\/p>\n<p>    Lee tambi\u00e9n<\/p>\n<p data-gtm-element-container=\"modulo-texto-link\" class=\"paragraph\"><strong>\u00abRuss es una leyenda. Creo que merece estar en la NBA ahora mismo, y tambi\u00e9n pienso que merece despedirse de la liga en sus propios t\u00e9rminos\u00bb<\/strong>, afirm\u00f3 Durant en el programa Up And Adams Show.<\/p>\n<blockquote class=\"twitter-tweet\" data-lang=\"es\"><p>\n<a href=\"https:\/\/twitter.com\/UpAndAdamsShow\/status\/1975901489483964558?ref_src=twsrc%5Etfw%7Ctwcamp%5Etweetembed%7Ctwterm%5E1975901489483964558%7Ctwgr%5Eab8f0399348ae1c29161c1eddd4f1a53c16b7a53%7Ctwcon%5Es1_&amp;ref_url=https:\/\/basketnews.com\/news-232604-durant-believes-westbrook-should-still-be-in-the-nba.html\" rel=\"nofollow noopener\" target=\"_blank\">\n<\/p><\/blockquote>\n<p data-gtm-element-container=\"modulo-texto-link\" class=\"paragraph\">Tras compartir equipo durante varias temporadas en los <strong>Thunder<\/strong>, la relaci\u00f3n entre ambos se rompi\u00f3 despu\u00e9s que Durant eligiese abandonar Oklahoma City para marcharse a unirse a los <strong>Golden State Warriors<\/strong> en 2016, donde gan\u00f3 dos anillos consecutivos en 2017 y 2018. Sin embargo, despu\u00e9s de una etapa de tensi\u00f3n evidente entre ambos, \u00e9stos acabaron enterrando el hacha de guerra.<\/p>\n<p data-gtm-element-container=\"modulo-texto-link\" class=\"paragraph\">Habr\u00e1 que ver, por lo tanto, si Westbrook finalmente logra un nuevo contrato con un equipo en la NBA, ya sea en los Rockets (ser\u00eda su segunda etapa all\u00ed) o en cualquier otro lado. El base de 36 a\u00f1os y futuro miembro del Sal\u00f3n de la Fama viene de registrar <strong>13,3 puntos, 6,1 asistencias <\/strong>y <strong>4,9 rebotes <\/strong>con los <strong>Denver Nuggets<\/strong>.<\/p>\n<p><script async src=\"https:\/\/platform.twitter.com\/widgets.js\" charset=\"utf-8\"><\/script><\/p>\n","protected":false},"excerpt":{"rendered":"Tras finalizar su decimosexta temporada en la NBA, en esta ocasi\u00f3n con los Denver Nuggets, con el paso&hellip;\n","protected":false},"author":2,"featured_media":164361,"comment_status":"","ping_status":"","sticky":false,"template":"","format":"standard","meta":{"footnotes":""},"categories":[269],"tags":[299,298,168,25,24,23,167],"class_list":{"0":"post-164360","1":"post","2":"type-post","3":"status-publish","4":"format-standard","5":"has-post-thumbnail","7":"category-baloncesto","8":"tag-baloncesto","9":"tag-basketball","10":"tag-deportes","11":"tag-es","12":"tag-espana","13":"tag-spain","14":"tag-sports"},"share_on_mastodon":{"url":"","error":""},"_links":{"self":[{"href":"https:\/\/www.europesays.com\/es\/wp-json\/wp\/v2\/posts\/164360","targetHints":{"allow":["GET"]}}],"collection":[{"href":"https:\/\/www.europesays.com\/es\/wp-json\/wp\/v2\/posts"}],"about":[{"href":"https:\/\/www.europesays.com\/es\/wp-json\/wp\/v2\/types\/post"}],"author":[{"embeddable":true,"href":"https:\/\/www.europesays.com\/es\/wp-json\/wp\/v2\/users\/2"}],"replies":[{"embeddable":true,"href":"https:\/\/www.europesays.com\/es\/wp-json\/wp\/v2\/comments?post=164360"}],"version-history":[{"count":0,"href":"https:\/\/www.europesays.com\/es\/wp-json\/wp\/v2\/posts\/164360\/revisions"}],"wp:featuredmedia":[{"embeddable":true,"href":"https:\/\/www.europesays.com\/es\/wp-json\/wp\/v2\/media\/164361"}],"wp:attachment":[{"href":"https:\/\/www.europesays.com\/es\/wp-json\/wp\/v2\/media?parent=164360"}],"wp:term":[{"taxonomy":"category","embeddable":true,"href":"https:\/\/www.europesays.com\/es\/wp-json\/wp\/v2\/categories?post=164360"},{"taxonomy":"post_tag","embeddable":true,"href":"https:\/\/www.europesays.com\/es\/wp-json\/wp\/v2\/tags?post=164360"}],"curies":[{"name":"wp","href":"https:\/\/api.w.org\/{rel}","templated":true}]}}