{"id":164390,"date":"2025-10-09T05:22:11","date_gmt":"2025-10-09T05:22:11","guid":{"rendered":"https:\/\/www.europesays.com\/es\/164390\/"},"modified":"2025-10-09T05:22:11","modified_gmt":"2025-10-09T05:22:11","slug":"el-becerrista-librillo-la-promesa-del-toreo-que-frecuenta-una-ganaderia-en-zamora","status":"publish","type":"post","link":"https:\/\/www.europesays.com\/es\/164390\/","title":{"rendered":"El becerrista Librillo, la promesa del toreo que frecuenta una ganader\u00eda en Zamora"},"content":{"rendered":"<p class=\"ft-text\"><strong>Librillo <\/strong>es el nombre art\u00edstico de <strong>Francisco Javier Peral Ollero<\/strong>, un joven <strong>becerrista <\/strong>a punto de cumplir 14 a\u00f1os que acude asiduamente a tentaderos en una<strong> ganader\u00eda de la provincia de Zamora, <\/strong>en la que ha estado por \u00faltima vez el pasado s\u00e1bado, en el homenaje anual que familia y amigos rinden al recordado<strong> Miguel \u00c1ngel Toranzo<\/strong>.<\/p>\n<p class=\"ft-text\">La<strong> finca \u00abDehesa de Villoria\u00bb que \u00abToros Villalpando\u00bb tiene en Fresno de Sayago<\/strong> es el rinc\u00f3n zamorano que el joven ya conoce bien. Y es que pierde la cuenta de las veces que se ha desplazado hasta la ganader\u00eda zamorana, de la mano siempre del que ha sido su profesor en la<strong> Escuela Taurina de Navas del Rey<\/strong> durante a\u00f1os, el banderillero <strong>David Adalid,<\/strong> otro asiduo de la ganader\u00eda y <strong>vinculado familiarmente con la provincia<\/strong>.<\/p>\n<p class=\"ft-text\"><strong>\u00abEs mi maestro, llevo con \u00e9l desde que tengo tres a\u00f1os<\/strong> y le tengo mucho aprecio y lo que \u00e9l me dice yo siempre lo hago\u00bb, cuenta sobre Adalid, de quien a\u00f1ade que \u00abes <strong>muy buen torero y mejor como persona<\/strong>\u00ab.<\/p>\n<p class=\"ft-text\">La ense\u00f1anza que destaca de entre las que le ha transmitido es que \u00ab<strong>siempre me ha ense\u00f1ado que el toreo es grandeza<\/strong>\u00bb y \u00aba tener <strong>mucho respeto <\/strong>hacia los maestros y hacia todo el mundo\u00bb.<\/p>\n<p class=\"ft-text\">Ese respeto que muestra por los ganaderos de Toros Villalpando. \u00ab<strong>Don Jes\u00fas y don Jos\u00e9 siempre se han portado muy bien<\/strong> conmigo y siempre que han podido me han llamado\u00bb.<\/p>\n<p><img decoding=\"async\" src=\"https:\/\/www.europesays.com\/es\/wp-content\/uploads\/2025\/10\/afbbdede-934a-4c74-982a-4e5b17b79e36_alta-libre-aspect-ratio_default_0.jpg\" width=\"1200\" height=\"619\" alt=\"Librillo, durante el tentadero del pasado s\u00e1bado en la finca \u00abDehesa de Villoria\u00bb. | CEDIDA\" class=\"ft-helper-img-rd\" loading=\"lazy\" hasdataaida=\"true\"\/><\/p>\n<p class=\"ft-helper-fontColor-quaternary ft-helper-fontSize-body-S ft-helper-spacer-t-xxs\">Librillo, durante el tentadero del pasado s\u00e1bado en la finca \u00abDehesa de Villoria\u00bb. | CEDIDA <\/p>\n<p class=\"ft-text\">Librillo asegura que espera \u00abpoder seguir disfrutando\u00bb en su casa, aunque, desde hace un par de semanas, ha cambiado la Escuela de Navas del Rey, en la que llevaba desde los tres a\u00f1os, por la <strong>\u00abJos\u00e9 Cubero \u2018Yiyo\u2019\u00bb,<\/strong> dependiente de la <strong>Comunidad de Madrid<\/strong>. Un cambio que ha decidido porque \u00ab<strong>en Madrid hay muchas m\u00e1s oportunidades<\/strong>\u00bb en el camino hacia el toreo.<\/p>\n<p class=\"ft-text\">Un camino que emprendi\u00f3 <strong>cuando ten\u00eda tres a\u00f1os, por \u00abimitaci\u00f3n\u00bb de sus hermanos mayores, <\/strong>que se hab\u00edan apuntado a la Escuela de Navas del Rey. Aunque ninguno de los dos sigui\u00f3, Librillo s\u00ed lo hace, una d\u00e9cada despu\u00e9s, y asegura que siempre con el <strong>apoyo de sus padres<\/strong>.<\/p>\n<p class=\"ft-text\">Y con un horizonte claro: \u00ab<strong>Siempre he tenido el sue\u00f1o de tomar la alternativa y ser figura del t<\/strong>oreo\u00bb.<\/p>\n<p class=\"ft-text\">El pasado verano, ha hecho varias <strong>apariciones en p\u00fablico en la provincia de \u00c1vila<\/strong>. Las sensaciones de Librillo en esas tardes fueron \u00abmuy buenas\u00bb y, en ellas, intent\u00f3 interpretar su concepto y su<strong> toreo: \u00abcl\u00e1sico y muy puro\u00bb,<\/strong> dice \u00e9l. Aunque, para quien lo ve, tambi\u00e9n destaca por su valor. Digno de un <strong>ni\u00f1o prodigio del toreo<\/strong>.<\/p>\n<p class=\"ft-text\">Ese valor lo achaca a que \u00abmi maestro me ha apretado y me ha exigido lo m\u00e1ximo de m\u00ed y yo siempre se lo he dado\u00bb. Aunque no niega que<strong> el miedo \u00absiempre est\u00e1 presente<\/strong>\u00ab, pero intenta \u00abdisfrutar\u00bb.<\/p>\n<p class=\"ft-text\">En la vida de Librillo tambi\u00e9n est\u00e1 presente el <strong>esfuerzo diario<\/strong> porque compagina sus clases en la Escuela Taurina con las de tercer curso de la ESO en el instituto. Algo para lo que, dice, hay que \u00ab<strong>sacrificarse y tener una buena disciplina <\/strong>y da tiempo a todo; de momento, sacando los estudios y entrenando\u00bb.<\/p>\n<p class=\"ft-text\">En cuanto a sus referentes, intenta fijarse y \u00abcoger un poco de todos los maestros\u00bb, pero destaca a<strong> Borja Jim\u00e9nez<\/strong>, \u00abpor el valor\u00bb, y a <strong>Emilio de Justo<\/strong>, \u00abpor la pureza\u00bb.<\/p>\n<p class=\"ft-text\">\u00abSiempre intento dar lo mejor de m\u00ed, con mucha pureza y hacerlo todo muy personal\u00bb, dice Librillo, y confiesa que sue\u00f1a con llegar a <strong>abrir la Puerta del Pr\u00edncipe de Sevilla<\/strong>, incluso, antes que la puerta grande de Las Ventas de Madrid porque la de la <strong>Maestranza <\/strong>\u00abes diferente y es m\u00e1s especial\u00bb.<\/p>\n","protected":false},"excerpt":{"rendered":"Librillo es el nombre art\u00edstico de Francisco Javier Peral Ollero, un joven becerrista a punto de cumplir 14&hellip;\n","protected":false},"author":2,"featured_media":164391,"comment_status":"","ping_status":"","sticky":false,"template":"","format":"standard","meta":{"footnotes":""},"categories":[277],"tags":[373,168,1398,25,24,48468,1949,7376,23,167,625,16849,374,444,2990,2946],"class_list":{"0":"post-164390","1":"post","2":"type-post","3":"status-publish","4":"format-standard","5":"has-post-thumbnail","7":"category-toreo","8":"tag-bullfighting","9":"tag-deportes","10":"tag-el-albero-de-tinta","11":"tag-es","12":"tag-espana","13":"tag-frecuenta","14":"tag-ganaderia","15":"tag-promesa","16":"tag-spain","17":"tag-sports","18":"tag-tauromaquia","19":"tag-tentadero","20":"tag-toreo","21":"tag-toros","22":"tag-toros-villalpando","23":"tag-zamora"},"share_on_mastodon":{"url":"","error":""},"_links":{"self":[{"href":"https:\/\/www.europesays.com\/es\/wp-json\/wp\/v2\/posts\/164390","targetHints":{"allow":["GET"]}}],"collection":[{"href":"https:\/\/www.europesays.com\/es\/wp-json\/wp\/v2\/posts"}],"about":[{"href":"https:\/\/www.europesays.com\/es\/wp-json\/wp\/v2\/types\/post"}],"author":[{"embeddable":true,"href":"https:\/\/www.europesays.com\/es\/wp-json\/wp\/v2\/users\/2"}],"replies":[{"embeddable":true,"href":"https:\/\/www.europesays.com\/es\/wp-json\/wp\/v2\/comments?post=164390"}],"version-history":[{"count":0,"href":"https:\/\/www.europesays.com\/es\/wp-json\/wp\/v2\/posts\/164390\/revisions"}],"wp:featuredmedia":[{"embeddable":true,"href":"https:\/\/www.europesays.com\/es\/wp-json\/wp\/v2\/media\/164391"}],"wp:attachment":[{"href":"https:\/\/www.europesays.com\/es\/wp-json\/wp\/v2\/media?parent=164390"}],"wp:term":[{"taxonomy":"category","embeddable":true,"href":"https:\/\/www.europesays.com\/es\/wp-json\/wp\/v2\/categories?post=164390"},{"taxonomy":"post_tag","embeddable":true,"href":"https:\/\/www.europesays.com\/es\/wp-json\/wp\/v2\/tags?post=164390"}],"curies":[{"name":"wp","href":"https:\/\/api.w.org\/{rel}","templated":true}]}}