{"id":164442,"date":"2025-10-09T05:54:08","date_gmt":"2025-10-09T05:54:08","guid":{"rendered":"https:\/\/www.europesays.com\/es\/164442\/"},"modified":"2025-10-09T05:54:08","modified_gmt":"2025-10-09T05:54:08","slug":"marga-gil-roesset-la-nina-prodigio-del-talento-y-la-tristeza","status":"publish","type":"post","link":"https:\/\/www.europesays.com\/es\/164442\/","title":{"rendered":"Marga Gil Ro\u00ebsset, la ni\u00f1a prodigio del talento y la tristeza"},"content":{"rendered":"<p style=\"\">Marga naci\u00f3 en 1908 en la localidad madrile\u00f1a de Las Rozas, que es nacer en Madrid, pero mir\u00e1ndola un poco desde arriba. Esto era inevitable porque realmente estaba por encima del resto. Su vida fue un instante, una chispa, un cometa que, de tanto brillar,  &#8230; se consumi\u00f3 demasiado pronto. Porque Marga fue una ni\u00f1a prodigio que deslumbr\u00f3, entre otros, a la generaci\u00f3n del 27. Lo mismo esculp\u00eda que dibujaba o escrib\u00eda poemas, inspiraba a <a href=\"https:\/\/www.abc.es\/cultura\/nuevo-viaje-principito-eloy-moreno-reinterpreta-clasico-20250926175237-nt.html\" target=\"_self\" data-voc-vtm-id=\"in-text-traffic\" title=\"Antoine Saint-Exup\u00e9ry\" data-mrf-link=\"www.abc.es\" rel=\"nofollow noopener\">Antoine Saint-Exup\u00e9ry<\/a> y su Principito, o incluso ser\u00eda la musa de un Juan Ram\u00f3n Jim\u00e9nez en la calle Padilla de Madrid. <\/p>\n<p class=\"voc-p\" style=\"\">Lo incre\u00edble es que la mujer del poeta, Zenobia, tambi\u00e9n qued\u00f3 arrebatada por la inteligencia y la personalidad de Marga, convirtiendo su relaci\u00f3n en una especie de amistad a tres bandas en la que \u00abla ni\u00f1a\u00bb, como la apodaba el matrimonio, representaba la juventud y creatividad que encend\u00eda cualquier hora oscura en ese Madrid que respiraba revoluciones y fratricidios. <\/p>\n<p class=\"voc-p\" style=\"\"> La suya fue una familia de artistas, una rareza de entonces, en un tiempo gris que no acostumbraba a ver a tantas mujeres de \u00e9xito en el mismo saco. Su hermana fue la editora y escritora Consuelo Gil Ro\u00ebsset, su t\u00eda fue la pintora Mar\u00eda Ro\u00ebsset Mosquera, su prima la tambi\u00e9n pintora Marisa Ro\u00ebsset Velasco y su sobrina la poetisa y fot\u00f3grafa Marga Clark. Y en ese ambiente de genialidad absoluta, Marga fue la mejor de todas, la artista absoluta, la primera. <\/p>\n<p class=\"voc-p\" style=\"\">Recibieron de su madre una educaci\u00f3n basada en la curiosidad y el conocimiento. Desde ni\u00f1a, dibujaba con un talento desmesurado. A los 15 a\u00f1os ya publicaba cuentos en Par\u00eds, pero una incertidumbre la carcom\u00eda por dentro. Ella quer\u00eda plasmar sus dibujos y hacerlos reales mediante la escultura, un alegato por convertir lo imaginario en f\u00edsico, darle vida a la creaci\u00f3n; en definitiva: poder tocarla. Quiz\u00e1 no haya expresi\u00f3n de arte mayor y Marga centrar\u00eda todos sus esfuerzos en demostrar que en eso tambi\u00e9n era la mejor. <\/p>\n<p class=\"voc-p\" style=\"\">De este modo, Marga pas\u00f3 del papel a la acuarela y de la tinta china al cincel en tan poco tiempo, que dej\u00f3 a cr\u00edticos e historiadores con la boca abierta. Ella misma declar\u00f3: \u00abSiempre intento operar sobre mis esculturas de dentro afuera. Es decir, trato de esculpir m\u00e1s las ideas que las personas. Mis trabajos, en cuanto a la forma, podr\u00e1n no ser muy cl\u00e1sicos; pero, por lo menos, llevan el esfuerzo de querer manifestar su interior\u00bb. Y ese interior era una bomba a punto de implosionar. <\/p>\n<p class=\"voc-p\" style=\"\"> Desde que conoci\u00f3 a Juan Ram\u00f3n Jim\u00e9nez en un concierto a principios de los a\u00f1os treinta, Marga se enamor\u00f3 de forma obsesiva. Anotaba en sus diarios sus encuentros, sus visitas y los pensamientos que la rondaban mientras caminaba por el filo de pena. Por un lado, admiraba enormemente a Zenobia, pero al mismo tiempo, su existencia era un problema que no pod\u00eda esquivar. Quiz\u00e1s por esa raz\u00f3n ser\u00eda con ella por la que empezar\u00eda a trabajar en un busto para la pareja. Cualquier excusa para ver al poeta era suficiente para seguir sufriendo y, por ende, seguir creando.<\/p>\n<p>\nDiarios a Juan Ram\u00f3n\n<\/p>\n<p class=\"voc-p\" style=\"\"> Desgraciadamente, el busto de la pareja nunca lo terminar\u00eda. No as\u00ed los diarios que le dedic\u00f3 a Juan Ram\u00f3n. De hecho, poco antes de poner fin a su vida peg\u00e1ndose un tiro en su casa de Las Rozas, Marga escribi\u00f3: \u00abY es que&#8230; Ya no quiero vivir sin ti&#8230; no&#8230; ya no puedo vivir sin ti&#8230; t\u00fa, como s\u00ed puedes vivir sin m\u00ed&#8230; debes vivir sin m\u00ed&#8230; Pero en la muerte, ya nada me separa de ti&#8230; solo la muerte&#8230; solo la muerte, sola&#8230; y, es ya&#8230; vida \u00a1tanto m\u00e1s cerca as\u00ed&#8230; muerte&#8230; c\u00f3mo te quiero\u00bb.<\/p>\n<p class=\"voc-p\" style=\"\"> Estas palabras quedaron escritas en una carpeta que Marga entreg\u00f3 al poeta ese mismo 28 de julio de 1932. Le pidi\u00f3 que no los leyera todav\u00eda, que las dejara reposar un poco. Quer\u00eda tener tiempo para llegar hasta Las Rozas, al noroeste de Madrid, y as\u00ed extirparse el dolor quit\u00e1ndose ella misma de en medio. El poeta, escribi\u00f3 a\u00f1os m\u00e1s tarde una respuesta que dec\u00eda: \u00abSi pensaste al morir que ibas a ser recordada, no te equivocaste, Marga. Acaso te recordaremos pocos, pero nuestro recuerdo te ser\u00e1 fiel y firme. No te olvidaremos, no te olvidar\u00e9 nunca. Que hayas encontrado bajo la tierra el descanso y el sue\u00f1o, el gusto que no encontraste sobre la tierra. Descansa en paz, en la paz que no supimos darte, Marga bien querida\u00bb. Qu\u00e9 r\u00e1pido se consume la llama cuando la genialidad es combustible.<\/p>\n","protected":false},"excerpt":{"rendered":"Marga naci\u00f3 en 1908 en la localidad madrile\u00f1a de Las Rozas, que es nacer en Madrid, pero mir\u00e1ndola&hellip;\n","protected":false},"author":2,"featured_media":164443,"comment_status":"","ping_status":"","sticky":false,"template":"","format":"standard","meta":{"footnotes":""},"categories":[173],"tags":[229,233,231,230,232,234,146,147,25,24,1510,16873,1388,40835,48501,23,16578,32149],"class_list":{"0":"post-164442","1":"post","2":"type-post","3":"status-publish","4":"format-standard","5":"has-post-thumbnail","7":"category-arte-y-diseno","8":"tag-arte","9":"tag-arte-y-diseno","10":"tag-arts","11":"tag-arts-and-design","12":"tag-design","13":"tag-diseno","14":"tag-entertainment","15":"tag-entretenimiento","16":"tag-es","17":"tag-espana","18":"tag-gil","19":"tag-marga","20":"tag-nina","21":"tag-prodigio","22":"tag-roesset","23":"tag-spain","24":"tag-talento","25":"tag-tristeza"},"share_on_mastodon":{"url":"","error":""},"_links":{"self":[{"href":"https:\/\/www.europesays.com\/es\/wp-json\/wp\/v2\/posts\/164442","targetHints":{"allow":["GET"]}}],"collection":[{"href":"https:\/\/www.europesays.com\/es\/wp-json\/wp\/v2\/posts"}],"about":[{"href":"https:\/\/www.europesays.com\/es\/wp-json\/wp\/v2\/types\/post"}],"author":[{"embeddable":true,"href":"https:\/\/www.europesays.com\/es\/wp-json\/wp\/v2\/users\/2"}],"replies":[{"embeddable":true,"href":"https:\/\/www.europesays.com\/es\/wp-json\/wp\/v2\/comments?post=164442"}],"version-history":[{"count":0,"href":"https:\/\/www.europesays.com\/es\/wp-json\/wp\/v2\/posts\/164442\/revisions"}],"wp:featuredmedia":[{"embeddable":true,"href":"https:\/\/www.europesays.com\/es\/wp-json\/wp\/v2\/media\/164443"}],"wp:attachment":[{"href":"https:\/\/www.europesays.com\/es\/wp-json\/wp\/v2\/media?parent=164442"}],"wp:term":[{"taxonomy":"category","embeddable":true,"href":"https:\/\/www.europesays.com\/es\/wp-json\/wp\/v2\/categories?post=164442"},{"taxonomy":"post_tag","embeddable":true,"href":"https:\/\/www.europesays.com\/es\/wp-json\/wp\/v2\/tags?post=164442"}],"curies":[{"name":"wp","href":"https:\/\/api.w.org\/{rel}","templated":true}]}}