{"id":164454,"date":"2025-10-09T06:05:05","date_gmt":"2025-10-09T06:05:05","guid":{"rendered":"https:\/\/www.europesays.com\/es\/164454\/"},"modified":"2025-10-09T06:05:05","modified_gmt":"2025-10-09T06:05:05","slug":"mazon-recordatorio-perenne-de-la-fragilidad-del-liderazgo-de-feijoo-espana","status":"publish","type":"post","link":"https:\/\/www.europesays.com\/es\/164454\/","title":{"rendered":"Maz\u00f3n, recordatorio perenne de la fragilidad del liderazgo de Feij\u00f3o | Espa\u00f1a"},"content":{"rendered":"<p class=\"\">Ser\u00e1 la justicia la que dirima las responsabilidades penales por una gesti\u00f3n manifiestamente negligente de <a href=\"https:\/\/elpais.com\/noticias\/gota-fria\/\" target=\"_self\" rel=\"nofollow noopener\" title=\"https:\/\/elpais.com\/noticias\/gota-fria\/\">la dana que seg\u00f3 la vida,<\/a> hace casi un a\u00f1o, de 229 personas, pero la<a href=\"https:\/\/elpais.com\/noticias\/barometro-el-pais\/\" target=\"_self\" rel=\"nofollow noopener\" title=\"https:\/\/elpais.com\/noticias\/barometro-el-pais\/\"> encuesta de 40dB. para EL PA\u00cdS y la Cadena SER<\/a> pone de manifiesto el descontento ciudadano con la falta de asunci\u00f3n de las responsabilidades pol\u00edticas \u2014m\u00e1s del 70% cree que el presidente de la Generalitat, Carlos Maz\u00f3n, deber\u00eda dimitir\u2014. Eso es un debe en el saldo del l\u00edder de los populares valencianos, pero tambi\u00e9n en el de quien preside el partido a nivel nacional, Alberto N\u00fa\u00f1ez Feij\u00f3o, como evidencia que casi el 60% de los votantes del PP coincidan en que Maz\u00f3n deber\u00eda renunciar a su cargo. Todos los datos internos de la encuesta, cuestionarios, cruces y respuestas individuales, pueden consultarse en abierto <a href=\"https:\/\/elpais.com\/espana\/2025-10-09\/consulte-todos-los-datos-internos-de-la-encuesta-de-el-pais-cuestionarios-cruces-y-respuestas-individuales.html\" target=\"_self\" rel=\"nofollow noopener\" title=\"https:\/\/elpais.com\/espana\/2025-10-09\/consulte-todos-los-datos-internos-de-la-encuesta-de-el-pais-cuestionarios-cruces-y-respuestas-individuales.html\">en este enlace<\/a>.<\/p>\n<p class=\"\">Feij\u00f3o hizo un amago, all\u00e1 por marzo, de censurar la gesti\u00f3n de su bar\u00f3n en la Comunidad Valenciana, cuando asegur\u00f3 que la Generalitat no hab\u00eda estado \u201ca la altura\u201d, despu\u00e9s de que el sumario de la causa judicial por la dana estableciese que la<a href=\"https:\/\/elpais.com\/espana\/comunidad-valenciana\/2025-02-26\/la-mayoria-de-fallecidos-por-la-dana-murieron-antes-de-la-alerta-de-la-generalitat.html\" target=\"_self\" rel=\"nofollow noopener\" title=\"https:\/\/elpais.com\/espana\/comunidad-valenciana\/2025-02-26\/la-mayoria-de-fallecidos-por-la-dana-murieron-antes-de-la-alerta-de-la-generalitat.html\"> mayor\u00eda de v\u00edctimas fallecieron antes de que el Gobierno auton\u00f3mico enviase la alerta a los tel\u00e9fonos m\u00f3viles<\/a> (20.11) y despu\u00e9s de que trascendiera que, seg\u00fan unas <a href=\"https:\/\/elpais.com\/espana\/2025-02-27\/la-generalitat-muestra-las-imagenes-de-mazon-llegando-al-cecopi-a-las-2028-del-dia-de-la-dana.html\" target=\"_self\" rel=\"nofollow noopener\" title=\"https:\/\/elpais.com\/espana\/2025-02-27\/la-generalitat-muestra-las-imagenes-de-mazon-llegando-al-cecopi-a-las-2028-del-dia-de-la-dana.html\">im\u00e1genes grabadas por las c\u00e1maras de seguridad,<\/a> el presidente valenciano hab\u00eda llegado al centro desde el que se coordinaba la emergencia, el Cecopi, a las 20.28. Pero a partir de ah\u00ed, el l\u00edder adopt\u00f3 la misma t\u00e1ctica que su bar\u00f3n, esto es, la huida hacia adelante con recurrentes lanzamientos de bombas humo \u2014como<a href=\"https:\/\/elpais.com\/espana\/comunidad-valenciana\/2025-05-16\/la-fiscalia-da-el-primer-paso-para-investigar-el-audio-manipulado-de-la-aemet-que-divulgo-mazon.html\" target=\"_self\" rel=\"nofollow noopener\" title=\"https:\/\/elpais.com\/espana\/comunidad-valenciana\/2025-05-16\/la-fiscalia-da-el-primer-paso-para-investigar-el-audio-manipulado-de-la-aemet-que-divulgo-mazon.html\"> la filtraci\u00f3n de unos audios manipulados<\/a> de una meteor\u00f3loga y una trabajadora del 112\u2014 para tratar de distraer la atenci\u00f3n sobre lo evidente: la ausencia del presidente valenciano en la jornada en la que los valencianos m\u00e1s lo necesitaban. Las razones de esa estrategia apuntan a la debilidad del liderazgo de Feij\u00f3o. Si le hubiera pedido la dimisi\u00f3n y Maz\u00f3n, que es due\u00f1o de su esca\u00f1o, no hubiera accedido, el presidente del partido, que no fue elegido en primarias como su predecesor, Pablo Casado, habr\u00eda quedado en entredicho. Y, por otro lado, Vox no habr\u00eda apoyado la investidura de otro dirigente popular cuando pod\u00eda, a su vez, explotar al m\u00e1ximo, como as\u00ed ha hecho, la fr\u00e1gil autonom\u00eda de Maz\u00f3n arrastrando al PP a asumir sus posturas m\u00e1s radicales en materia de <a href=\"https:\/\/elpais.com\/expres\/2025-03-18\/mazon-asume-los-preceptos-de-vox-para-aprobar-los-presupuestos-y-seguir-al-frente-de-la-generalitat.html\" target=\"_self\" rel=\"nofollow noopener\" title=\"https:\/\/elpais.com\/expres\/2025-03-18\/mazon-asume-los-preceptos-de-vox-para-aprobar-los-presupuestos-y-seguir-al-frente-de-la-generalitat.html\">inmigraci\u00f3n y medio ambiente<\/a>. <\/p>\n<p class=\"\">Como en casi todos los temas de calado que le ha tocado gestionar a Feij\u00f3o como l\u00edder de los populares, el de Maz\u00f3n remite a Vox y a su multiplicado poder de influencia, pese a tratarse de una escisi\u00f3n, sobre las siglas matriz, las del PP. Los principios, las convicciones de las que el actual l\u00edder del partido hac\u00eda gala <a href=\"https:\/\/elpais.com\/espana\/2025-10-05\/todas-las-veces-que-el-pp-tropezo-con-el-aborto.html\" target=\"_self\" rel=\"nofollow noopener\" title=\"https:\/\/elpais.com\/espana\/2025-10-05\/todas-las-veces-que-el-pp-tropezo-con-el-aborto.html\">desde la comodidad que dan cuatro mayor\u00edas absolutas consecutivas en Galicia,<\/a> han desaparecido en Madrid. Feij\u00f3o cree que su bar\u00f3n territorial en la Comunidad Valenciana no estuvo a la altura en un asunto donde las consecuencias de ese bajo nivel de gesti\u00f3n se tradujeron en la p\u00e9rdida de 229 vidas, pero no se ha atrevido a intentar apartar al negligente. Han pesado, sobre la abrumadora cifra de v\u00edctimas, otros n\u00fameros, las cuentas electorales. Ya lo explic\u00f3 el vicesecretario de coordinaci\u00f3n auton\u00f3mica del PP, El\u00edas Bendodo, cuando, para explicar el pacto con Vox tras las elecciones auton\u00f3micas de 2023, habl\u00f3 de las <a href=\"https:\/\/elpais.com\/espana\/elecciones-generales\/2023-06-30\/las-matematicas-de-estado-del-pp-no-son-ciencias-exactas.html\" target=\"_self\" rel=\"nofollow noopener\" title=\"https:\/\/elpais.com\/espana\/elecciones-generales\/2023-06-30\/las-matematicas-de-estado-del-pp-no-son-ciencias-exactas.html\">\u201cmatem\u00e1ticas de Estado\u201d.<\/a> Fue cuando Feij\u00f3o, tasando los principios a conveniencia, explic\u00f3 que en la Comunidad Valenciana hab\u00edan llegado a un acuerdo con la extrema derecha porque el partido de Santiago Abascal hab\u00eda obtenido un 12% de los votos y en Extremadura no lo iban a hacer porque sus rivales por la derecha se hab\u00edan quedado en el 8% -finalmente tambi\u00e9n hubo acuerdo de coalici\u00f3n con la popular Mar\u00eda Guardiola-. El PP, que desde la investidura de S\u00e1nchez acusa al PSOE de ser reh\u00e9n de sus socios y haber cedido ante los independentistas en cuestiones que <a href=\"https:\/\/elpais.com\/espana\/2023-10-28\/la-amnistia-la-linea-roja-del-psoe-que-desaparecio-tras-las-elecciones.html\" target=\"_self\" rel=\"nofollow noopener\" title=\"https:\/\/elpais.com\/espana\/2023-10-28\/la-amnistia-la-linea-roja-del-psoe-que-desaparecio-tras-las-elecciones.html\">hab\u00eda rechazado con anterioridad<\/a>, como la amnist\u00eda al proc\u00e9s, para mantenerse en el poder, ha hecho exactamente lo mismo. <\/p>\n<p class=\"\">Los populares carecen, seg\u00fan evidencia tambi\u00e9n la encuesta de 40dB., de un candidato o candidata con garant\u00edas de victoria como alternativa a Maz\u00f3n. Y eso tambi\u00e9n pesa en un feudo como el de la Comunidad Valenciana, cuarta comunidad m\u00e1s poblada de Espa\u00f1a y decisivo caladero de votos \u2014en las \u00faltimas generales aport\u00f3 33 esca\u00f1os al Congreso\u2014 para el PP nacional. Pesa tanto como para obviar que al hombre al que han decidido mantener en su puesto, lo acorralan las mentiras: con la misma informaci\u00f3n, que, seg\u00fan \u00e9l, le falt\u00f3 el d\u00eda de la dana, ha actuado, ante avisos sucesivos de danas y fen\u00f3menos meteorol\u00f3gicos adversos, de manera radicalmente diferente. Isabel Bonig, predecesora de Maz\u00f3n al frente de los populares valencianos, <a href=\"https:\/\/elpais.com\/espana\/2025-03-23\/la-historia-del-pp-a-traves-de-la-comunidad-valenciana-de-los-mitines-multitudinarios-en-la-plaza-de-toros-a-las-protestas-en-la-calle.html\" target=\"_self\" rel=\"nofollow noopener\" title=\"https:\/\/elpais.com\/espana\/2025-03-23\/la-historia-del-pp-a-traves-de-la-comunidad-valenciana-de-los-mitines-multitudinarios-en-la-plaza-de-toros-a-las-protestas-en-la-calle.html\">lo advert\u00eda hace unos meses en este peri\u00f3dico:<\/a> \u201cA m\u00ed me toc\u00f3 bregar con los esc\u00e1ndalos [de corrupci\u00f3n en la comunidad], pero creo que lo de Maz\u00f3n es mucho peor que aquello porque aqu\u00ed hay muertos, la gente ha sufrido mucho y est\u00e1 desenga\u00f1ada, se siente abandonada y eso es muy dif\u00edcil de remontar electoralmente\u201d. <\/p>\n","protected":false},"excerpt":{"rendered":"Ser\u00e1 la justicia la que dirima las responsabilidades penales por una gesti\u00f3n manifiestamente negligente de la dana que&hellip;\n","protected":false},"author":2,"featured_media":164455,"comment_status":"","ping_status":"","sticky":false,"template":"","format":"standard","meta":{"footnotes":""},"categories":[8],"tags":[6069,17,18,2007,25,24,13,14,238,11,4274,19,20,9,10,15,16,956,23,12,21,22,624],"class_list":{"0":"post-164454","1":"post","2":"type-post","3":"status-publish","4":"format-standard","5":"has-post-thumbnail","7":"category-espana","8":"tag-alberto-nunez-feijoo","9":"tag-breaking-news","10":"tag-breakingnews","11":"tag-carlos-mazon","12":"tag-es","13":"tag-espana","14":"tag-featured-news","15":"tag-featurednews","16":"tag-generalitat-valenciana","17":"tag-headlines","18":"tag-inundaciones-dana-octubre-2024","19":"tag-latest-news","20":"tag-latestnews","21":"tag-news","22":"tag-noticias","23":"tag-noticias-destacadas","24":"tag-noticiasdestacadas","25":"tag-pp","26":"tag-spain","27":"tag-titulares","28":"tag-ultimas-noticias","29":"tag-ultimasnoticias","30":"tag-vox"},"share_on_mastodon":{"url":"","error":""},"_links":{"self":[{"href":"https:\/\/www.europesays.com\/es\/wp-json\/wp\/v2\/posts\/164454","targetHints":{"allow":["GET"]}}],"collection":[{"href":"https:\/\/www.europesays.com\/es\/wp-json\/wp\/v2\/posts"}],"about":[{"href":"https:\/\/www.europesays.com\/es\/wp-json\/wp\/v2\/types\/post"}],"author":[{"embeddable":true,"href":"https:\/\/www.europesays.com\/es\/wp-json\/wp\/v2\/users\/2"}],"replies":[{"embeddable":true,"href":"https:\/\/www.europesays.com\/es\/wp-json\/wp\/v2\/comments?post=164454"}],"version-history":[{"count":0,"href":"https:\/\/www.europesays.com\/es\/wp-json\/wp\/v2\/posts\/164454\/revisions"}],"wp:featuredmedia":[{"embeddable":true,"href":"https:\/\/www.europesays.com\/es\/wp-json\/wp\/v2\/media\/164455"}],"wp:attachment":[{"href":"https:\/\/www.europesays.com\/es\/wp-json\/wp\/v2\/media?parent=164454"}],"wp:term":[{"taxonomy":"category","embeddable":true,"href":"https:\/\/www.europesays.com\/es\/wp-json\/wp\/v2\/categories?post=164454"},{"taxonomy":"post_tag","embeddable":true,"href":"https:\/\/www.europesays.com\/es\/wp-json\/wp\/v2\/tags?post=164454"}],"curies":[{"name":"wp","href":"https:\/\/api.w.org\/{rel}","templated":true}]}}