{"id":164456,"date":"2025-10-09T06:06:07","date_gmt":"2025-10-09T06:06:07","guid":{"rendered":"https:\/\/www.europesays.com\/es\/164456\/"},"modified":"2025-10-09T06:06:07","modified_gmt":"2025-10-09T06:06:07","slug":"cabanero-recibe-el-premio-fidelidad-que-otorga-la-do-la-mancha-por-su-constante-apoyo-al-sector-vitivinicola","status":"publish","type":"post","link":"https:\/\/www.europesays.com\/es\/164456\/","title":{"rendered":"Caba\u00f1ero recibe el premio \u2018Fidelidad\u2019 que otorga la DO La Mancha por su constante apoyo al sector vitivin\u00edcola"},"content":{"rendered":"<p align=\"justify\">Albacete, 8 de octubre de 2025.- El Sal\u00f3n de Actos de la Diputaci\u00f3n de Albacete ha acogido la gala de entrega de premios de la DO La Mancha \u2018Vino y Cultura\u2019, en la que el presidente de la instituci\u00f3n, Santi Caba\u00f1ero, ha sido reconocido con el distintivo \u2018Fidelidad al vino\u2019, con el que se reconoce su apoyo continuado en el tiempo al sector. <\/p>\n<p align=\"justify\">Acompa\u00f1ado de los diputados provinciales de Medio Ambiente, Jos\u00e9 Antonio G\u00f3mez, y de Cultura, Miguel Zamora, el m\u00e1ximo responsable provincial ha comenzado su intervenci\u00f3n agradeciendo la elecci\u00f3n de este espacio y se\u00f1alando que es un orgullo abrirlo para hablar de los caldos de la tierra y de quienes los hacen posible.<\/p>\n<p align=\"justify\">Adem\u00e1s, ha tenido palabras de reconocimiento para el Consejo Regular de la DO en la figura de su presidente, Carlos David Bonilla, y ha destacado su labor en la defensa de un producto que es s\u00edmbolo de nuestra tierra y embajador de nuestra cultura. <\/p>\n<p align=\"justify\">\u201cEstamos ante una de las Denominaciones de Origen m\u00e1s reconocidas del pa\u00eds en cantidad y calidad, y es pluriprovincial, con muchos municipios de Albacete incluidos, y la sentimos muy nuestra\u201d, ha afirmado Caba\u00f1ero.<\/p>\n<p>Caba\u00f1ero subraya que es \u201cun honor\u201d recibir este galard\u00f3n y compartirlo con el resto de reconocidos<\/p>\n<p align=\"justify\">Y centr\u00e1ndose en el acto, el presidente de la Diputaci\u00f3n ha apuntado que los premios reconocen a quienes los recogen, \u201cpero los prestigian quienes los entregan\u201d, y ha afirmado que \u201csi estos son unos galardones prestigiosos es porque detr\u00e1s est\u00e1 la DO La Mancha y tambi\u00e9n muchos hombres y mujeres que cada d\u00eda trabajan para conseguir este maravilloso producto\u201d, aludiendo a agricultores, en\u00f3logos, cooperativistas, bodegueros, distribuidores, \u201cy tambi\u00e9n a quienes lo comunican, lo ense\u00f1an y lo defienden\u201d. <\/p>\n<p align=\"justify\">De hecho, Caba\u00f1ero ha querido reconocer con sus palabras \u201ca toda una cadena que hace posible que en nuestra tierra mucha gente pueda vivir del vino y vivir bien en nuestros pueblos\u201d, y ha se\u00f1alado que hoy se premia a algunos de esos eslabones. Momento que ha aprovechado para felicitar a todas las personas y entidades reconocidas, al tiempo que les ha agradecido su apoyo a la DO La Mancha \u201cy, con ello, a nuestros vinos\u201d.<\/p>\n<p align=\"justify\">Caba\u00f1ero ha subrayado el honor que es para \u00e9l recibir este distintivo y compartirlo con todos los premiados y, muy especialmente, con Juanra Amores (alcalde de La Roda), que tambi\u00e9n ha sido reconocido a la \u2018Fidelidad\u2019, y ha dejado claro que el sector vitivin\u00edcola siempre va a encontrar en \u00e9l y en la Diputaci\u00f3n de Albacete \u201ca aliados\u201d.<\/p>\n<p>La Diputaci\u00f3n, \u201cuna aliada\u201d<\/p>\n<p align=\"justify\">Del mismo modo, ha explicado que desde su Gobierno van a seguir siendo c\u00f3mplices activos de quienes creen en el valor a\u00f1adido, en el origen y en la calidad de nuestros caldos, y ha incidido en que se van a seguir impulsando pol\u00edticas p\u00fablicas que fortalezcan el sector vitivin\u00edcola y el tejido agroalimentario, asegurando que \u201cah\u00ed est\u00e1 el coraz\u00f3n econ\u00f3mico y social de la provincia; y lo vamos a hacer como se hacen las cosas, con acompa\u00f1amiento, con escucha activa y con recursos econ\u00f3micos\u201d.<\/p>\n<p align=\"justify\">De hecho, la Diputaci\u00f3n invierte anualmente m\u00e1s de 70.000 euros en sector vitin\u00edcola tanto a trav\u00e9s de ayudas a las cuatro Denominaciones de Origen que conviven en la provincia, como a sus Rutas del Vino y la cifra ronda los 300.000 euros en ayudas al conjunto del sector agroalimentario para impulsar la promoci\u00f3n y puesta en valor de nuestros productos de m\u00e1xima calidad. <\/p>\n<p align=\"justify\">Durante su intervenci\u00f3n, Caba\u00f1ero ha asegurado que el vino es mucho m\u00e1s que un producto, \u201ces historia, cultura, identidad, memoria, formas de vida\u2026\u201d, y se ha referido a su importancia cuantitativa, ya que representa el 5 por ciento del PIB de la regi\u00f3n, y a su valor cualitativo, aludiendo a su capacidad para fijar poblaci\u00f3n e impulsar el desarrollo rural, recordando c\u00f3mo \u201cen los a\u00f1os del desarrollismo, las cooperativas, especialmente del vino, fueron determinantes para fijar poblaci\u00f3n\u201d. <\/p>\n<p align=\"justify\">El presidente de la Diputaci\u00f3n ha concluido tendiendo la mano del Gobierno provincial para trabajar y consolidar los caldos de este territorio como un referente de calidad, autenticidad y excelencia, advirtiendo que cuando el territorio se reconoce en lo que produce, cuando sus gentes sienten orgullo por lo que hacen, y cuando las instituciones est\u00e1n al lado de quienes lo hacen posible\u2026 se est\u00e1 construyendo futuro con ra\u00edces.<\/p>\n<p>Brindis de premiados<\/p>\n<p align=\"justify\">A lo largo de la gala, en la que han participado el director general de Desarrollo Rural de la JCCM, Jos\u00e9 Juan Fern\u00e1ndez, y el delegado provincial de Agricultura, Ganader\u00eda y Desarrollo Rural, Ram\u00f3n S\u00e1ez, tambi\u00e9n se ha reconocido con los Premios Honor\u00edficos a Soledad L\u00f3pez, en\u00f3loga de Bodegas Canforrales (El Provencio) como \u2018Catadora del A\u00f1o\u2019; el Centro de Interpretaci\u00f3n de la Alfarer\u00eda Tinajera (Villarrobledo) a la \u2018Iniciativa Enotur\u00edstica\u2019; al C.O.C. Imaginalia (Albacete) como \u2018Amigos del Vino\u2019; la Fundaci\u00f3n Consejo Regulador D.O. Queso Manchego ha recibido el distintivo \u2018Al Gusto\u2019; y el Festival del vino y cine de La Solana el premio \u2018Divulgaci\u00f3n de la Cultura del Vino\u2019; <\/p>\n<p align=\"justify\">Por su parte, el Grado Superior de Vitivinicultura del IES Cencibel en Villarrobledo ha sido reconocido a la \u2018Investigaci\u00f3n del Vino\u2019; Miguel Fern\u00e1ndez Jim\u00e9nez, en\u00f3logo y adjunto a la direcci\u00f3n en Bodegas Lozano en Villarrobledo como \u2018Maestro del vino\u2019; y el galard\u00f3n \u2018Una vida dedicada al vino\u2019 ha sido para Ezequiel Garc\u00eda Tendero, gerente de la Cooperativa La Uni\u00f3n de Tarazona de la Mancha, y para Mar\u00eda Rodr\u00edguez-Casanova Gonz\u00e1lez del Valle de Bodegas Trevi\u00f1o en Campo de Criptana. <\/p>\n<p align=\"justify\">Asimismo, se ha hecho entrega de los premios de los Concursos Vino y Cultura, de pintura r\u00e1pida (celebrado en Tarazona de la Mancha), de fotograf\u00eda digital y del certamen literario Lorenzo Serrano; y los de restauraci\u00f3n que han reca\u00eddo en el Mes\u00f3n el Sol en Albacete, Restaurante Casa de F\u00e9lix en Villarrobledo y Restaurante Juanito en La Roda. <\/p>\n","protected":false},"excerpt":{"rendered":"Albacete, 8 de octubre de 2025.- El Sal\u00f3n de Actos de la Diputaci\u00f3n de Albacete ha acogido la&hellip;\n","protected":false},"author":2,"featured_media":164457,"comment_status":"","ping_status":"","sticky":false,"template":"","format":"standard","meta":{"footnotes":""},"categories":[5],"tags":[17,18,4007,25,24,13,14,11,19,20,9,10,15,16,23,12,21,22],"class_list":{"0":"post-164456","1":"post","2":"type-post","3":"status-publish","4":"format-standard","5":"has-post-thumbnail","7":"category-titulares","8":"tag-breaking-news","9":"tag-breakingnews","10":"tag-destacado","11":"tag-es","12":"tag-espana","13":"tag-featured-news","14":"tag-featurednews","15":"tag-headlines","16":"tag-latest-news","17":"tag-latestnews","18":"tag-news","19":"tag-noticias","20":"tag-noticias-destacadas","21":"tag-noticiasdestacadas","22":"tag-spain","23":"tag-titulares","24":"tag-ultimas-noticias","25":"tag-ultimasnoticias"},"share_on_mastodon":{"url":"","error":""},"_links":{"self":[{"href":"https:\/\/www.europesays.com\/es\/wp-json\/wp\/v2\/posts\/164456","targetHints":{"allow":["GET"]}}],"collection":[{"href":"https:\/\/www.europesays.com\/es\/wp-json\/wp\/v2\/posts"}],"about":[{"href":"https:\/\/www.europesays.com\/es\/wp-json\/wp\/v2\/types\/post"}],"author":[{"embeddable":true,"href":"https:\/\/www.europesays.com\/es\/wp-json\/wp\/v2\/users\/2"}],"replies":[{"embeddable":true,"href":"https:\/\/www.europesays.com\/es\/wp-json\/wp\/v2\/comments?post=164456"}],"version-history":[{"count":0,"href":"https:\/\/www.europesays.com\/es\/wp-json\/wp\/v2\/posts\/164456\/revisions"}],"wp:featuredmedia":[{"embeddable":true,"href":"https:\/\/www.europesays.com\/es\/wp-json\/wp\/v2\/media\/164457"}],"wp:attachment":[{"href":"https:\/\/www.europesays.com\/es\/wp-json\/wp\/v2\/media?parent=164456"}],"wp:term":[{"taxonomy":"category","embeddable":true,"href":"https:\/\/www.europesays.com\/es\/wp-json\/wp\/v2\/categories?post=164456"},{"taxonomy":"post_tag","embeddable":true,"href":"https:\/\/www.europesays.com\/es\/wp-json\/wp\/v2\/tags?post=164456"}],"curies":[{"name":"wp","href":"https:\/\/api.w.org\/{rel}","templated":true}]}}