{"id":164488,"date":"2025-10-09T06:27:07","date_gmt":"2025-10-09T06:27:07","guid":{"rendered":"https:\/\/www.europesays.com\/es\/164488\/"},"modified":"2025-10-09T06:27:07","modified_gmt":"2025-10-09T06:27:07","slug":"ultima-hora-del-conflicto-en-oriente-proximo-en-directo-hamas-liberara-a-los-rehenes-israelies-a-partir-del-sabado-tras-el-acuerdo-sobre-el-plan-de-paz-internacional","status":"publish","type":"post","link":"https:\/\/www.europesays.com\/es\/164488\/","title":{"rendered":"\u00daltima hora del conflicto en Oriente Pr\u00f3ximo, en directo | Ham\u00e1s liberar\u00e1 a los rehenes israel\u00edes a partir del s\u00e1bado tras el acuerdo sobre el plan de paz | Internacional"},"content":{"rendered":"<p class=\"ev-title\">La comunidad internacional celebra el acuerdo y espera que traiga una paz duradera<\/p>\n<p>Una vez conocido el acuerdo entre Israel y Ham\u00e1s sobre la primera fase del plan de Donald Trump para Gaza, multitud de mandatarios de la comunidad internacional celebran la ventana de oportunidad para la paz. As\u00ed, el ministro de Exteriores de Italia, Antonio Tajani, ha escrito en X que \u201cla paz est\u00e1 cerca\u201d y que Italia, \u201cque siempre ha apoyado el plan de paz de EE UU, est\u00e1 preparada para hacer su parte para consolidar el alto el fuego, suministrar ayuda humanitaria y participar en la reconstrucci\u00f3n de Gaza\u201d. Afirma que est\u00e1 dispuesta incluso a enviar tropas a una eventual fuerza de paz internacional.\u00a0<\/p>\n<p>Otros pa\u00edses que ya se han pronunciado:<\/p>\n<p><strong>India<\/strong>: El primer ministro de la India, Narendra Modi, ha celebrado el pacto entre Israel y Ham\u00e1s, y considera que refleja \u201cel firme liderazgo\u201d de su par israel\u00ed, Benjam\u00edn Netanyahu. Ha escrito en X que espera que \u201cla liberaci\u00f3n de los rehenes y una mayor asistencia humanitaria al pueblo de Gaza les traigan alivio y allanen el camino hacia una paz duradera\u201d.<\/p>\n<p><strong>Pakist\u00e1n<\/strong>: El primer ministro de Pakist\u00e1n, Shehbaz Sharif, ha dicho que el entendimiento \u201ces una oportunidad hist\u00f3rica para garantizar una paz duradera en Oriente Pr\u00f3ximo\u201d. Sharif ha ensalzado que \u201cel liderazgo del presidente [de Estados Unidos, Donald] Trump durante todo el proceso de di\u00e1logo y negociaciones refleja su compromiso inquebrantable con la paz mundial\u201d y ha ensalzado el papel \u201cdecidido\u201d de los mediadores: Qatar, Egipto y Turqu\u00eda. Finalmente, pide \u201crendir homenaje al pueblo palestino, que ha sufrido de una manera sin precedentes y que nunca jam\u00e1s debe repetirse\u201d.<\/p>\n<p><strong>Malasia<\/strong>: El primer ministro de Malasia, Anwar Ibrahim, ha acogido con \u201cesperanza\u201d el acuerdo, que llega \u201ctras meses de sufrimiento\u201d y ha pedido a todos los implicados un \u201cesfuerzo\u201d que ponga fin a la violencia. Ha criticado la \u201cbrutalidad\u201d de Israel y se ha solidarizado con el pueblo palestino durante un multitudinario acto de solidaridad con Palestina celebrado en un estadio de Kuala Lumpur, instando a todas las partes a \u201cavanzar hacia una paz\u201d.<\/p>\n","protected":false},"excerpt":{"rendered":"La comunidad internacional celebra el acuerdo y espera que traiga una paz duradera Una vez conocido el acuerdo&hellip;\n","protected":false},"author":2,"featured_media":164489,"comment_status":"","ping_status":"","sticky":false,"template":"","format":"standard","meta":{"footnotes":""},"categories":[42],"tags":[17,18,68,70,71,72,13,14,73,69,75,11,61,62,63,64,74,19,20,9,10,15,16,77,76,12,21,22,65,66,67],"class_list":{"0":"post-164488","1":"post","2":"type-post","3":"status-publish","4":"format-standard","5":"has-post-thumbnail","7":"category-internacional","8":"tag-breaking-news","9":"tag-breakingnews","10":"tag-conflicto-arabe-israeli","11":"tag-conflictos","12":"tag-conflictos-armados","13":"tag-conflictos-internacionales","14":"tag-featured-news","15":"tag-featurednews","16":"tag-franja-gaza","17":"tag-guerra","18":"tag-hamas","19":"tag-headlines","20":"tag-internacional","21":"tag-international","22":"tag-international-news","23":"tag-internationalnews","24":"tag-israel","25":"tag-latest-news","26":"tag-latestnews","27":"tag-news","28":"tag-noticias","29":"tag-noticias-destacadas","30":"tag-noticiasdestacadas","31":"tag-oriente-proximo","32":"tag-palestina","33":"tag-titulares","34":"tag-ultimas-noticias","35":"tag-ultimasnoticias","36":"tag-world","37":"tag-world-news","38":"tag-worldnews"},"share_on_mastodon":{"url":"","error":""},"_links":{"self":[{"href":"https:\/\/www.europesays.com\/es\/wp-json\/wp\/v2\/posts\/164488","targetHints":{"allow":["GET"]}}],"collection":[{"href":"https:\/\/www.europesays.com\/es\/wp-json\/wp\/v2\/posts"}],"about":[{"href":"https:\/\/www.europesays.com\/es\/wp-json\/wp\/v2\/types\/post"}],"author":[{"embeddable":true,"href":"https:\/\/www.europesays.com\/es\/wp-json\/wp\/v2\/users\/2"}],"replies":[{"embeddable":true,"href":"https:\/\/www.europesays.com\/es\/wp-json\/wp\/v2\/comments?post=164488"}],"version-history":[{"count":0,"href":"https:\/\/www.europesays.com\/es\/wp-json\/wp\/v2\/posts\/164488\/revisions"}],"wp:featuredmedia":[{"embeddable":true,"href":"https:\/\/www.europesays.com\/es\/wp-json\/wp\/v2\/media\/164489"}],"wp:attachment":[{"href":"https:\/\/www.europesays.com\/es\/wp-json\/wp\/v2\/media?parent=164488"}],"wp:term":[{"taxonomy":"category","embeddable":true,"href":"https:\/\/www.europesays.com\/es\/wp-json\/wp\/v2\/categories?post=164488"},{"taxonomy":"post_tag","embeddable":true,"href":"https:\/\/www.europesays.com\/es\/wp-json\/wp\/v2\/tags?post=164488"}],"curies":[{"name":"wp","href":"https:\/\/api.w.org\/{rel}","templated":true}]}}