{"id":164490,"date":"2025-10-09T06:28:08","date_gmt":"2025-10-09T06:28:08","guid":{"rendered":"https:\/\/www.europesays.com\/es\/164490\/"},"modified":"2025-10-09T06:28:08","modified_gmt":"2025-10-09T06:28:08","slug":"la-crisis-de-las-mamografias-pasa-factura-al-gobierno-andaluz-la-consejera-de-salud-dimite-y-moreno-bonilla-pide-perdon-el-pais-expres","status":"publish","type":"post","link":"https:\/\/www.europesays.com\/es\/164490\/","title":{"rendered":"La crisis de las mamograf\u00edas pasa factura al Gobierno andaluz: la consejera de Salud dimite y Moreno Bonilla pide perd\u00f3n | El PA\u00cdS Expr\u00e9s"},"content":{"rendered":"<p><img fetchpriority=\"high\" decoding=\"auto\" class=\"_re  a_m-h\" height=\"414\"  width=\"414\"  src=\"https:\/\/www.europesays.com\/es\/wp-content\/uploads\/2025\/10\/MFIH4Q4RUZC2XNYB57BK3J6XEY.jpg\" loading=\"eager\"\/>08\/09\/25 SEVILLA. El presidente de la Junta de Andaluc\u00eda, Juanma Moreno Bonilla, durante su comparecencia en San Telmo, en una imagen distribuida por la Junta de Andaluc\u00eda. \/JUNTA DE ANDALUC\u00cdAFoto: Junta de Andaluc\u00eda<\/p>\n<p class=\"\">El esc\u00e1ndalo de los retrasos en la comunicaci\u00f3n de posibles enfermedades tras el cribado de c\u00e1ncer de mama de la Junta empieza a pasar factura al Ejecutivo andaluz.<\/p>\n<ul>\n<li>El presidente andaluz, Juanma Moreno Bonilla, anunci\u00f3 anoche la dimisi\u00f3n de la consejera de salud, Roc\u00edo Hern\u00e1ndez, m\u00e1s de una semana despu\u00e9s de que estallara la crisis.<\/li>\n<\/ul>\n<p class=\"\"><b>\u00bfQu\u00e9 ha pasado?<\/b> Un enorme fallo en la comunicaci\u00f3n de diagn\u00f3sticos dudosos en los cribados de c\u00e1ncer de mama ha puesto en riesgo a unas 2.000 mujeres andaluzas, a las que se les deb\u00edan hacer pruebas por un posible tumor sobre las que nunca se les inform\u00f3.<\/p>\n<p class=\"\"><b>Y ahora la Junta presenta un plan de choque. <\/b>El Gobierno de Juanma Moreno Bonilla admiti\u00f3 la semana pasada el error y, ahora, tras la sucesi\u00f3n de denuncias ante la Fiscal\u00eda tanto de organizaciones civiles como por parte de partidos pol\u00edticos, ha presentado un plan para tratar de subsanarlo.<\/p>\n<ul>\n<li>Se va a revisar a todas las mujeres con diagn\u00f3stico dudoso antes del 30 de noviembre, con la incorporaci\u00f3n de 119 nuevos profesionales, la mayor\u00eda radi\u00f3logos, que trabajar\u00e1n por las tardes y los fines de semana, gracias a la inyecci\u00f3n de 12 millones de euros.<\/li>\n<\/ul>\n<p class=\"\">\u00a9Foto: Carlos D\u00edaz (EFE)<\/p>\n<p class=\"\"><a href=\"https:\/\/elpais.com\/sociedad\/2025-10-08\/moreno-bonilla-comparece-por-la-crisis-de-los-cribados-del-cancer-de-mama.html\" target=\"_self\" rel=\"nofollow noopener\" title=\"https:\/\/elpais.com\/sociedad\/2025-10-08\/moreno-bonilla-comparece-por-la-crisis-de-los-cribados-del-cancer-de-mama.html\">Si quieres saber m\u00e1s, puedes leer aqu\u00ed.<\/a><\/p>\n","protected":false},"excerpt":{"rendered":"08\/09\/25 SEVILLA. El presidente de la Junta de Andaluc\u00eda, Juanma Moreno Bonilla, durante su comparecencia en San Telmo,&hellip;\n","protected":false},"author":2,"featured_media":164491,"comment_status":"","ping_status":"","sticky":false,"template":"","format":"standard","meta":{"footnotes":""},"categories":[8],"tags":[259,17,18,1066,17019,17021,25,24,13,14,11,26165,19,20,9,10,15,16,23,12,21,22],"class_list":{"0":"post-164490","1":"post","2":"type-post","3":"status-publish","4":"format-standard","5":"has-post-thumbnail","7":"category-espana","8":"tag-andalucia","9":"tag-breaking-news","10":"tag-breakingnews","11":"tag-cancer","12":"tag-cancer-mama","13":"tag-diagnostico-medico","14":"tag-es","15":"tag-espana","16":"tag-featured-news","17":"tag-featurednews","18":"tag-headlines","19":"tag-junta-andalucia","20":"tag-latest-news","21":"tag-latestnews","22":"tag-news","23":"tag-noticias","24":"tag-noticias-destacadas","25":"tag-noticiasdestacadas","26":"tag-spain","27":"tag-titulares","28":"tag-ultimas-noticias","29":"tag-ultimasnoticias"},"share_on_mastodon":{"url":"","error":""},"_links":{"self":[{"href":"https:\/\/www.europesays.com\/es\/wp-json\/wp\/v2\/posts\/164490","targetHints":{"allow":["GET"]}}],"collection":[{"href":"https:\/\/www.europesays.com\/es\/wp-json\/wp\/v2\/posts"}],"about":[{"href":"https:\/\/www.europesays.com\/es\/wp-json\/wp\/v2\/types\/post"}],"author":[{"embeddable":true,"href":"https:\/\/www.europesays.com\/es\/wp-json\/wp\/v2\/users\/2"}],"replies":[{"embeddable":true,"href":"https:\/\/www.europesays.com\/es\/wp-json\/wp\/v2\/comments?post=164490"}],"version-history":[{"count":0,"href":"https:\/\/www.europesays.com\/es\/wp-json\/wp\/v2\/posts\/164490\/revisions"}],"wp:featuredmedia":[{"embeddable":true,"href":"https:\/\/www.europesays.com\/es\/wp-json\/wp\/v2\/media\/164491"}],"wp:attachment":[{"href":"https:\/\/www.europesays.com\/es\/wp-json\/wp\/v2\/media?parent=164490"}],"wp:term":[{"taxonomy":"category","embeddable":true,"href":"https:\/\/www.europesays.com\/es\/wp-json\/wp\/v2\/categories?post=164490"},{"taxonomy":"post_tag","embeddable":true,"href":"https:\/\/www.europesays.com\/es\/wp-json\/wp\/v2\/tags?post=164490"}],"curies":[{"name":"wp","href":"https:\/\/api.w.org\/{rel}","templated":true}]}}