{"id":164503,"date":"2025-10-09T06:37:12","date_gmt":"2025-10-09T06:37:12","guid":{"rendered":"https:\/\/www.europesays.com\/es\/164503\/"},"modified":"2025-10-09T06:37:12","modified_gmt":"2025-10-09T06:37:12","slug":"pase-lo-que-pase-queremos-llegar-a-la-final-four-y-es-lo-que-intentaremos-hacer","status":"publish","type":"post","link":"https:\/\/www.europesays.com\/es\/164503\/","title":{"rendered":"Pase lo que pase queremos llegar a la Final Four y es lo que intentaremos hacer"},"content":{"rendered":"<p class=\"ft-text\">El Bar\u00e7a, <a class=\"ft-link ft-link--decoration\" href=\"https:\/\/www.sport.es\/es\/noticias\/barca\/balonmano\/barca-recupera-trono-balonmano-mundial-122211398\" rel=\"nofollow noopener\" target=\"_blank\">que llega de ganar hace solo unos pocos d\u00edas el Mundial de Clubes en Egipto, <\/a>se mide hoy al Pick Szeged en la tercera jornada de la EHF Champions League 2025\/2026. Los azulgranas apenas han tenido tiempo de celebrar el primer gran t\u00edtulo de una exigente temporada en la que el gran objetivo vuelve a ser el cetro europeo.<\/p>\n<p class=\"ft-text\">El capit\u00e1n del Bar\u00e7a,<strong> Dika Mem<\/strong>, uno de los veteranos de la plantilla pese a su juventud (28 a\u00f1os), visit\u00f3 SPORT en la previa del encuentro para rememorar la final contra el Veszpr\u00e9m en el Mundial de Clubes y repasar los pr\u00f3ximos retos del equipo.<\/p>\n<p class=\"ft-text\"><strong>\u00bfC\u00f3mo has vivido la final del Mundial de Clubes despu\u00e9s de tanto tiempo sin conseguir el t\u00edtulo?<\/strong><\/p>\n<p class=\"ft-text\">Ha sido una final muy complicada. Estos \u00faltimos a\u00f1os, siempre que estuvimos en pr\u00f3rroga, a veces por mala suerte, a veces porque el equipo al que nos enfrentamos jug\u00f3 mejor, perdimos y esta vez ha podido ser de nuestro lado. Estoy muy contento por haber ganado este partido y el t\u00edtulo, obviamente.<\/p>\n<p class=\"ft-text\"><strong>T\u00fa ya hab\u00edas conseguido el t\u00edtulo, pero despu\u00e9s de dos finales perdidas, dos a\u00f1os sin llegar a la final, \u00bfera muy importante recuperarlo para empezar bien la temporada? <\/strong><\/p>\n<p class=\"ft-text\">Cada vez que fuimos ah\u00ed hemos ido para ganar, es un t\u00edtulo que nos ha costado \u00faltimamente, pero por lo menos yo, aunque haya ganado este torneo, quer\u00eda ganarlo de nuevo. Siempre quiero ganarlo todo. Iba con la misma mentalidad que cada a\u00f1o y con este grupo que es nuevo, seguro que nos va a dar mucha confianza. Es algo que ten\u00edamos muy marcado. Aunque el grupo es nuevo, quer\u00edamos desde el primer momento conseguir t\u00edtulos y es lo que hicimos en Egipto.<\/p>\n<p class=\"ft-text\"><strong>A nivel personal y como equipo \u00bfprefer\u00edais en la final al Magdeburgo como una forma de revancha o al Veszpr\u00e9m? <\/strong><\/p>\n<p class=\"ft-text\">No voy a hablar por los dem\u00e1s, pero a m\u00ed me daba igual jugar contra Magdeburgo o Veszpr\u00e9m. Al final sab\u00edamos que iba a ser uno de los dos, aunque estaba el Al Ahly, que es un buen equipo y realmente puede poner problemas a cualquiera, pero sab\u00edamos que iba a ser un europeo. En todo caso, iba a ser un partido muy dif\u00edcil y \u00edbamos a ir por uno de los dos, seguro.<\/p>\n<p><img decoding=\"async\" src=\"https:\/\/www.europesays.com\/es\/wp-content\/uploads\/2025\/10\/10ba06c8-5c1e-4d54-9c90-2dcb3de90855_alta-libre-aspect-ratio_default_0.jpg\" width=\"1200\" height=\"800\" alt=\"Dika Mem y Carlos Ortega, en su visita a SPORT\" class=\"ft-helper-img-rd\" loading=\"lazy\" hasdataaida=\"true\"\/><\/p>\n<p class=\"ft-helper-fontColor-quaternary ft-helper-fontSize-body-S ft-helper-spacer-t-xxs\">Dika Mem y Carlos Ortega, en su visita a SPORT  \/ Dani Barbeito<\/p>\n<p class=\"ft-text\"><strong>Hay muchas novedades en el equipo, muchos jugadores j\u00f3venes \u00bfC\u00f3mo se est\u00e1n adaptando?<\/strong><\/p>\n<p class=\"ft-text\">Creo que muy bien. Al final son j\u00f3venes, pero algunos han estado en el club, como Barru (Ian Barrufet), como Djordje (Cikusa). Dani (Fern\u00e1ndez) estaba en el segundo equipo y aunque nunca estuvo con nosotros, son gente que conoce el club. Creo que al final es un poco la idea del club, tener espa\u00f1oles, catalanes, que est\u00e1 muy bien. En el grupo van sumando y la verdad estoy muy sorprendido, porque no me esperaba que iban a responder tan r\u00e1pido, pero mejor para todos.<\/p>\n<p class=\"ft-text\"><strong>T\u00fa eres uno de los veteranos del equipo, llevas muchas temporadas en el Bar\u00e7a \u00bfQu\u00e9 es lo que les est\u00e1s intentando ense\u00f1ar?<\/strong><\/p>\n<p class=\"ft-text\">Yo soy uno de los veteranos, pero solo tengo 28 a\u00f1os. Tampoco mi papel es ser abuelo aqu\u00ed, pero intento todo lo que he aprendido en estos a\u00f1os, devolverlo y siempre es lo que les digo, dar el cien por cien. Cuando das el cien por cien la gente no se puede quejar y van a acelerar, se van a equivocar, pero han de jugar alegres, sin miedo, y despu\u00e9s si se equivocan, es parte del juego. Yo tambi\u00e9n, que tengo 28, todav\u00eda me equivoco y me equivocar\u00e9 hasta el final de mi carrera. Vamos a aprender todos los d\u00edas, pero mientras se da al cien por cien, nunca les voy a decir nada.<\/p>\n<p><img decoding=\"async\" src=\"https:\/\/www.europesays.com\/es\/wp-content\/uploads\/2025\/10\/4d3beb92-2ecf-49d8-a837-59095fc62cd3_alta-libre-aspect-ratio_default_0.jpg\" width=\"1200\" height=\"800\" alt=\"Carlos Ortega y Dika Mem con Joan Vehils, director de SPORT, en su visita al diario\" class=\"ft-helper-img-rd\" loading=\"lazy\" hasdataaida=\"true\"\/><\/p>\n<p class=\"ft-helper-fontColor-quaternary ft-helper-fontSize-body-S ft-helper-spacer-t-xxs\">Carlos Ortega y Dika Mem con Joan Vehils, director de SPORT, en su visita al diario  \/ Dani Barbeito<\/p>\n<p class=\"ft-text\"><strong>Esta curso la profundidad de banquillo igual no es la esperada \u00bfCrees que esto puede lastrar al equipo seg\u00fan avance de la temporada?<\/strong><\/p>\n<p class=\"ft-text\">No, porque, aunque no me gusta mucho, si nos comparamos con otros equipos, hay algunos que juegan con siete todo el a\u00f1o y juegan en ligas m\u00e1s dif\u00edciles y llegan a la Final 4 y consiguen t\u00edtulos, as\u00ed que no creo que esto sea algo malo. Obviamente, aqu\u00ed en el Bar\u00e7a estamos m\u00e1s acostumbrados a jugar con 16, pero cada jugador tendr\u00e1 su momento. Estamos en octubre, y como est\u00e1n jugando ahora, seguro que jugar\u00e1n mejor m\u00e1s adelante y tendr\u00e1n minutos. Y ya lo vimos, por ejemplo, Djordjeest\u00e1 participando de momento en defensa, pero seguramente llegar\u00e1 su momento en ataque tambi\u00e9n. Barru y Dani juegan igual, Petar (Cikusa), Oscar (Grau) ayuda un poco. Yo creo que cada uno tiene su papel y mientras sepamos lo que tenemos que hacer, funcionar\u00e1.<\/p>\n<p class=\"ft-text\"><strong>En tu caso ya vienes de una lesi\u00f3n en las primeras jornadas, muchos minutos en pista \u00bfT\u00fa te encuentras bien f\u00edsicamente? <\/strong><\/p>\n<p class=\"ft-text\">S\u00ed, estoy mejor ya. Es verdad que ha sido un poco raro para m\u00ed este inicio de temporada, porque creo que nunca he estado fuera as\u00ed de primeras tanto tiempo. As\u00ed que para m\u00ed tambi\u00e9n estos partidos me serv\u00edan para volver a coger ritmo, pero me siento muy bien y tengo muchas ganas de competir.<\/p>\n<p class=\"ft-text\"><strong>Visto desde fuera, tu falta en el equipo se ha notado mucho \u00bfT\u00fa sientes eso tambi\u00e9n, que eres una de las piezas claves? <\/strong><\/p>\n<p class=\"ft-text\">No, no. Bueno, s\u00ed clave, pero no s\u00e9. Hay jugadores en el equipo para sustituirme. Obviamente s\u00e9 que tengo un papel muy importante, pero tenemos la calidad para competir. <a class=\"ft-link ft-link--decoration\" href=\"https:\/\/www.sport.es\/es\/noticias\/barca\/balonmano\/magdeburgo-impone-ley-cruel-final-121723301\" rel=\"nofollow noopener\" target=\"_blank\">Ante el Magdeburgo (en Champions)<\/a> yo no estaba, pero se perdi\u00f3 solo de uno y podr\u00edamos haber empatado. Es lo bueno que tenemos en el Bar\u00e7a. Siempre la gente quiere competir. Tenemos esa cultura de querer ganar, que est\u00e1 muy metida en los m\u00e1s veteranos y tambi\u00e9n en los j\u00f3venes o sea que por cualquier jugador que no est\u00e9, siempre hay uno que va a dar un paso adelante para poder ayudar al grupo.<\/p>\n<p><img decoding=\"async\" src=\"https:\/\/www.europesays.com\/es\/wp-content\/uploads\/2025\/10\/22166865-b887-40f2-9ada-55f98d47ec43_alta-libre-aspect-ratio_default_0.jpg\" width=\"1200\" height=\"800\" alt=\"Dika Mem, durante su entrevista\" class=\"ft-helper-img-rd\" loading=\"lazy\" hasdataaida=\"true\"\/><\/p>\n<p class=\"ft-helper-fontColor-quaternary ft-helper-fontSize-body-S ft-helper-spacer-t-xxs\">Dika Mem, durante su entrevista  \/ Dani Barbeito<\/p>\n<p class=\"ft-text\"><strong>Viaje a Egipto despu\u00e9s de un partido importante en Champions, cinco partidos en siete d\u00edas, vuelta a Barcelona, la Liga, ahora el Pick en Champions. \u00bfC\u00f3mo se prepara un jugador f\u00edsica y mentalmente? <\/strong><\/p>\n<p class=\"ft-text\">Yo creo que en estos momentos el f\u00edsico cuenta mucho, pero la parte mental es la m\u00e1s importante para m\u00ed. Yo, por ejemplo, intento desconectar. Normalmente suelo mirar mucho balonmano, pero cuando juego tantos partidos en tan poco tiempo, prefiero desconectar un poco. Cuando estoy fuera de los entrenos o partidos, hago mi vida. Y creo que es un poco lo que hace la gente. Cada uno tiene sus rutinas, pero sabemos que cuando hay que ponerse, nos vamos a poner. Ahora tenemos un partido importante el jueves y seguro que vamos a responder.<\/p>\n<p class=\"ft-text\"><strong>\u00bfEs f\u00e1cil conectar y volver a desconectar en tan pocos d\u00edas?<\/strong><\/p>\n<p class=\"ft-text\">Esto se aprende con el tiempo. Cuando eres m\u00e1s joven puedes desconectar m\u00e1s f\u00e1cil, pero te cuesta volver a enterarte de que ya hemos vuelto a jugar partidos importantes. Pero ya estoy acostumbrado a este ritmo de partidos. Jugar cinco en siete d\u00edas es una barbaridad, pero es lo que hay y al final, cuando queremos competir, cogemos esos partidos con placer.<\/p>\n<blockquote class=\"ft-mol-quote\" data-aida-quote=\"\"><p>Jugar cinco en siete d\u00edas es una barbaridad, pero es lo que hay. Al final, cuando queremos competir, cogemos esos partidos con placer<\/p><\/blockquote>\n<p class=\"ft-text\"><strong>El primer objetivo grande de la temporada era el Mundial de Clubes y se ha conseguido. \u00bfCu\u00e1l es el siguiente objetivo a corto plazo y a largo plazo?<\/strong><\/p>\n<p class=\"ft-text\">Si vamos a corto plazo ser\u00eda ganar el jueves, pero despu\u00e9s vamos a intentar ganar todos los partidos que nos vienen. Va a haber partidos muy dif\u00edciles, tambi\u00e9n en ASOBAL, que nos viene un derbi el domingo. El \u00faltimo partido que jugamos contra ellos, perdimos as\u00ed que partido a partido vamos a intentar ganarlo todo. M\u00e1s adelante, ya veremos. Pero el objetivo sigue siendo el mismo. Pase lo que pase, cambio de grupo, no cambio de grupo, lo que sea, queremos llegar a la Final Four. Y es lo que intentaremos hacer.<\/p>\n<p>Duelo de altos vuelos en el Palau<\/p>\n<p class=\"ft-text\">El Bar\u00e7a recibe hoy al potente Pick Szeged (20.45 horas) en un duelo directo por la zona alta de la tabla en el Grupo B. Ambos conjuntos empatan con cuatro puntos, con los de Carlos Ortega segundos, tras el Magdeburgo, y los h\u00fangaros terceros. Ser\u00e1 el primer duelo directo desde los cuartos de final de la pasada Champions con victoria azulgrana en una dura eliminatoria.<\/p>\n","protected":false},"excerpt":{"rendered":"El Bar\u00e7a, que llega de ganar hace solo unos pocos d\u00edas el Mundial de Clubes en Egipto, se&hellip;\n","protected":false},"author":2,"featured_media":164504,"comment_status":"","ping_status":"","sticky":false,"template":"","format":"standard","meta":{"footnotes":""},"categories":[269],"tags":[299,376,2296,298,11681,168,24159,25,24,23,167],"class_list":{"0":"post-164503","1":"post","2":"type-post","3":"status-publish","4":"format-standard","5":"has-post-thumbnail","7":"category-baloncesto","8":"tag-baloncesto","9":"tag-balonmano","10":"tag-barca","11":"tag-basketball","12":"tag-champions","13":"tag-deportes","14":"tag-dika-mem","15":"tag-es","16":"tag-espana","17":"tag-spain","18":"tag-sports"},"share_on_mastodon":{"url":"","error":""},"_links":{"self":[{"href":"https:\/\/www.europesays.com\/es\/wp-json\/wp\/v2\/posts\/164503","targetHints":{"allow":["GET"]}}],"collection":[{"href":"https:\/\/www.europesays.com\/es\/wp-json\/wp\/v2\/posts"}],"about":[{"href":"https:\/\/www.europesays.com\/es\/wp-json\/wp\/v2\/types\/post"}],"author":[{"embeddable":true,"href":"https:\/\/www.europesays.com\/es\/wp-json\/wp\/v2\/users\/2"}],"replies":[{"embeddable":true,"href":"https:\/\/www.europesays.com\/es\/wp-json\/wp\/v2\/comments?post=164503"}],"version-history":[{"count":0,"href":"https:\/\/www.europesays.com\/es\/wp-json\/wp\/v2\/posts\/164503\/revisions"}],"wp:featuredmedia":[{"embeddable":true,"href":"https:\/\/www.europesays.com\/es\/wp-json\/wp\/v2\/media\/164504"}],"wp:attachment":[{"href":"https:\/\/www.europesays.com\/es\/wp-json\/wp\/v2\/media?parent=164503"}],"wp:term":[{"taxonomy":"category","embeddable":true,"href":"https:\/\/www.europesays.com\/es\/wp-json\/wp\/v2\/categories?post=164503"},{"taxonomy":"post_tag","embeddable":true,"href":"https:\/\/www.europesays.com\/es\/wp-json\/wp\/v2\/tags?post=164503"}],"curies":[{"name":"wp","href":"https:\/\/api.w.org\/{rel}","templated":true}]}}