{"id":164505,"date":"2025-10-09T06:38:26","date_gmt":"2025-10-09T06:38:26","guid":{"rendered":"https:\/\/www.europesays.com\/es\/164505\/"},"modified":"2025-10-09T06:38:26","modified_gmt":"2025-10-09T06:38:26","slug":"los-mensajes-del-mundo-del-futbol-tras-la-muerte-de-miguel-angel-russo-de-la-despedida-de-river-a-los-clubes-que-lo-disfrutaron","status":"publish","type":"post","link":"https:\/\/www.europesays.com\/es\/164505\/","title":{"rendered":"Los mensajes del mundo del f\u00fatbol tras la muerte de Miguel \u00c1ngel Russo: de la despedida de River a los clubes que lo disfrutaron"},"content":{"rendered":"<p><img alt=\"Asumi\u00f3 como DT de Boca\" class=\"global-image\" decoding=\"async\" fetchpriority=\"high\" height=\"2711\" loading=\"eager\" src=\"https:\/\/www.europesays.com\/es\/wp-content\/uploads\/2025\/10\/WWFBZ2GB5RBFHHKRG4VNQLYMEM.com\" width=\"4820\"\/>Asumi\u00f3 como DT de Boca para el Mundial de Clubes (Cr\u00e9dito: Reuters\/Marco Bello)<\/p>\n<p class=\"paragraph\"><a href=\"https:\/\/www.infobae.com\/deportes\/2025\/10\/08\/dolor-en-el-mundo-del-futbol-murio-miguel-angel-russo\/\" target=\"_blank\" rel=\"noreferrer nofollow noopener\" title=\"https:\/\/www.infobae.com\/deportes\/2025\/10\/08\/dolor-en-el-mundo-del-futbol-murio-miguel-angel-russo\/\"><b>Miguel \u00c1ngel Russo<\/b> falleci\u00f3 este mi\u00e9rcoles a los 69 a\u00f1os<\/a> rodeado de su c\u00edrculo \u00edntimo en su casa. La noticia estremeci\u00f3 al mundo del f\u00fatbol con decenas de mensajes de distintos clubes con eje en la partida del entrenador campe\u00f3n de la <b>Copa Libertadores 2007<\/b> con el Xeneize, y quien hasta sus \u00faltimos d\u00edas se desempe\u00f1\u00f3 al mando de ese mismo club en su tercera etapa, luego de su paso anterior entre 2020 y 2021.<\/p>\n<p class=\"paragraph\">De hecho, el cuadro Azul y Oro fue uno de los primeros en despedirse de su conductor: \u00ab<b>El Club Atl\u00e9tico Boca Juniors comunica con profunda tristeza el fallecimiento de Miguel \u00c1ngel Russo. Miguel deja una huella imborrable en nuestra instituci\u00f3n y ser\u00e1 siempre un ejemplo de alegr\u00eda, calidez y esfuerzo. Acompa\u00f1amos a su familia y a sus seres queridos en este momento de dolor. \u00a1Hasta siempre, querido Miguel!<\/b>\u201c.<\/p>\n<p class=\"paragraph\"><a href=\"https:\/\/www.infobae.com\/deportes\/2025\/10\/09\/la-emotiva-despedida-de-leandro-paredes-a-miguel-angel-russo-nos-dejas-muchos-recuerdos-y-ensenanzas\/\" target=\"_blank\" rel=\"noreferrer nofollow noopener\" title=\"https:\/\/www.infobae.com\/deportes\/2025\/10\/09\/la-emotiva-despedida-de-leandro-paredes-a-miguel-angel-russo-nos-dejas-muchos-recuerdos-y-ensenanzas\/\"><b>Leandro Paredes<\/b><\/a> utiliz\u00f3 su cuenta personal de Instagram para emitir sus sensaciones frente a esta p\u00e9rdida: \u201c<b>Gracias por defender nuestros colores con tanta pasi\u00f3n, gracias por luchar hasta el \u00faltimo d\u00eda para estar presente acompa\u00f1ando a tu equipo. Nos dejas muchos recuerdos y ense\u00f1anzas. Hasta siempre Miguel! Un sentido p\u00e9same a toda la familia Russo<\/b>\u201d.<\/p>\n<p class=\"paragraph\"><b>San Lorenzo<\/b> se sum\u00f3 a las condolencias con una breve misiva en redes sociales, luego de tenerlo como director t\u00e9cnico en dos etapas distintas entre <b>2008\/09<\/b> y <b>2024\/25<\/b>: \u201cSan Lorenzo lamenta profundamente el fallecimiento de Miguel \u00c1ngel Russo, quien dirigi\u00f3 al Club en dos oportunidades y es una leyenda del f\u00fatbol argentino. Acompa\u00f1amos a su familia y seres queridos en este momento tan triste. \u00a1Hasta siempre, Miguelo!\u201c.<\/p>\n<p><img alt=\"El comunicado de Boca Juniors\" class=\"global-image\" decoding=\"async\" fetchpriority=\"low\" height=\"1807\" loading=\"lazy\" src=\"https:\/\/www.europesays.com\/es\/wp-content\/uploads\/2025\/10\/OJRYQTTFZBAATHLQQXV6A22DIQ.jpg\" width=\"1080\"\/>El comunicado de Boca Juniors por la muerte de Miguel \u00c1ngel Russo<\/p>\n<p class=\"paragraph\">Adem\u00e1s, el cl\u00e1sico rival de Boca Juniors tambi\u00e9n se hizo eco por el fallecimiento del orientador: \u201c<b>River Plate lamenta profundamente el fallecimiento de Miguel \u00c1ngel Russo, entrenador de Boca Juniors y con una destacada trayectoria en el f\u00fatbol como jugador y DT. Nuestra Instituci\u00f3n acompa\u00f1a a sus familiares y seres queridos en este triste momento<\/b>\u201d. Y su presidente, <b>Jorge Brito<\/b>: \u201cFuerte abrazo para toda su familia, se va una gran persona, amable y profesional.<b> El f\u00fatbol lo recordar\u00e1 siempre de la mejor manera\u201d.<\/b><\/p>\n<p><img alt=\"\" class=\"global-image\" decoding=\"async\" fetchpriority=\"low\" height=\"714\" loading=\"lazy\" src=\"https:\/\/www.europesays.com\/es\/wp-content\/uploads\/2025\/10\/GDTTMSOEJ5G3ZKB5PYXAS7T6IQ.jpg\" width=\"2090\"\/><\/p>\n<p class=\"paragraph\">La AFA sigui\u00f3 en la misma l\u00ednea: \u201c<b>La Asociaci\u00f3n del F\u00fatbol Argentino, a trav\u00e9s de su Presidente Claudio Tapia, lamenta profundamente el fallecimiento de Miguel \u00c1ngel Russo y env\u00eda su m\u00e1s c\u00e1lido abrazo a familiares y seres queridos<\/b>\u201d.<\/p>\n<p class=\"paragraph\"><b>Estudiantes<\/b>, donde brill\u00f3 como jugador y tuvo dos ciclos como entrenador, despidi\u00f3 a un hijo pr\u00f3digo de la entidad platense: \u201c<b>Hasta siempre, Miguel querido. Acompa\u00f1amos a su familia y a sus seres queridos en este doloroso momento<\/b>\u201d. <b>Rosario Central<\/b> se sum\u00f3 al Pincha con una imagen de \u00e9l en blanco y negro y la siguiente frase: <b>\u201cUn Guerrero de la vida. Un Guerrero de Central\u201d<\/b>.<\/p>\n<p class=\"paragraph\">La figura del Canalla, <b>\u00c1ngel Di Mar\u00eda<\/b>, se expidi\u00f3 a trav\u00e9s de su perfil de Instagram: \u201c<b>Gracias por ense\u00f1arnos, gracias por tantas alegr\u00edas. Quedar\u00e1s por siempre en nuestros corazones. Descansa en paz Miguel querido<\/b>\u201d.<\/p>\n<p><img alt=\"Esto escribi\u00f3 \u00c1ngel Di Mar\u00eda\" class=\"global-image\" decoding=\"async\" fetchpriority=\"low\" height=\"862\" loading=\"lazy\" src=\"https:\/\/www.europesays.com\/es\/wp-content\/uploads\/2025\/10\/C26STIBWTFCU3JGXGFQCKXUUEA.png\" width=\"478\"\/>Esto escribi\u00f3 \u00c1ngel Di Mar\u00eda en Instagram<\/p>\n<p class=\"paragraph\">Miguelo fue campe\u00f3n con ese club, y tambi\u00e9n lo fue con V\u00e9lez, que dej\u00f3 un breve escrito en redes: \u201c<b>Un caballero, un se\u00f1or con todas las letras que supo honrar su capacidad como entrenador dos veces al frente de nuestro equipo, d\u00f3nde condujo al <\/b><b>Fort\u00edn <\/b><b>al t\u00edtulo del Clausura 2005<\/b>\u201d.<\/p>\n<p class=\"paragraph\">La Confederaci\u00f3n Sudamericana de F\u00fatbol tambi\u00e9n record\u00f3 al orientador que deja un legado eterno en el f\u00fatbol argentino: \u201cLa Conmebol lamenta el fallecimiento de Miguel \u00c1ngel Russo, campe\u00f3n de la Conmebol Libertadores y de destacada trayectoria en diversos clubes del f\u00fatbol sudamericano. Condolencias a familiares y amigos. QEPD\u201d.<\/p>\n<p class=\"paragraph\">El presidente de ese ente, <b>Alejandro Dom\u00ednguez<\/b>, dej\u00f3 su sentir en su cuenta personal: \u201cLamento profundamente la partida de mi querido amigo Miguel \u00c1ngel Russo. Un ejemplo de vida, de lucha y de amor por el f\u00fatbol. Hoy se va un grande, que Crey\u00f3 en Grande, y que deja su huella por siempre. Abrazo fuerte a su familia y amigos. Que en paz descanses, Campe\u00f3n\u201d.<\/p>\n<p><img alt=\"Esto escribi\u00f3 la Conmebol en\" class=\"global-image\" decoding=\"async\" fetchpriority=\"low\" height=\"1004\" loading=\"lazy\" src=\"https:\/\/www.europesays.com\/es\/wp-content\/uploads\/2025\/10\/WRULI4GQ4RFX7O3SV5V6QF6VK4.jpg\" width=\"2140\"\/>Esto escribi\u00f3 la Conmebol en sus redes sociales<\/p>\n<p class=\"paragraph\">El organismo que regula la Primera Divisi\u00f3n del f\u00fatbol argentino se acopl\u00f3 a los mensajes de tristeza: \u201c<b>Con profundo dolor la Liga Profesional de F\u00fatbol lamenta el fallecimiento de Miguel \u00c1ngel Russo y acompa\u00f1a a su familia, amigos y a todo el Club Atl\u00e9tico Boca Juniors en este duro momento. Despedimos a un emblema como jugador y DT, y sobre todo una gran persona y ejemplo para todo el f\u00fatbol argentino\u00bb<\/b>.<\/p>\n<p class=\"paragraph\"><b>Racing<\/b>, <b>Lan\u00fas<\/b>, <b>Col\u00f3n <\/b>y <b>Millonarios <\/b>de Colombia fueron otras de las instituciones que lo tuvieron como conductor y le dejaron un mensaje de adi\u00f3s. As\u00ed lo hizo el cuadro colombiano: \u201cEl presidente Enrique Camacho, presidente de la Junta Directiva Gustavo Serpa, la Junta Directiva, el equipo profesional, cuerpo de apoyo y administrativo lamenta profundamente el fallecimiento del profesor Miguel \u00c1ngel Russo amigo cercano y leyenda embajadora. Siempre te recordaremos Miguel\u201d.<\/p>\n<p class=\"paragraph\">\u201cRacing Club lamenta profundamente el fallecimiento de Miguel \u00c1ngel Russo, entrenador del plantel profesional entre los a\u00f1os 2010 y 2011 y con una destacada trayectoria en el f\u00fatbol argentino. Le enviamos un c\u00e1lido abrazo a su familia, seres queridos y allegados\u201d, continu\u00f3 la Academia.<\/p>\n<p class=\"paragraph\">El Granate eligi\u00f3 destacar los logros alcanzados por el t\u00e9cnico dentro de un equipo que empezaba su camino hasta permanecer en la \u00e9lite: \u201cProfundo dolor: Club Atl\u00e9tico Lan\u00fas lamenta el fallecimiento de Miguel \u00c1ngel Russo, quien fuera entrenador de la instituci\u00f3n en los periodos 1989-1994 y 1999-2000, gran art\u00edfice de los ascensos conseguidos en 1990 y 1992 y protagonista ineludible en nuestro crecimiento deportivo\u201d. Y Col\u00f3n de Santa Fe a\u00f1adi\u00f3: \u201cEl pueblo sabalero acompa\u00f1a en este momento de dolor a sus familiares, amigos y seres queridos\u201d.<\/p>\n<p class=\"paragraph\"><b>TODOS LOS MENSAJES DEL MUNDO DEL F\u00daTBOL POR LA MUERTE DE MIGUEL \u00c1NGEL RUSSO<\/b><\/p>\n<p><img alt=\"El mensaje de San Lorenzo\" class=\"global-image\" decoding=\"async\" fetchpriority=\"low\" height=\"865\" loading=\"lazy\" src=\"https:\/\/www.europesays.com\/es\/wp-content\/uploads\/2025\/10\/UOWJEHEPF5CY7D7PBS26Q6X67M.jpg\" width=\"1536\"\/>El mensaje de San Lorenzo<img alt=\"El recuerdo de River Plate\" class=\"global-image\" decoding=\"async\" fetchpriority=\"low\" height=\"1563\" loading=\"lazy\" src=\"https:\/\/www.europesays.com\/es\/wp-content\/uploads\/2025\/10\/X6PINGX3WJGSHLXKV2ENIEI7CA.jpg\" width=\"1080\"\/>El recuerdo de River Plate a Russo<img alt=\"El mensaje de la AFA\" class=\"global-image\" decoding=\"async\" fetchpriority=\"low\" height=\"538\" loading=\"lazy\" src=\"https:\/\/www.europesays.com\/es\/wp-content\/uploads\/2025\/10\/FOHYLOOZSZDPLGKIHN62M5BHTM.jpg\" width=\"1445\"\/>El mensaje de la AFA<img alt=\"Estudiantes despidi\u00f3 a Russo\" class=\"global-image\" decoding=\"async\" fetchpriority=\"low\" height=\"1174\" loading=\"lazy\" src=\"https:\/\/www.europesays.com\/es\/wp-content\/uploads\/2025\/10\/EUTYG6Z5OFCDPOHOROLKGOTQAE.jpg\" width=\"2229\"\/>Estudiantes despidi\u00f3 a Russo<img alt=\"La despedida de Alejandro Dom\u00ednguez,\" class=\"global-image\" decoding=\"async\" fetchpriority=\"low\" height=\"2255\" loading=\"lazy\" src=\"https:\/\/www.europesays.com\/es\/wp-content\/uploads\/2025\/10\/2TNMVWBWXBGC7NZL4TU6LMTPVA.jpg\" width=\"2322\"\/>La despedida de Alejandro Dom\u00ednguez, presidente de la Conmebol<img alt=\"Independiente se sum\u00f3 a las\" class=\"global-image\" decoding=\"async\" fetchpriority=\"low\" height=\"653\" loading=\"lazy\" src=\"https:\/\/www.europesays.com\/es\/wp-content\/uploads\/2025\/10\/3D22P365AJAPNOFWTQJCSRD7KU.jpg\" width=\"1341\"\/>Independiente se sum\u00f3 a las condolescencias<img alt=\"Fue campe\u00f3n con Millonarios en\" class=\"global-image\" decoding=\"async\" fetchpriority=\"low\" height=\"474\" loading=\"lazy\" src=\"https:\/\/www.europesays.com\/es\/wp-content\/uploads\/2025\/10\/3KBKBFHYZFF53GNMZNL5ZUQA7M.jpg\" width=\"294\"\/>Fue campe\u00f3n con Millonarios en Colombia<img alt=\"Racing fue el \u00faltimo de\" class=\"global-image\" decoding=\"async\" fetchpriority=\"low\" height=\"992\" loading=\"lazy\" src=\"https:\/\/www.europesays.com\/es\/wp-content\/uploads\/2025\/10\/GLLD5J2E5VEK3LNWTPHMEKJ4Y4.jpg\" width=\"2145\"\/>Racing fue el \u00faltimo de los cinco grandes en hacerse eco de la noticia en el f\u00fatbol argentino<img alt=\"&quot;Que en paz descanses, Miguel&quot;,\" class=\"global-image\" decoding=\"async\" fetchpriority=\"low\" height=\"398\" loading=\"lazy\" src=\"https:\/\/www.europesays.com\/es\/wp-content\/uploads\/2025\/10\/ZWS6PL4GHFFSZM6FIODTAEGJIM.jpg\" width=\"1080\"\/>\u00abQue en paz descanses, Miguel\u00bb, escribi\u00f3 Platense<img alt=\"El comunicado de Barracas Central\" class=\"global-image\" decoding=\"async\" fetchpriority=\"low\" height=\"1264\" loading=\"lazy\" src=\"https:\/\/www.europesays.com\/es\/wp-content\/uploads\/2025\/10\/H2AVNE7PMRCUZDIQN4BCPF6QOQ.jpg\" width=\"1080\"\/>El comunicado de Barracas Central<img alt=\"La despedida de V\u00e9lez a\" class=\"global-image\" decoding=\"async\" fetchpriority=\"low\" height=\"1448\" loading=\"lazy\" src=\"https:\/\/www.europesays.com\/es\/wp-content\/uploads\/2025\/10\/D6BPJY7QSNC2TBHLL2Q72ANTVM.jpg\" width=\"1080\"\/>La despedida de V\u00e9lez a Miguel \u00c1ngel Russo<img alt=\"Col\u00f3n tambi\u00e9n se sum\u00f3 a\" class=\"global-image\" decoding=\"async\" fetchpriority=\"low\" height=\"422\" loading=\"lazy\" src=\"https:\/\/www.europesays.com\/es\/wp-content\/uploads\/2025\/10\/TARM4EFVOVHOFCJQEUICYYU3TE.jpg\" width=\"1080\"\/>Col\u00f3n tambi\u00e9n se sum\u00f3 a las muestras de dolor<img alt=\"La misiva de Deportivo Riestra\" class=\"global-image\" decoding=\"async\" fetchpriority=\"low\" height=\"1735\" loading=\"lazy\" src=\"https:\/\/www.europesays.com\/es\/wp-content\/uploads\/2025\/10\/VJAYQPGHQJH5DH5G4T2G5EQVKI.jpg\" width=\"1080\"\/>La misiva de Deportivo Riestra<img alt=\"Ascendi\u00f3 a Rosario Central a\" class=\"global-image\" decoding=\"async\" fetchpriority=\"low\" height=\"1450\" loading=\"lazy\" src=\"https:\/\/www.europesays.com\/es\/wp-content\/uploads\/2025\/10\/L23PUFIG65G2VIRJBNFUWU7O6Q.jpg\" width=\"1080\"\/>Ascendi\u00f3 a Rosario Central a la Primera Divisi\u00f3n y fue campe\u00f3n con ese club en la Copa de la Liga 2023<img alt=\"M\u00e1s mensajes de otros clubes,\" class=\"global-image\" decoding=\"async\" fetchpriority=\"low\" height=\"1629\" loading=\"lazy\" src=\"https:\/\/www.europesays.com\/es\/wp-content\/uploads\/2025\/10\/CIP6SNT7ZFDAPIZBUCXH3P3DNY.jpg\" width=\"1080\"\/>M\u00e1s mensajes de otros clubes, en este caso Uni\u00f3n<img alt=\"El comunicado de Belgrano\" class=\"global-image\" decoding=\"async\" fetchpriority=\"low\" height=\"436\" loading=\"lazy\" src=\"https:\/\/www.europesays.com\/es\/wp-content\/uploads\/2025\/10\/KJMYDVMSIRFO5L3ITJMYSFY5IY.jpg\" width=\"1080\"\/>El comunicado de Belgrano<img alt=\"La Liga Profesional record\u00f3 a\" class=\"global-image\" decoding=\"async\" fetchpriority=\"low\" height=\"1641\" loading=\"lazy\" src=\"https:\/\/www.europesays.com\/es\/wp-content\/uploads\/2025\/10\/6TKMRQ3PQREN5AUZEAA7SGDC4Q.jpg\" width=\"1080\"\/>La Liga Profesional record\u00f3 a Miguel \u00c1ngel Russo<img alt=\"Instituto lament\u00f3 la partida de\" class=\"global-image\" decoding=\"async\" fetchpriority=\"low\" height=\"1685\" loading=\"lazy\" src=\"https:\/\/www.europesays.com\/es\/wp-content\/uploads\/2025\/10\/IJR43AET3NHG7HWRRAY6IU73FU.jpg\" width=\"1080\"\/>Instituto lament\u00f3 la partida de Russo<img alt=\"Miguelo fue parte de la\" class=\"global-image\" decoding=\"async\" fetchpriority=\"low\" height=\"1067\" loading=\"lazy\" src=\"https:\/\/www.europesays.com\/es\/wp-content\/uploads\/2025\/10\/FJ3FPHK7R5FUXKJGTT6FUYFBBA.jpg\" width=\"1080\"\/>Miguelo fue parte de la construcci\u00f3n de Lan\u00fas como un equipo habit\u00fae de la Primera Divisi\u00f3n<img alt=\"La despedida de Defensa y\" class=\"global-image\" decoding=\"async\" fetchpriority=\"low\" height=\"1559\" loading=\"lazy\" src=\"https:\/\/www.europesays.com\/es\/wp-content\/uploads\/2025\/10\/Q6NV4RWYBFCF7HSBLEA5MUCRR4.jpg\" width=\"1080\"\/>La despedida de Defensa y Justicia<img alt=\"Lo que dijo Argentinos Juniors\" class=\"global-image\" decoding=\"async\" fetchpriority=\"low\" height=\"1710\" loading=\"lazy\" src=\"https:\/\/www.europesays.com\/es\/wp-content\/uploads\/2025\/10\/NJBWJDULIFB6DBJ4OGPR3WVLZU.jpg\" width=\"1080\"\/>Lo que dijo Argentinos Juniors sobre la muerte de Russo<img alt=\"Gimnasia y una foto especial\" class=\"global-image\" decoding=\"async\" fetchpriority=\"low\" height=\"1848\" loading=\"lazy\" src=\"https:\/\/www.europesays.com\/es\/wp-content\/uploads\/2025\/10\/AJSDKOI6SNFG7N6LX5BLPH64WI.jpg\" width=\"1080\"\/>Gimnasia y una foto especial con Maradona<img alt=\"&quot;Su legado y su pasi\u00f3n\" class=\"global-image\" decoding=\"async\" fetchpriority=\"low\" height=\"522\" loading=\"lazy\" src=\"https:\/\/www.europesays.com\/es\/wp-content\/uploads\/2025\/10\/LNYW2UQDBFCBPJ4GA4DRBX3YPU.jpg\" width=\"1080\"\/>\u00abSu legado y su pasi\u00f3n por este deporte permanecer\u00e1n siempre en la memoria de todos los que amamos el f\u00fatbol\u00bb, escribi\u00f3 Talleres<img alt=\"Aldosivi se sum\u00f3 a los\" class=\"global-image\" decoding=\"async\" fetchpriority=\"low\" height=\"1559\" loading=\"lazy\" src=\"https:\/\/www.europesays.com\/es\/wp-content\/uploads\/2025\/10\/ZBWGODEKGNDNFPXPCKL3FZZHZI.jpg\" width=\"1080\"\/>Aldosivi se sum\u00f3 a los mensajes<img alt=\"La publicaci\u00f3n de Hurac\u00e1n\" class=\"global-image\" decoding=\"async\" fetchpriority=\"low\" height=\"1059\" loading=\"lazy\" src=\"https:\/\/www.europesays.com\/es\/wp-content\/uploads\/2025\/10\/IPZ74KA5KBELXG5CWK7L5CKUZE.jpg\" width=\"2079\"\/>La publicaci\u00f3n de Hurac\u00e1n<img alt=\"Cristian Ogro Fabbiani se acopl\u00f3\" class=\"global-image\" decoding=\"async\" fetchpriority=\"low\" height=\"858\" loading=\"lazy\" src=\"https:\/\/www.europesays.com\/es\/wp-content\/uploads\/2025\/10\/UHTBS6FBIFBYPH3CDAPGRVRXHM.png\" width=\"486\"\/>Cristian Ogro Fabbiani se acopl\u00f3 a los mensajes de dolor dedicados a Miguel \u00c1ngel Russo<img alt=\"El posteo de Leandro Paredes\" class=\"global-image\" decoding=\"async\" fetchpriority=\"low\" height=\"1594\" loading=\"lazy\" src=\"https:\/\/www.europesays.com\/es\/wp-content\/uploads\/2025\/10\/UYEQRB77M5CEVLQCCN72FIQUYA.jfif\" width=\"1320\"\/>El posteo de Leandro Paredes<img alt=\"&quot;Fue un placer que me\" class=\"global-image\" decoding=\"async\" fetchpriority=\"low\" height=\"862\" loading=\"lazy\" src=\"https:\/\/www.europesays.com\/es\/wp-content\/uploads\/2025\/10\/EANNWF7SHBH4ZNK2WXPBTVJVMI.png\" width=\"490\"\/>\u00abFue un placer que me hayas dirigido&#8230;\u00bb, inici\u00f3 el texto de Lautaro Blanco<img alt=\"Frank Fabra: &quot;Fue un gu\u00eda,\" class=\"global-image\" decoding=\"async\" fetchpriority=\"low\" height=\"856\" loading=\"lazy\" src=\"https:\/\/www.europesays.com\/es\/wp-content\/uploads\/2025\/10\/TIF5GROU3VGJLJP3U5GVTXPZQA.png\" width=\"486\"\/>Frank Fabra: \u00abFue un gu\u00eda, un ejemplo y una persona que marc\u00f3 mi carrera\u00bb<img alt=\"La sigla de &quot;que en\" class=\"global-image\" decoding=\"async\" fetchpriority=\"low\" height=\"861\" loading=\"lazy\" src=\"https:\/\/www.europesays.com\/es\/wp-content\/uploads\/2025\/10\/FQO2HY3TUVEI3CRTJ7QDHBCGJE.png\" width=\"475\"\/>La sigla de \u00abque en paz descanse\u00bb se repiti\u00f3 en varios futbolistas, como Milton Gim\u00e9nez<img alt=\"Dylan Gorosito tambi\u00e9n lament\u00f3 la\" class=\"global-image\" decoding=\"async\" fetchpriority=\"low\" height=\"867\" loading=\"lazy\" src=\"https:\/\/www.europesays.com\/es\/wp-content\/uploads\/2025\/10\/GE3LWKSEARCJLGXU5VMN2HME2M.png\" width=\"476\"\/>Dylan Gorosito tambi\u00e9n lament\u00f3 la muerte de Russo en medio de su participaci\u00f3n en el Mundial Sub 20<img alt=\"La historia que subi\u00f3 Juan\" class=\"global-image\" decoding=\"async\" fetchpriority=\"low\" height=\"856\" loading=\"lazy\" src=\"https:\/\/www.europesays.com\/es\/wp-content\/uploads\/2025\/10\/SN6PPR3SJRBLBLFP4YHDAIB5YI.png\" width=\"487\"\/>La historia que subi\u00f3 Juan Barinaga<img alt=\"Nicol\u00e1s Figal fue uno de\" class=\"global-image\" decoding=\"async\" fetchpriority=\"low\" height=\"855\" loading=\"lazy\" src=\"https:\/\/www.europesays.com\/es\/wp-content\/uploads\/2025\/10\/DQHCAQGLUJENTELZZX3IM2OO2E.png\" width=\"472\"\/>Nicol\u00e1s Figal fue uno de los pocos jugadores de Boca en escribir un texto m\u00e1s all\u00e1 de repostear el comunicado institucional: \u00abHasta siempre Miguel, te queremos mucho\u00bb<img alt=\"Brian Aguirre tambi\u00e9n republic\u00f3 la\" class=\"global-image\" decoding=\"async\" fetchpriority=\"low\" height=\"861\" loading=\"lazy\" src=\"https:\/\/www.europesays.com\/es\/wp-content\/uploads\/2025\/10\/P7GCODOLURCARGFAESTVFX3QSE.png\" width=\"461\"\/>Brian Aguirre tambi\u00e9n republic\u00f3 la comunicaci\u00f3n de Boca<img alt=\"&quot;QEPD Miguel&quot;, escribi\u00f3 Malcom Braida\" class=\"global-image\" decoding=\"async\" fetchpriority=\"low\" height=\"862\" loading=\"lazy\" src=\"https:\/\/www.europesays.com\/es\/wp-content\/uploads\/2025\/10\/S6WINZIU4JD7TJRYCXMWHCNCUU.png\" width=\"471\"\/>\u00abQEPD Miguel\u00bb, escribi\u00f3 Malcom Braida<img alt=\"La historia del defensor de\" class=\"global-image\" decoding=\"async\" fetchpriority=\"low\" height=\"801\" loading=\"lazy\" src=\"https:\/\/www.europesays.com\/es\/wp-content\/uploads\/2025\/10\/QDTFBHMZRRH3ZNUUZEARHQUXDE.JPG\" width=\"490\"\/>La historia del defensor de River, Germ\u00e1n Pezzella<img alt=\"La historia del defensor de\" class=\"global-image\" decoding=\"async\" fetchpriority=\"low\" height=\"789\" loading=\"lazy\" src=\"https:\/\/www.europesays.com\/es\/wp-content\/uploads\/2025\/10\/CVMPA4AKOZB53B4TKH3AFAU33Q.JPG\" width=\"487\"\/>La historia del defensor de River, Fabricio Bustos<img alt=\"La historia del delantero de\" class=\"global-image\" decoding=\"async\" fetchpriority=\"low\" height=\"782\" loading=\"lazy\" src=\"https:\/\/www.europesays.com\/es\/wp-content\/uploads\/2025\/10\/D36CNGRDGVFHHHLTOMPU6YJLTE.JPG\" width=\"494\"\/>La historia del delantero de River, Sebasti\u00e1n Driussi<img alt=\"La historia del futbolista de\" class=\"global-image\" decoding=\"async\" fetchpriority=\"low\" height=\"866\" loading=\"lazy\" src=\"https:\/\/www.europesays.com\/es\/wp-content\/uploads\/2025\/10\/37VFYZEPSZBBFGGDMZR4RMWSMM.JPG\" width=\"489\"\/>La historia del futbolista de River, Pity Mart\u00ednez<img alt=\"La historia del futbolista de\" class=\"global-image\" decoding=\"async\" fetchpriority=\"low\" height=\"865\" loading=\"lazy\" src=\"https:\/\/www.europesays.com\/es\/wp-content\/uploads\/2025\/10\/YAUNLNSZ3VFWRNSCK5O75NXCT4.JPG\" width=\"494\"\/>La historia del futbolista de River, Juanfer Quintero<img alt=\"La historia del defensor de\" class=\"global-image\" decoding=\"async\" fetchpriority=\"low\" height=\"870\" loading=\"lazy\" src=\"https:\/\/www.europesays.com\/es\/wp-content\/uploads\/2025\/10\/QFHPKWYAE5DANAT2TGDRV7BPD4.JPG\" width=\"490\"\/>La historia del defensor de River, Lucas Mart\u00ednez Quarta<\/p>\n","protected":false},"excerpt":{"rendered":"Asumi\u00f3 como DT de Boca para el Mundial de Clubes (Cr\u00e9dito: Reuters\/Marco Bello) Miguel \u00c1ngel Russo falleci\u00f3 este&hellip;\n","protected":false},"author":2,"featured_media":164506,"comment_status":"","ping_status":"","sticky":false,"template":"","format":"standard","meta":{"footnotes":""},"categories":[268],"tags":[168,25,24,280,282,48510,3119,281,23,3020,167],"class_list":{"0":"post-164505","1":"post","2":"type-post","3":"status-publish","4":"format-standard","5":"has-post-thumbnail","7":"category-futbol","8":"tag-deportes","9":"tag-es","10":"tag-espana","11":"tag-football","12":"tag-futbol","13":"tag-miami-gardens","14":"tag-north-america","15":"tag-soccer","16":"tag-spain","17":"tag-sport","18":"tag-sports"},"share_on_mastodon":{"url":"","error":""},"_links":{"self":[{"href":"https:\/\/www.europesays.com\/es\/wp-json\/wp\/v2\/posts\/164505","targetHints":{"allow":["GET"]}}],"collection":[{"href":"https:\/\/www.europesays.com\/es\/wp-json\/wp\/v2\/posts"}],"about":[{"href":"https:\/\/www.europesays.com\/es\/wp-json\/wp\/v2\/types\/post"}],"author":[{"embeddable":true,"href":"https:\/\/www.europesays.com\/es\/wp-json\/wp\/v2\/users\/2"}],"replies":[{"embeddable":true,"href":"https:\/\/www.europesays.com\/es\/wp-json\/wp\/v2\/comments?post=164505"}],"version-history":[{"count":0,"href":"https:\/\/www.europesays.com\/es\/wp-json\/wp\/v2\/posts\/164505\/revisions"}],"wp:featuredmedia":[{"embeddable":true,"href":"https:\/\/www.europesays.com\/es\/wp-json\/wp\/v2\/media\/164506"}],"wp:attachment":[{"href":"https:\/\/www.europesays.com\/es\/wp-json\/wp\/v2\/media?parent=164505"}],"wp:term":[{"taxonomy":"category","embeddable":true,"href":"https:\/\/www.europesays.com\/es\/wp-json\/wp\/v2\/categories?post=164505"},{"taxonomy":"post_tag","embeddable":true,"href":"https:\/\/www.europesays.com\/es\/wp-json\/wp\/v2\/tags?post=164505"}],"curies":[{"name":"wp","href":"https:\/\/api.w.org\/{rel}","templated":true}]}}