{"id":164558,"date":"2025-10-09T07:14:17","date_gmt":"2025-10-09T07:14:17","guid":{"rendered":"https:\/\/www.europesays.com\/es\/164558\/"},"modified":"2025-10-09T07:14:17","modified_gmt":"2025-10-09T07:14:17","slug":"con-el-fescigu-en-azuqueca-hemos-visto-lo-que-en-guadalajara-no-han-querido-ver","status":"publish","type":"post","link":"https:\/\/www.europesays.com\/es\/164558\/","title":{"rendered":"\u201cCon el FESCIGU, en Azuqueca hemos visto lo que en Guadalajara no han querido ver\u201d"},"content":{"rendered":"<p>                            <img decoding=\"async\" alt=\"\" class=\"w-100 img-box\" data-fileentryid=\"3856917\" src=\"https:\/\/www.europesays.com\/es\/wp-content\/uploads\/2025\/10\/a245d6d0-91ab-6bf8-2918-4a78b2edbff5\"\/><\/p>\n<p>Un momento de la intervenci\u00f3n del alcalde, Miguel \u00d3scar Aparicio. Fotograf\u00eda: Ayuntamiento de Azuqueca<\/p>\n<p>                            <img decoding=\"async\" alt=\"\" class=\"w-100 img-box\" data-fileentryid=\"3856929\" src=\"https:\/\/www.europesays.com\/es\/wp-content\/uploads\/2025\/10\/87c239db-ec8e-2531-125f-2d176dc260b5\"\/><\/p>\n<p>Autoridades y p\u00fablico asistente. Fotograf\u00eda: Ayuntamiento de Azuqueca<\/p>\n<p>                            <img decoding=\"async\" alt=\"\" class=\"w-100 img-box\" data-fileentryid=\"3856942\" src=\"https:\/\/www.europesays.com\/es\/wp-content\/uploads\/2025\/10\/76a46eca-8168-74a9-4f92-ba1e03afeb46\"\/><\/p>\n<p>Acceso al FESCIGU. Fotograf\u00eda: Ayuntamiento de Azuqueca<\/p>\n<p>El alcalde, Miguel \u00d3scar Aparicio, ha se\u00f1alado en el discurso inaugural que el festival de cine ha permitido \u201creforzar nuestra apuesta cultural\u201d y ha subrayado su componente \u201csocial y educativo\u201d<\/p>\n<p>Con el sonido del AntiCoro rock que dirige Eva Ryjlen daba comienzo la noche del jueves la 23\u00aa edici\u00f3n del Festival de Cine Solidario (FESCIGU) que, por segundo a\u00f1o consecutivo, se ha celebrado en el Espacio Joven Europeo (EJE) de Azuqueca de Henares y que este a\u00f1o tiene la paz como tema central.<\/p>\n<p>El alcalde del municipio, Miguel Oscar Aparicio, ha inaugurado los discursos de las autoridades con un mensaje positivo recalcando que \u201cel FESCIGU nos ha permitido reforzar nuestra apuesta clara por la cultura en el municipio\u201d y su alegr\u00eda por que este evento \u201chaya recalado en Azuqueca. Hemos querido aprovechar lo que en Guadalajara no han sabido ver. Nosotros est\u00e1bamos convencidos de que no pod\u00edamos ni quer\u00edamos perder ese tren\u201d.<\/p>\n<p>Aparicio ha destacado el \u201capoyo econ\u00f3mico de la Junta de Comunidades y la Diputaci\u00f3n Provincial\u201d y de patrocinadores como \u201cChemo Liconsa e Hydro, empresas asentadas en Azuqueca\u201d, porque \u201csin ellos, este festival de cine no ser\u00eda posible\u201d.<\/p>\n<p>Adem\u00e1s, el alcalde azudense, que ha estado acompa\u00f1ado por varios concejales de su equipo de gobierno, ha alabado el \u201ccomponente social y educativo\u201d de este festival \u201cque nos obliga a mirar de frente la realidad que nos rodea\u201d y ha agradecido a los organizadores, a los directores y al p\u00fablico, por \u201cseguir creyendo que el cine puede ser un motor de cambio\u201d.<\/p>\n<p>\u201cCada pel\u00edcula que veremos en este festival es un peque\u00f1o acto de resistencia contra la indiferencia\u201d, ha se\u00f1alado. \u201cOjala salgamos de aqu\u00ed con una nueva motivaci\u00f3n para hacer del mundo un lugar m\u00e1s justo, m\u00e1s dialogante, m\u00e1s igualitario y, en definitiva, m\u00e1s humano\u201d, ha concluido.<\/p>\n<p>A la inauguraci\u00f3n del festival, que se celebrar\u00e1 en el EJE hasta el domingo, han asistido numerosos representantes pol\u00edticos, entre ellos, el presidente de las Cortes de Castilla-La Mancha, Pablo Bellido; la consejera de Igualdad, Sara Sim\u00f3n; la consejera de Bienestar Social, B\u00e1rbara Garc\u00eda Torijano; el Alto Comisionado para la Accesibilidad de Castilla-La Mancha, Jos\u00e9 Luis Escudero y la delegada de la Junta, Rosa Garc\u00eda, adem\u00e1s de varios concejales socialistas del Ayuntamiento de Guadalajara.<\/p>\n<p>En la sesi\u00f3n inaugural se han proyectado siete cortometrajes en la Secci\u00f3n Oficial de Cortometrajes (SOC) y siete cintas m\u00e1s en la Secci\u00f3n \u2018En Femenino\u2019, que ha cerrado la primera jornada del festival.<\/p>\n","protected":false},"excerpt":{"rendered":"Un momento de la intervenci\u00f3n del alcalde, Miguel \u00d3scar Aparicio. Fotograf\u00eda: Ayuntamiento de Azuqueca Autoridades y p\u00fablico asistente.&hellip;\n","protected":false},"author":2,"featured_media":164559,"comment_status":"","ping_status":"","sticky":false,"template":"","format":"standard","meta":{"footnotes":""},"categories":[8],"tags":[4109,17,18,209,25,24,13,14,11,19,20,9,10,15,16,23,12,21,22],"class_list":{"0":"post-164558","1":"post","2":"type-post","3":"status-publish","4":"format-standard","5":"has-post-thumbnail","7":"category-espana","8":"tag-alcaldia","9":"tag-breaking-news","10":"tag-breakingnews","11":"tag-cultura","12":"tag-es","13":"tag-espana","14":"tag-featured-news","15":"tag-featurednews","16":"tag-headlines","17":"tag-latest-news","18":"tag-latestnews","19":"tag-news","20":"tag-noticias","21":"tag-noticias-destacadas","22":"tag-noticiasdestacadas","23":"tag-spain","24":"tag-titulares","25":"tag-ultimas-noticias","26":"tag-ultimasnoticias"},"share_on_mastodon":{"url":"","error":""},"_links":{"self":[{"href":"https:\/\/www.europesays.com\/es\/wp-json\/wp\/v2\/posts\/164558","targetHints":{"allow":["GET"]}}],"collection":[{"href":"https:\/\/www.europesays.com\/es\/wp-json\/wp\/v2\/posts"}],"about":[{"href":"https:\/\/www.europesays.com\/es\/wp-json\/wp\/v2\/types\/post"}],"author":[{"embeddable":true,"href":"https:\/\/www.europesays.com\/es\/wp-json\/wp\/v2\/users\/2"}],"replies":[{"embeddable":true,"href":"https:\/\/www.europesays.com\/es\/wp-json\/wp\/v2\/comments?post=164558"}],"version-history":[{"count":0,"href":"https:\/\/www.europesays.com\/es\/wp-json\/wp\/v2\/posts\/164558\/revisions"}],"wp:featuredmedia":[{"embeddable":true,"href":"https:\/\/www.europesays.com\/es\/wp-json\/wp\/v2\/media\/164559"}],"wp:attachment":[{"href":"https:\/\/www.europesays.com\/es\/wp-json\/wp\/v2\/media?parent=164558"}],"wp:term":[{"taxonomy":"category","embeddable":true,"href":"https:\/\/www.europesays.com\/es\/wp-json\/wp\/v2\/categories?post=164558"},{"taxonomy":"post_tag","embeddable":true,"href":"https:\/\/www.europesays.com\/es\/wp-json\/wp\/v2\/tags?post=164558"}],"curies":[{"name":"wp","href":"https:\/\/api.w.org\/{rel}","templated":true}]}}