{"id":164568,"date":"2025-10-09T07:21:16","date_gmt":"2025-10-09T07:21:16","guid":{"rendered":"https:\/\/www.europesays.com\/es\/164568\/"},"modified":"2025-10-09T07:21:16","modified_gmt":"2025-10-09T07:21:16","slug":"diego-uriarte-renueva-con-el-equipo-kern-pharma-esciclismo","status":"publish","type":"post","link":"https:\/\/www.europesays.com\/es\/164568\/","title":{"rendered":"Diego Uriarte renueva con el equipo Kern Pharma &#8211; Esciclismo"},"content":{"rendered":"<ol>\n<li><a href=\"https:\/\/news.google.com\/rss\/articles\/CBMiakFVX3lxTE9mTUhmOGhFekt3STdMU2ZoTDVSa29HRDVoelV2VUp1a2V2V0Znektab2xHY042UEpzdnlGbl94eFoyZ2RudndMZ242a1Q3YXBPb2w4a01YbS02eUpNTjI5VFdwU1hpTjNjTUE?oc=5\" target=\"_blank\" rel=\"nofollow noopener\">Diego Uriarte renueva con el equipo Kern Pharma<\/a>&nbsp;&nbsp;Esciclismo<\/li>\n<li><a href=\"https:\/\/news.google.com\/rss\/articles\/CBMi5wFBVV95cUxQaFgwYUpHYXI2UlR4cTJVeWNLZDBaUGFhWkRwZVpMQkVQcVlTcjdOQTYyaHFveGFNV0pzWW54M1NBY0l2X2R0RDJQNXB0THlwbmdUeTY2OXhxVm1FM3BSaWtzV2RWWGpuY3RzVXI2M09LSFUtVHBGRU1fQTlBMnhTY296UWVHNDhSejR6VllVLUZ1T04tb2xnLThDME1tX19EeTJFYmVhSHFPN0p6T0dpVF8zdGkyY0xxSXZaaHhZY1Q3V25iX3owalo1QXlTdU5VNWpwb29qbVRKWGEyTG1aSFVXQjZRZlk?oc=5\" target=\"_blank\" rel=\"nofollow noopener\">El navarro Diego Uriarte continuar\u00e1 dos a\u00f1os m\u00e1s en el equipo Kern Pharma<\/a>&nbsp;&nbsp;diariodenavarra.es<\/li>\n<li><a href=\"https:\/\/news.google.com\/rss\/articles\/CBMijgFBVV95cUxNaVAzLUVhNXlGZ09QSmNEWDAxUDljaENiYXJHWklLNXVrcE5hQ1ZBVUp0bHNMbW5LNF9LeENaUDJsazFGYjEyMXQ3cGlTa0YzLTUzMS1meDlzUTdLNm1WVXp2TzNXX2c1SFpPX3FzTHc0amFnTEpjQWZMdzhpM0ZYSVZyNXkyc2FPcDlIbUJB0gGOAUFVX3lxTE4zNTNFTjJaUHY2bGp2UE1oajJXMGhybG80NkdpM0cxREJDV3h5U0NuZmhWdENqNmJFdU54ekM2S0lWN0lVZ1pnc3pVcV9MaWNweVlKQWxsd19tZDFMbDJiSnYwS1JqSmxuSUNUZms1RjhKWVpjb3FCOExIY01nVkJuSDVSQnNBVUVqbnVKcEE?oc=5\" target=\"_blank\" rel=\"nofollow noopener\">Diego Uriarte renueva con Kern Pharma hasta 2027<\/a>&nbsp;&nbsp;MARCA<\/li>\n<li><a href=\"https:\/\/news.google.com\/rss\/articles\/CBMipAFBVV95cUxPODJqVFRZS19mSDBhYzRoVlZ1bTN3bnRRbnI3a3pTOVllQ0hDeEpxT3M1UEhCY3lCTHNwUXducFhxTGNib05heHk1WkZyWV9aQ1ZwRTNrLU1hZ1VpVGxDWml5Y3IwamRjZ19FQnV4YllYd1c4RTFLZWczYkFMOTE2T05mel9hSDR2VXR5YVBtSmZlUWFWTUJ1VmhBdktadjBBNl8tM9IBqgFBVV95cUxQOUxhWS14d2tfOFBqaWZ6NjF3NEhHc2duT04wWUVWQmxvV3NwVVRsOE5zUVoybmRWaGVMek5JNlJBSk5KSmlQSmN3WnZlUDc5X3ZrbjBpTlhOTEllOEJjd2hGbjJlVWJwS3RLZ3BiWG5tc0pidUsyWTJ1YlVUenhIV0RRNUFtcWV0a3haMkVZSk9CYW1WblFna0NhWUYtU0EzMHZrRE5WWDVmZw?oc=5\" target=\"_blank\" rel=\"nofollow noopener\">Diego Uriarte seguir\u00e1 en el Kern Pharma<\/a>&nbsp;&nbsp;Noticias de Gipuzkoa<\/li>\n<li><a href=\"https:\/\/news.google.com\/rss\/articles\/CBMitgFBVV95cUxOVDdHRk85aWtsZnlVODVLMHhxYkpDSzdoSk5lSjNWcDloSjVyUHpleHA1QkZzTlBpX2ZLQjRhamh0Y250QVhxckJxNE9lR25Ca3JfZ1NsR21qLW80cF9QX3NSb2VGdWE1ZGVWMEQ1Ri1IVGFyM3lkNndiWFhnLVBWb2JGaGpYYU40bm9ZWWpjZXY2c0s0TGZ3QkhsRFpuaGtVeWNsdnk1SlRlaUpyRFpjZTBjYUk2QdIBtgFBVV95cUxNRVcwUUtCNmtRMEFFelY3Zm1ET0lxNW1BT0JUamxORDBfQjBDOFQ1Umw0OGdLOEk1clJ2WXFtdW5xdjNOOFpxUU44MnRPTnlnS1ZYY3FybXpVMVMyWl81U3c5SE1Dc05HUXNhemJvZU94UjExaWt2NFJKS2dkOGdJcUxHWDFGb0JlRUlnSmExNmpnQ0JxWVJuRnlIXzJNeTMwMHViVXRMTnpfM21jMjJJM3h4N3pWUQ?oc=5\" target=\"_blank\" rel=\"nofollow noopener\">Diego Uriarte renueva con el equipo Kern Pharma hasta 2027<\/a>&nbsp;&nbsp;EITB<\/li>\n<\/ol>\n","protected":false},"excerpt":{"rendered":"Diego Uriarte renueva con el equipo Kern Pharma&nbsp;&nbsp;Esciclismo El navarro Diego Uriarte continuar\u00e1 dos a\u00f1os m\u00e1s en el&hellip;\n","protected":false},"author":2,"featured_media":164569,"comment_status":"","ping_status":"","sticky":false,"template":"","format":"standard","meta":{"footnotes":""},"categories":[273],"tags":[10605,304,385,313,1757,8310,8111,13973,13646,312,168,15607,15477,158,622,25,24,2172,18647,1928,5803,12868,1179,3403,5804,8392,30491,3703,1135,23,167,16578,1152,1356,1261,26333,1357],"class_list":{"0":"post-164568","1":"post","2":"type-post","3":"status-publish","4":"format-standard","5":"has-post-thumbnail","7":"category-ciclismo","8":"tag-a","9":"tag-apuesta","10":"tag-casa","11":"tag-ciclismo","12":"tag-ciclista","13":"tag-conjunto","14":"tag-consolida","15":"tag-continuara","16":"tag-corredores","17":"tag-cycling","18":"tag-deportes","19":"tag-destacada","20":"tag-diego","21":"tag-el","22":"tag-equipo","23":"tag-es","24":"tag-espana","25":"tag-especiales","26":"tag-farmaceutico","27":"tag-joven","28":"tag-kern","29":"tag-logro","30":"tag-mas","31":"tag-navarro","32":"tag-pharma","33":"tag-progresion","34":"tag-prometedores","35":"tag-refuerza","36":"tag-renovacion","37":"tag-spain","38":"tag-sports","39":"tag-talento","40":"tag-temporada","41":"tag-uriarte","42":"tag-victoria","43":"tag-vinculado","44":"tag-vuelta"},"share_on_mastodon":{"url":"","error":""},"_links":{"self":[{"href":"https:\/\/www.europesays.com\/es\/wp-json\/wp\/v2\/posts\/164568","targetHints":{"allow":["GET"]}}],"collection":[{"href":"https:\/\/www.europesays.com\/es\/wp-json\/wp\/v2\/posts"}],"about":[{"href":"https:\/\/www.europesays.com\/es\/wp-json\/wp\/v2\/types\/post"}],"author":[{"embeddable":true,"href":"https:\/\/www.europesays.com\/es\/wp-json\/wp\/v2\/users\/2"}],"replies":[{"embeddable":true,"href":"https:\/\/www.europesays.com\/es\/wp-json\/wp\/v2\/comments?post=164568"}],"version-history":[{"count":0,"href":"https:\/\/www.europesays.com\/es\/wp-json\/wp\/v2\/posts\/164568\/revisions"}],"wp:featuredmedia":[{"embeddable":true,"href":"https:\/\/www.europesays.com\/es\/wp-json\/wp\/v2\/media\/164569"}],"wp:attachment":[{"href":"https:\/\/www.europesays.com\/es\/wp-json\/wp\/v2\/media?parent=164568"}],"wp:term":[{"taxonomy":"category","embeddable":true,"href":"https:\/\/www.europesays.com\/es\/wp-json\/wp\/v2\/categories?post=164568"},{"taxonomy":"post_tag","embeddable":true,"href":"https:\/\/www.europesays.com\/es\/wp-json\/wp\/v2\/tags?post=164568"}],"curies":[{"name":"wp","href":"https:\/\/api.w.org\/{rel}","templated":true}]}}