{"id":164578,"date":"2025-10-09T07:26:10","date_gmt":"2025-10-09T07:26:10","guid":{"rendered":"https:\/\/www.europesays.com\/es\/164578\/"},"modified":"2025-10-09T07:26:10","modified_gmt":"2025-10-09T07:26:10","slug":"cristina-iglesias-establece-un-dialogo-entre-sus-esculturas-inmersivas-y-la-pedrera-de-gaudi","status":"publish","type":"post","link":"https:\/\/www.europesays.com\/es\/164578\/","title":{"rendered":"Cristina Iglesias establece un di\u00e1logo entre sus esculturas inmersivas y La Pedrera de Gaud\u00ed"},"content":{"rendered":"<p>\n        <strong>La escultora donostiarra Cristina Iglesias establece un di\u00e1logo entre sus esculturas inmersivas y La Pedrera de <\/strong><a href=\"https:\/\/www.noticiasdegipuzkoa.eus\/tags\/antoni-gaudi\/\" title=\"Gaud\u00ed\" target=\"_blank\" class=\"link copy\" rel=\"nofollow noopener\"><strong>Gaud\u00ed<\/strong><\/a><strong> en una exposici\u00f3n en la que comparte su \u00abobsesi\u00f3n por la geolog\u00eda y las formas org\u00e1nicas de la naturaleza<\/strong>\u00ab, tan presentes en la obra del arquitecto modernista.\n<\/p>\n<p class=\"article-body__text \">\n        La exposici\u00f3n, organizada por la <strong>Fundaci\u00f3 Catalunya La Pedrera,<\/strong> estar\u00e1 abierta al p\u00fablico desde ma\u00f1ana jueves hasta el pr\u00f3ximo <strong>25 de enero<\/strong> y es la primera monogr\u00e1fica de la artista en <a href=\"https:\/\/www.noticiasdegipuzkoa.eus\/tags\/barcelona\/\" title=\"Barcelona\" target=\"_blank\" class=\"link copy\" rel=\"nofollow noopener\">Barcelona<\/a>, en la que se exhibe una pieza creada para la ocasi\u00f3n, &#8216;Bosque mineral&#8217;.\n<\/p>\n<p>  M\u00e1s de 30 obras<\/p>\n<p class=\"article-body__text \">\n        El comisario de la exposici\u00f3n, James Lingwood, ha explicado<strong> este mi\u00e9rcoles<\/strong> en la presentaci\u00f3n que el recorrido, en el que se pueden contemplar m\u00e1s de una <strong>treintena de obras <\/strong>creadas durante las \u00faltimas tres d\u00e9cadas, \u00abno sigue un orden cronol\u00f3gico, sino que se desarrolla como un itinerario fluido y circular, en consonancia con el movimiento y las curvas del edificio\u00bb.\n<\/p>\n<p class=\"article-body__text \">\n        Concebido como un gran pasaje po\u00e9tico y sensorial, el visitante <strong>se adentra en esculturas <\/strong>de gran formato que no solo se contemplan, sino que se pueden experimentar <strong>f\u00edsicamente<\/strong>, se atraviesan o se rodean, se siente su peso, su volumen y sus texturas.\n<\/p>\n<p>  Otras obras<\/p>\n<p class=\"article-body__text \">\n        Adem\u00e1s de &#8216;<strong>Bosque mineral&#8217; <\/strong>(2025), la artista ha adaptado <strong>&#8216;Vers la terre (Variaci\u00f3n II)&#8217; <\/strong>(2011) para uno de los patios interiores de la Casa Mil\u00e0.\n<\/p>\n<p class=\"article-body__text \">\n        Tras una serie de serigraf\u00edas sobre seda, el visitante vive su primera experiencia inmersiva con el <strong>&#8216;Corredor suspendido II&#8217; (2006)<\/strong>, en el que las paredes est\u00e1n formadas por celos\u00edas que esconden fragmentos de la novela de ciencia ficci\u00f3n &#8216;<strong>The Crystal World&#8217;<\/strong> de J.G. Ballard, y que, como ha apuntado Iglesias, se inspira en la arquitectura isl\u00e1mica y sus transiciones entre interior y exterior.\n<\/p>\n<p class=\"article-body__text \">\n        Seguidamente, el p\u00fablico atraviesa<strong> &#8216;Habitaci\u00f3n vegetal III&#8217; <\/strong>(2005), que evoca una selva o bosque imaginario, que conecta con la naturaleza org\u00e1nica de la obra de Gaud\u00ed.\n<\/p>\n<p class=\"article-body__text \">\n        Tras las formas geol\u00f3gicas fosilizadas de<strong> &#8216;Bosque mineral&#8217;<\/strong>, Iglesias ha situado <strong>&#8216;Turbulence&#8217; <\/strong>(2023), que presenta el ojo la tormenta a la altura de los ojos del visitante, y justo debajo de las olas del techo que proyect\u00f3 Gaud\u00ed en La Pedrera.\n<\/p>\n<p class=\"article-body__text \">\n        El juego entre su obra y la literatura es tambi\u00e9n protagonista de otra de sus esculturas envolventes,<strong> &#8216;The Pavilion of Dreams (Elliptical Galaxy)&#8217; <\/strong>(2016), en cuyas paredes se puede leer un fragmento de la novela de ciencia ficci\u00f3n<strong> &#8216;Solaris&#8217;,<\/strong> de Stanislaw Lem.\n<\/p>\n<p class=\"article-body__text \">\n        El agua est\u00e1 muy presente en gran parte de la obra de Cristina Iglesias y tambi\u00e9n en la muestra en sus pozos o piezas que evocan las capas fre\u00e1ticas o el litoral, ya desde el patio interior antes de entrar en la exposici\u00f3n, <strong>&#8216;Vers la terre (Variaci\u00f3n II)&#8217;<\/strong> (2011).\n<\/p>\n<p>  Planta principal<\/p>\n<p class=\"article-body__text \">\n        En la planta principal de La Pedrera se pueden contemplar <strong>&#8216;Pozo I (Variaci\u00f3n II)&#8217;, &#8216;Pozo III (Variaci\u00f3n III)&#8217; y &#8216;Pozo IV (Variaci\u00f3n I)&#8217;, t<\/strong>odas de 2011, que \u00abjuegan con lo que el ojo no puede ver, pero la mente puede imaginar\u00bb, subraya el comisario.\n<\/p>\n<p class=\"article-body__text \">\n        \u00abTrato el agua como un material escult\u00f3rico\u00bb, comenta Iglesias, quien recurre al agua para evocar el paso del tiempo, pero tambi\u00e9n el movimiento, como sucede con la obra<strong> &#8216;Littoral (Lunar Meteorite I)<\/strong>&#8216; (2022), en la que, seg\u00fan la artista, \u00abel agua se desplaza por las cavidades de la pieza, como s\u00edmbolo de vida en lo que podr\u00eda ser una roca inerte o un meteorito\u00bb.\n<\/p>\n<p>  Al final<\/p>\n<p class=\"article-body__text \">\n        Al <strong>final <\/strong>del recorrido se proyecta &#8216;<strong>Guided Tour VII (Hondalea)&#8217; <\/strong>(2021), un cortometraje producido por la propia artista con la voluntad de documentar sus proyectos, relacionado con una de sus obras m\u00e1s emblem\u00e1ticas,<strong> &#8216;Hondalea&#8217; (2021)<\/strong>, una intervenci\u00f3n escult\u00f3rica que ocupa el interior de un antiguo faro de la isla de Santa Clara, en su <a href=\"https:\/\/www.noticiasdegipuzkoa.eus\/tags\/donostia\/\" title=\"Donostia\" target=\"_blank\" class=\"link copy\" rel=\"nofollow noopener\">Donostia<\/a> natal.\n<\/p>\n<p class=\"article-body__text \">\n        Dentro de la l\u00ednea de proyectos audiovisuales de producci\u00f3n propia ligados a las exposiciones, la<strong> Fundaci\u00f3 Catalunya La Pedrera<\/strong> ha encargado un documental al cineasta y escritor <strong>David Trueba<\/strong>, en el que se adentra en el estudio de <strong>Cristina Iglesias<\/strong>, visita algunas de sus obras p\u00fablicas y habla sobre su proceso creativo.<\/p>\n","protected":false},"excerpt":{"rendered":"La escultora donostiarra Cristina Iglesias establece un di\u00e1logo entre sus esculturas inmersivas y La Pedrera de Gaud\u00ed en&hellip;\n","protected":false},"author":2,"featured_media":164579,"comment_status":"","ping_status":"","sticky":false,"template":"","format":"standard","meta":{"footnotes":""},"categories":[173],"tags":[229,233,231,230,7538,232,24983,234,146,147,25,8426,24,851,7534,23],"class_list":{"0":"post-164578","1":"post","2":"type-post","3":"status-publish","4":"format-standard","5":"has-post-thumbnail","7":"category-arte-y-diseno","8":"tag-arte","9":"tag-arte-y-diseno","10":"tag-arts","11":"tag-arts-and-design","12":"tag-cristina","13":"tag-design","14":"tag-dialogo","15":"tag-diseno","16":"tag-entertainment","17":"tag-entretenimiento","18":"tag-es","19":"tag-esculturas","20":"tag-espana","21":"tag-establece","22":"tag-iglesias","23":"tag-spain"},"share_on_mastodon":{"url":"","error":""},"_links":{"self":[{"href":"https:\/\/www.europesays.com\/es\/wp-json\/wp\/v2\/posts\/164578","targetHints":{"allow":["GET"]}}],"collection":[{"href":"https:\/\/www.europesays.com\/es\/wp-json\/wp\/v2\/posts"}],"about":[{"href":"https:\/\/www.europesays.com\/es\/wp-json\/wp\/v2\/types\/post"}],"author":[{"embeddable":true,"href":"https:\/\/www.europesays.com\/es\/wp-json\/wp\/v2\/users\/2"}],"replies":[{"embeddable":true,"href":"https:\/\/www.europesays.com\/es\/wp-json\/wp\/v2\/comments?post=164578"}],"version-history":[{"count":0,"href":"https:\/\/www.europesays.com\/es\/wp-json\/wp\/v2\/posts\/164578\/revisions"}],"wp:featuredmedia":[{"embeddable":true,"href":"https:\/\/www.europesays.com\/es\/wp-json\/wp\/v2\/media\/164579"}],"wp:attachment":[{"href":"https:\/\/www.europesays.com\/es\/wp-json\/wp\/v2\/media?parent=164578"}],"wp:term":[{"taxonomy":"category","embeddable":true,"href":"https:\/\/www.europesays.com\/es\/wp-json\/wp\/v2\/categories?post=164578"},{"taxonomy":"post_tag","embeddable":true,"href":"https:\/\/www.europesays.com\/es\/wp-json\/wp\/v2\/tags?post=164578"}],"curies":[{"name":"wp","href":"https:\/\/api.w.org\/{rel}","templated":true}]}}