{"id":164606,"date":"2025-10-09T07:41:09","date_gmt":"2025-10-09T07:41:09","guid":{"rendered":"https:\/\/www.europesays.com\/es\/164606\/"},"modified":"2025-10-09T07:41:09","modified_gmt":"2025-10-09T07:41:09","slug":"el-primer-triple-campeon-de-la-ufc-duelo-entre-topuria-y-pereira","status":"publish","type":"post","link":"https:\/\/www.europesays.com\/es\/164606\/","title":{"rendered":"El primer triple campe\u00f3n de la UFC: duelo entre Topuria y Pereira"},"content":{"rendered":"<p class=\"\"><b>La UFC no ha tenido nunca en su historia un campe\u00f3n en tres pesos distintos.<\/b> Actualmente, hay dos luchadores que se rifan esta haza\u00f1a:<b> Ilia Topuria y Alex Pereira. <\/b>Ambos ya son monarcas en dos categor\u00edas distintas, y aspiran a una tercera. Dos superestrellas que ganan a todas las leyendas que se cruzan. La UFC tendr\u00e1 que decidir a cu\u00e1l de los dos les permite lograrlo. <\/p>\n<p class=\"\">Topuria lo ha repetido en varias ocasiones. Uno de sus objetivos es ser triple campe\u00f3n. Conseguir lo que nadie ha conseguido antes. En febrero del a\u00f1o pasado, <b>se proclam\u00f3 campe\u00f3n del peso pluma al<\/b><a href=\"https:\/\/as.com\/masdeporte\/polideportivo\/ilia-topuria-pasa-por-encima-de-volkanovski-y-es-el-primer-campeon-espanol-de-la-ufc-n\/\" target=\"_self\" rel=\"nofollow noopener\" title=\"https:\/\/as.com\/masdeporte\/polideportivo\/ilia-topuria-pasa-por-encima-de-volkanovski-y-es-el-primer-campeon-espanol-de-la-ufc-n\/\"><b> noquear en el segundo asalto a Alexander Volkanovski<\/b><\/a>, que nunca hab\u00eda ca\u00eddo por KO (solo en el ligero). Ocho meses despu\u00e9s, vino Max Holloway, excampe\u00f3n y al que nunca le hab\u00edan apagado las luces. El Matador lo hizo en el tercer round. <b>Uno tras otro. <\/b><\/p>\n<p class=\"\">El hispanogeorgiano insisti\u00f3 en un cambio de categor\u00eda. Dar las 145 libras era muy duro para \u00e9l, los cortes de peso eran extremos. En aquel momento<b>, en el peso ligero reinaba Islam Makhachev<\/b>. Un rival directo para ser el mejor de la compa\u00f1\u00eda, el n\u00famero uno libra por libra. El ruso termin\u00f3 subiendo al w\u00e9lter tambi\u00e9n por el mismo problema, por lo que<b> la \u00faltima v\u00edctima fue <\/b><a href=\"https:\/\/as.com\/masdeporte\/polideportivo\/la-ufc-se-rinde-ante-topuria-noquea-a-oliveira-y-se-proclama-doble-campeon-n\/\" target=\"_self\" rel=\"nofollow noopener\" title=\"https:\/\/as.com\/masdeporte\/polideportivo\/la-ufc-se-rinde-ante-topuria-noquea-a-oliveira-y-se-proclama-doble-campeon-n\/\"><b>Charles Oliveira<\/b><\/a><b>, que tambi\u00e9n fue monarca. <\/b>Poco m\u00e1s de dos minutos le dur\u00f3. <\/p>\n<p class=\"\">Aunque Topuria ya ha conseguido presidir el ranking libra por libra, quiere m\u00e1s. La pelea con Makhachev ser\u00eda la pelea de la d\u00e9cada. <b>El Conor McGregor vs Khabib Nurmagomedov <\/b>(que, adem\u00e1s, es mentor de Islam) de la actualidad. El hispanogeorgiano no se va a rendir, y <a href=\"https:\/\/as.com\/masdeporte\/polideportivo\/el-entrenador-de-della-maddalena-no-ve-a-topuria-en-el-welter-es-enano-n\/\" target=\"_self\" rel=\"nofollow noopener\" title=\"https:\/\/as.com\/masdeporte\/polideportivo\/el-entrenador-de-della-maddalena-no-ve-a-topuria-en-el-welter-es-enano-n\/\">tiene el w\u00e9lter como objetivo<\/a>. Todo apunta a que<b> tendr\u00e1 su primera defensa del cintur\u00f3n en enero y Justin Gaethje<\/b> tiene todas las papeletas, una vez que Arman Tsarukyan ha sido agendado para encabezar el UFC Qatar del 22 de noviembre, cartelera en la que tambi\u00e9n pelear\u00e1 su hermano Aleksandre. <b>Todo depende de lo que permita Dana White. <\/b><\/p>\n<p>\u2018Poatan\u2019 toma ventaja <\/p>\n<p class=\"\">Con el <a href=\"https:\/\/as.com\/masdeporte\/polideportivo\/pereira-vuelve-al-trono-en-un-minuto-y-merab-sigue-siendo-el-rey-n\/\" target=\"_self\" rel=\"nofollow noopener\" title=\"https:\/\/as.com\/masdeporte\/polideportivo\/pereira-vuelve-al-trono-en-un-minuto-y-merab-sigue-siendo-el-rey-n\/\">brutal KO en un minuto y 20 segundos<\/a> que Alex Pereira hizo ante Magomed Ankalaev, <b>podr\u00eda haberse ganado este privilegio<\/b>. El brasile\u00f1o recuper\u00f3 su corona del peso semipesado tras haberla perdido ante el ruso unos meses atr\u00e1s. Cay\u00f3 por decisi\u00f3n un\u00e1nime y, aunque no quiere poner excusas, revel\u00f3 que no estaba bien de salud en el primer choque. <b>Pereira pidi\u00f3 que le dejasen subir de categor\u00eda. <\/b><\/p>\n<p class=\"\">Poatan entr\u00f3 a la UFC como un tsunami. Cuando llevaba tres peleas en la compa\u00f1\u00eda (todas ganadas, una de ellas ante el excampe\u00f3n Sean Strickland), le dieron la oportunidad de pelear por el cintur\u00f3n del peso medio.<b> Israel Adesanya reinaba en la divisi\u00f3n, <\/b>uno de los campeones m\u00e1s asentados y que hab\u00eda barrido a todos los rivales. Ambos se conoc\u00edan, se hab\u00edan enfrentado en kickboxing y el brasile\u00f1o gan\u00f3 ambas contiendas. En su primer choque de MMA, no fue distinto y<b> le noque\u00f3 en el quinto round<\/b>. Izzy le devolvi\u00f3 el KO en la revancha, por lo que decidi\u00f3 subir de peso, tras un reinado corto, pero que le hizo ganarse el cari\u00f1o de todos los fans. <\/p>\n<p>Noticias relacionadas<a href=\"https:\/\/as.com\/masdeporte\/polideportivo\/las-mma-son-un-deporte-de-hombres-las-mujeres-deben-quedarse-en-casa-f202510-n\/\" class=\"s_m_w\" title=\"El armenio, n\u00famero dos en el ranking del peso ligero, se medir\u00e1 con Dan Hooker el 22 de noviembre en el UFC Qatar. Aspira a pelear por el t\u00edtulo con Ilia Topuria a principios de a\u00f1o. \" data-tb-link=\"\" rel=\"nofollow noopener\" target=\"_blank\"><img decoding=\"async\" src=\"https:\/\/www.europesays.com\/es\/wp-content\/uploads\/2025\/10\/IF2DQZUK6VDQ3MNL7MWUMJQHBY.jpg\" alt=\"\u201cLas MMA son un deporte de hombres, las mujeres deben quedarse en casa\u201d \" class=\"\" height=\"1\" width=\"1\"   loading=\"lazy\" data-tb-thumbnail=\"\"\/><\/a><a href=\"https:\/\/as.com\/masdeporte\/polideportivo\/ankalaev-se-fracturo-una-costilla-antes-de-la-revancha-con-pereira-f202510-n\/\" class=\"s_m_w\" title=\"El m\u00e1nager del daguestan\u00ed revel\u00f3 que no deber\u00eda haber peleado con el brasile\u00f1o, que le noque\u00f3 en el primer asalto el pasado fin de semana en el UFC 320 de Las Vegas. \" data-tb-link=\"\" rel=\"nofollow noopener\" target=\"_blank\"><img decoding=\"async\" src=\"https:\/\/www.europesays.com\/es\/wp-content\/uploads\/2025\/10\/HRXW7LQD2RIGRD3QSTZAT7SCK4.jpg\" alt=\"Ankalaev se fractur\u00f3 una costilla antes de la revancha con Pereira \" class=\"\" height=\"1\" width=\"1\"   loading=\"lazy\" data-tb-thumbnail=\"\"\/><\/a><\/p>\n<p class=\"\"><b>En el semipesado, lo consigui\u00f3 todo.<\/b> Se puso la corona al noquear al exmonarca Jiri Prochazka. <a href=\"https:\/\/as.com\/masdeporte\/polideportivo\/pereira-vuelve-a-noquear-a-corto-aviso-n\/\" target=\"_self\" rel=\"nofollow noopener\" title=\"https:\/\/as.com\/masdeporte\/polideportivo\/pereira-vuelve-a-noquear-a-corto-aviso-n\/\">Y no solo lo hizo una vez, sino dos<\/a>. Tambi\u00e9n acab\u00f3 con el excampe\u00f3n Jamahal Hill en el primer round en una pelea a corto aviso y defendi\u00f3 su corona con Khalil Rountree Jr. Magomed rompi\u00f3 su racha, pero no le dur\u00f3 mucho la alegr\u00eda.<b> Despu\u00e9s de recuperar su t\u00edtulo, Pereira pidi\u00f3 subir al peso pesado. <\/b>La divisi\u00f3n de Jon Jones, que podr\u00eda ser un oponente perfecto a nivel medi\u00e1tico para \u00e9l. Tambi\u00e9n est\u00e1 Tom Aspinall, campe\u00f3n interino que se medir\u00e1 por el cintur\u00f3n absoluto con Ciryl Gane en un par de semanas. Sin duda, peleas atractivas. <b>La UFC tendr\u00e1 que valorar cu\u00e1l de sus dos superestrellas puede darles m\u00e1s. <\/b><\/p>\n<p class=\"\"><b>\u00a1Tus opiniones importan!<\/b> Comenta en los art\u00edculos y suscr\u00edbete gratis a nuestra <a href=\"https:\/\/asfan.as.com\/newsletters\/\" target=\"_blank\" rel=\"nofollow noopener\" title=\"https:\/\/asfan.as.com\/newsletters\/\">newsletter<\/a> y a las alertas informativas en la <a href=\"https:\/\/as.com\/aplicacion-de-as-n\/\" target=\"_blank\" rel=\"nofollow noopener\" title=\"https:\/\/as.com\/aplicacion-de-as-n\/\">App<\/a> o el canal de <a href=\"https:\/\/www.whatsapp.com\/channel\/0029VaAasdA7j6g745nz9M10\" target=\"_blank\" rel=\"nofollow noopener\" title=\"https:\/\/www.whatsapp.com\/channel\/0029VaAasdA7j6g745nz9M10\">WhatsApp<\/a>. \u00bfBuscas licenciar contenido? Haz clic <a href=\"https:\/\/profesional.elpais.com\/soluciones-sindicacion?utm_medium=interno&amp;utm_source=crosslinking&amp;utm_campaign=sindicacion_as_pie_articulos\" target=\"_blank\" rel=\"nofollow noopener\" title=\"https:\/\/profesional.elpais.com\/soluciones-sindicacion?utm_medium=interno&amp;utm_source=crosslinking&amp;utm_campaign=sindicacion_as_pie_articulos\">aqu\u00ed<\/a><\/p>\n","protected":false},"excerpt":{"rendered":"La UFC no ha tenido nunca en su historia un campe\u00f3n en tres pesos distintos. Actualmente, hay dos&hellip;\n","protected":false},"author":2,"featured_media":164607,"comment_status":"","ping_status":"","sticky":false,"template":"","format":"standard","meta":{"footnotes":""},"categories":[276],"tags":[168,25,24,23,167,343],"class_list":{"0":"post-164606","1":"post","2":"type-post","3":"status-publish","4":"format-standard","5":"has-post-thumbnail","7":"category-ufc","8":"tag-deportes","9":"tag-es","10":"tag-espana","11":"tag-spain","12":"tag-sports","13":"tag-ufc"},"share_on_mastodon":{"url":"","error":""},"_links":{"self":[{"href":"https:\/\/www.europesays.com\/es\/wp-json\/wp\/v2\/posts\/164606","targetHints":{"allow":["GET"]}}],"collection":[{"href":"https:\/\/www.europesays.com\/es\/wp-json\/wp\/v2\/posts"}],"about":[{"href":"https:\/\/www.europesays.com\/es\/wp-json\/wp\/v2\/types\/post"}],"author":[{"embeddable":true,"href":"https:\/\/www.europesays.com\/es\/wp-json\/wp\/v2\/users\/2"}],"replies":[{"embeddable":true,"href":"https:\/\/www.europesays.com\/es\/wp-json\/wp\/v2\/comments?post=164606"}],"version-history":[{"count":0,"href":"https:\/\/www.europesays.com\/es\/wp-json\/wp\/v2\/posts\/164606\/revisions"}],"wp:featuredmedia":[{"embeddable":true,"href":"https:\/\/www.europesays.com\/es\/wp-json\/wp\/v2\/media\/164607"}],"wp:attachment":[{"href":"https:\/\/www.europesays.com\/es\/wp-json\/wp\/v2\/media?parent=164606"}],"wp:term":[{"taxonomy":"category","embeddable":true,"href":"https:\/\/www.europesays.com\/es\/wp-json\/wp\/v2\/categories?post=164606"},{"taxonomy":"post_tag","embeddable":true,"href":"https:\/\/www.europesays.com\/es\/wp-json\/wp\/v2\/tags?post=164606"}],"curies":[{"name":"wp","href":"https:\/\/api.w.org\/{rel}","templated":true}]}}