{"id":164644,"date":"2025-10-09T08:04:10","date_gmt":"2025-10-09T08:04:10","guid":{"rendered":"https:\/\/www.europesays.com\/es\/164644\/"},"modified":"2025-10-09T08:04:10","modified_gmt":"2025-10-09T08:04:10","slug":"mcgregor-acepta-la-sancion-de-18-meses-por-saltarse-tres-controles-antidoping-objetivo-la-casa-blanca","status":"publish","type":"post","link":"https:\/\/www.europesays.com\/es\/164644\/","title":{"rendered":"McGregor acepta la sanci\u00f3n de 18 meses por saltarse tres controles antidoping: objetivo la Casa Blanca"},"content":{"rendered":"<p>Hace tiempo que a <a href=\"https:\/\/okdiario.com\/noticias\/ufc\/\" target=\"_blank\" rel=\"noopener noreferrer nofollow\">Conor<\/a> <strong>McGregor<\/strong> se le ve pisando m\u00e1s <a href=\"https:\/\/okdiario.com\/deportes\/conor-mcgregor-demandado-otra-vez-supuesta-agresion-sexual-finales-nba-2023-14123969\" target=\"_blank\" rel=\"noopener noreferrer nofollow\">discotecas<\/a> que oct\u00f3gonos y anda en<a href=\"https:\/\/okdiario.com\/deportes\/mcgregor-sorprende-todos-dando-discurso-casa-blanca-antes-reunirse-trump-14456767\" target=\"_blank\" rel=\"noopener noreferrer nofollow\"> fuera de juego<\/a>. Lo estar\u00e1 al menos 18 meses m\u00e1s debido a la sanci\u00f3n impuesta por la <a href=\"https:\/\/www.ufcespanol.com\/\" rel=\"nofollow noopener\" target=\"_blank\"><strong>UFC<\/strong><\/a> y la <strong>CSAD<\/strong>, <strong>Combat Sports Antidoping<\/strong>. El irland\u00e9s estar\u00e1 inhabilitado un a\u00f1o y medio por haberse salto tres controles antidoping entre junio y septiembre de 2024, poco despu\u00e9s de su lesi\u00f3n en el pie que le priv\u00f3 de enfrentarse a <strong>Michael Chandler<\/strong>.<\/p>\n<p>McGregror ha aceptado la sanci\u00f3n y regresar\u00e1 en marzo de 2026, para preparar el evento que realizar\u00e1 la <strong>UFC<\/strong> en la <strong>Casa Blanca<\/strong> por el 250 aniversario de <strong>Estados Unidos <\/strong>en junio del mismo a\u00f1o. Su recurso, que defend\u00eda la ausencia de McGregor debido a una lesi\u00f3n, fue rechazado y la sanci\u00f3n pod\u00eda aumentar hasta los 24 meses. De ah\u00ed la aceptaci\u00f3n de 18 meses de inhabilitaci\u00f3n.<\/p>\n<p>El incremento y la cercan\u00eda de UFC Casa Blanca. McGregor confirm\u00f3 su presencia en el mayor evento de las <strong>MMA<\/strong>. \u00abHabr\u00e1 un per\u00edodo de aislamiento en el que no se contestar\u00e1 el tel\u00e9fono. <strong>Es una operaci\u00f3n de seis meses<\/strong>. Se apagar\u00e1 el tel\u00e9fono y se ejecutar\u00e1 el trabajo\u00bb, expres\u00f3 Conor. Su reaparici\u00f3n le dar\u00eda un gran impulso medi\u00e1tico a la cartelera del evento en la Casa Blanca, el primero que se desarrollar\u00e1 en la residencia presidencial de Estados Unidos.<\/p>\n<p>Comunicado de la sanci\u00f3n a McGregor<\/p>\n<p>Combat Sports Anti-Doping (CSAD) anunci\u00f3 hoy que Conor McGregor , de Dubl\u00edn, Irlanda, ha aceptado un per\u00edodo de inelegibilidad de 18 meses por una violaci\u00f3n de la Pol\u00edtica Antidopaje de UFC (UFC ADP). McGregor omiti\u00f3 tres intentos de toma de muestras biol\u00f3gicas en un per\u00edodo de 12 meses en 2024, lo que constituye una infracci\u00f3n del ADP de la UFC. <\/p>\n<p>Los atletas de la UFC deben proporcionar informaci\u00f3n precisa sobre su paradero en todo momento para que se les pueda contactar y someterse a la toma de muestras biol\u00f3gicas sin previo aviso. Las pruebas fallidas de McGregor ocurrieron el 13 de junio, el 19 y el 20 de septiembre de 2024 , y fueron clasificadas como Incumplimiento de Paradero por la CSAD seg\u00fan el ADP de la UFC.<\/p>\n<p>Aunque McGregor no se present\u00f3 a las pruebas en esas fechas, la CSAD indic\u00f3 que se estaba recuperando de una lesi\u00f3n y no se estaba preparando para una pr\u00f3xima pelea en el momento de las tres pruebas fallidas. McGregor cooper\u00f3 plenamente con la investigaci\u00f3n de la CSAD, acept\u00f3 la responsabilidad y proporcion\u00f3 informaci\u00f3n detallada que, seg\u00fan la CSAD, contribuy\u00f3 a las pruebas fallidas.<\/p>\n<p>A pesar de estos factores atenuantes, la CSAD enfatiza que la presentaci\u00f3n precisa de informes de paradero y la posibilidad de realizar pruebas sin previo aviso son esenciales para el \u00e9xito del ADP de la UFC. Considerando la cooperaci\u00f3n y las circunstancias de McGregor, la CSAD redujo en seis meses la sanci\u00f3n est\u00e1ndar de 24 meses por tres incumplimientos de paradero. Su per\u00edodo de inelegibilidad comenz\u00f3 el 20 de septiembre de 2024 (fecha de su tercer incumplimiento de paradero) y finalizar\u00e1 el 20 de marzo de 2026 .<\/p>\n<p>El CSAD administra de forma independiente el programa antidopaje anual de la UFC. La recolecci\u00f3n de muestras biol\u00f3gicas en el marco del Programa Antidopaje de la UFC (ADP) la realiza Drug Free Sport International (DFSI) , l\u00edder mundial en la industria antidopaje con m\u00e1s de 5000 profesionales capacitados en recolecci\u00f3n. Todas las muestras se analizan en el Laboratorio de Investigaci\u00f3n y An\u00e1lisis de Medicina Deportiva (SMRTL), acreditado por la AMA, en Salt Lake City, Utah.<\/p>\n","protected":false},"excerpt":{"rendered":"Hace tiempo que a Conor McGregor se le ve pisando m\u00e1s discotecas que oct\u00f3gonos y anda en fuera&hellip;\n","protected":false},"author":2,"featured_media":164645,"comment_status":"","ping_status":"","sticky":false,"template":"","format":"standard","meta":{"footnotes":""},"categories":[276],"tags":[168,25,24,23,167,343],"class_list":{"0":"post-164644","1":"post","2":"type-post","3":"status-publish","4":"format-standard","5":"has-post-thumbnail","7":"category-ufc","8":"tag-deportes","9":"tag-es","10":"tag-espana","11":"tag-spain","12":"tag-sports","13":"tag-ufc"},"share_on_mastodon":{"url":"","error":""},"_links":{"self":[{"href":"https:\/\/www.europesays.com\/es\/wp-json\/wp\/v2\/posts\/164644","targetHints":{"allow":["GET"]}}],"collection":[{"href":"https:\/\/www.europesays.com\/es\/wp-json\/wp\/v2\/posts"}],"about":[{"href":"https:\/\/www.europesays.com\/es\/wp-json\/wp\/v2\/types\/post"}],"author":[{"embeddable":true,"href":"https:\/\/www.europesays.com\/es\/wp-json\/wp\/v2\/users\/2"}],"replies":[{"embeddable":true,"href":"https:\/\/www.europesays.com\/es\/wp-json\/wp\/v2\/comments?post=164644"}],"version-history":[{"count":0,"href":"https:\/\/www.europesays.com\/es\/wp-json\/wp\/v2\/posts\/164644\/revisions"}],"wp:featuredmedia":[{"embeddable":true,"href":"https:\/\/www.europesays.com\/es\/wp-json\/wp\/v2\/media\/164645"}],"wp:attachment":[{"href":"https:\/\/www.europesays.com\/es\/wp-json\/wp\/v2\/media?parent=164644"}],"wp:term":[{"taxonomy":"category","embeddable":true,"href":"https:\/\/www.europesays.com\/es\/wp-json\/wp\/v2\/categories?post=164644"},{"taxonomy":"post_tag","embeddable":true,"href":"https:\/\/www.europesays.com\/es\/wp-json\/wp\/v2\/tags?post=164644"}],"curies":[{"name":"wp","href":"https:\/\/api.w.org\/{rel}","templated":true}]}}