{"id":164654,"date":"2025-10-09T08:11:08","date_gmt":"2025-10-09T08:11:08","guid":{"rendered":"https:\/\/www.europesays.com\/es\/164654\/"},"modified":"2025-10-09T08:11:08","modified_gmt":"2025-10-09T08:11:08","slug":"oda-al-minimalismo-en-su-gran-noche-en-madrid","status":"publish","type":"post","link":"https:\/\/www.europesays.com\/es\/164654\/","title":{"rendered":"oda al minimalismo en su gran noche en Madrid"},"content":{"rendered":"<p id=\"euI8PfrspC\" data-wc=\"88\"><strong>Rebecca Donaldson<\/strong>, novia del piloto Carlos Sainz Jr., con quien forma una de las parejas m\u00e1s top de la F\u00f3rmula 1, tampoco ha querido perderse la gran noche de la moda. La modelo ha asistido a la <a class=\"hm-link hf-link\" href=\"https:\/\/www.hola.com\/fashion\/20251008860464\/premios-fashion-2025-evento-moda-en-directo\/\" data-mrf-recirculation=\"article-body-link\" rel=\"nofollow noopener\" target=\"_blank\">IV edici\u00f3n de los Premios Talento Fashion<\/a>, en la que ha sido galardonada con el Premio a la Mejor Modelo del A\u00f1o, enfundada en un sencill\u00edsimo dise\u00f1o con el que ha demostrado que el menos es m\u00e1s funciona siempre y que el minimalismo puede convertirte en una de las m\u00e1s elegantes.\u00a0<\/p>\n<p id=\"ePa6M_SOPu\" data-wc=\"97\">La modelo escocesa se ha decantado por un vestido de Ala\u00efa que se ce\u00f1\u00eda a su cuerpo como una segunda piel. Es un dise\u00f1o de manga corta, con el cuello redondo, falda recta y de color negro. \u00danicamente tiene un drapeado en la zona de la cadera, un recurso que, aunque ha sido muy utilizado en las \u00faltimas temporadas por los dise\u00f1adores de invitadas, tiene una historia que se remonta a las vestimentas griegas y que a principios del siglo XX vivi\u00f3 uno de sus grandes momentos, gracias al impulso de <strong>Madeleine Vionnet y de Madame Gr\u00e8s<\/strong>. \u00a0<\/p>\n<p> <strong class=\"fr-embedded\"><img src=\"https:\/\/www.europesays.com\/es\/wp-content\/uploads\/2025\/10\/42dd1d6b8276-jaa1200.jpg\"   width=\"682\" height=\"1024\" loading=\"lazy\" decoding=\"async\" alt=\"\u00a1HOLA! celebra la cuarta edici\u00f3n de los Premios Talento Fashion&#10;\" fetchpriority=\"auto\" class=\"image hf-image\"\/>\u00a9 Javier Alonso<\/strong><\/p>\n<p id=\"enL4SOODVqt\" data-wc=\"51\">Para no restar protagonismo al dise\u00f1o y mantener el minimalismo de la pieza, Rebecca ha a\u00f1adido joyas discretas, pero igualmente elegantes: un brazalete plateado y unos pendientes de nudo. Tambi\u00e9n ha querido llevar su melena suelta y rizada, una elecci\u00f3n que le aporta mucha naturalidad. El maquillaje, sutil, potencia su belleza.\u00a0<\/p>\n<p> <img src=\"https:\/\/www.europesays.com\/es\/wp-content\/uploads\/2025\/10\/6dd05275d8c8-jaa1201.jpg\"   width=\"682\" height=\"1024\" loading=\"lazy\" decoding=\"async\" alt=\"\u00a1HOLA! celebra la cuarta edici\u00f3n de los Premios Talento Fashion&#10;\" fetchpriority=\"auto\" class=\"image hf-image\"\/>\u00a9 Javier Alonso<\/p>\n<p id=\"eepblovuRP\" data-wc=\"97\">La modelo, que fue <a class=\"hm-link hf-link\" href=\"https:\/\/www.hola.com\/fashion\/20250618837430\/rebecca-donaldson-pilares-de-mi-vida-amigos-familia\/\" data-mrf-recirculation=\"article-body-link\" rel=\"nofollow noopener\" target=\"_blank\">portada del n\u00famero de FASHION julio<\/a>, naci\u00f3 en el peque\u00f1o pueblo de Scone y estudi\u00f3 en la Perth Academy, uno de los centros de ense\u00f1anza secundaria m\u00e1s antiguos de Escocia. Cuando ten\u00eda solo 17 a\u00f1os particip\u00f3 en Face of 2011, un concurso del que sali\u00f3 vencedora: \u00abMi madre me inscribi\u00f3 en un concurso de modelos, que gan\u00e9. Uno de los jueces era una maquilladora que me propuso hacer unas sesiones de prueba con ella. Y esas im\u00e1genes llamaron la atenci\u00f3n a una agencia de modelos que me contrat\u00f3. As\u00ed empez\u00f3 todo\u00bb, nos contaba. \u00a0<\/p>\n<p id=\"epnMLiuYzuc\" data-wc=\"77\">Poco a poco se hizo un hueco en la industria. En los \u00faltimos a\u00f1os, ha protagonizado campa\u00f1as y se ha convertido en imagen de diversas <strong data-gid=\"eipO2_qyySx\">firmas de moda y belleza<\/strong>. Entre ellas se incluyen algunas como la marca de vaqueros Replay o la de moda de ba\u00f1o Sommer Swim. Aunque sin duda una de las m\u00e1s potentes en las que ha trabajado ha sido la campa\u00f1a que grab\u00f3 en Marruecos junto a <strong data-gid=\"eOaTOLzgdiq\">Ferrari\u00a0<\/strong>a principios de 2023<\/p>\n","protected":false},"excerpt":{"rendered":"Rebecca Donaldson, novia del piloto Carlos Sainz Jr., con quien forma una de las parejas m\u00e1s top de&hellip;\n","protected":false},"author":2,"featured_media":164655,"comment_status":"","ping_status":"","sticky":false,"template":"","format":"standard","meta":{"footnotes":""},"categories":[174],"tags":[425,255,146,147,25,24,256,10,48367,23],"class_list":{"0":"post-164654","1":"post","2":"type-post","3":"status-publish","4":"format-standard","5":"has-post-thumbnail","7":"category-famosos","8":"tag-hola-fashion","9":"tag-celebrities","10":"tag-entertainment","11":"tag-entretenimiento","12":"tag-es","13":"tag-espana","14":"tag-famosos","15":"tag-noticias","16":"tag-premios-fashion","17":"tag-spain"},"share_on_mastodon":{"url":"","error":""},"_links":{"self":[{"href":"https:\/\/www.europesays.com\/es\/wp-json\/wp\/v2\/posts\/164654","targetHints":{"allow":["GET"]}}],"collection":[{"href":"https:\/\/www.europesays.com\/es\/wp-json\/wp\/v2\/posts"}],"about":[{"href":"https:\/\/www.europesays.com\/es\/wp-json\/wp\/v2\/types\/post"}],"author":[{"embeddable":true,"href":"https:\/\/www.europesays.com\/es\/wp-json\/wp\/v2\/users\/2"}],"replies":[{"embeddable":true,"href":"https:\/\/www.europesays.com\/es\/wp-json\/wp\/v2\/comments?post=164654"}],"version-history":[{"count":0,"href":"https:\/\/www.europesays.com\/es\/wp-json\/wp\/v2\/posts\/164654\/revisions"}],"wp:featuredmedia":[{"embeddable":true,"href":"https:\/\/www.europesays.com\/es\/wp-json\/wp\/v2\/media\/164655"}],"wp:attachment":[{"href":"https:\/\/www.europesays.com\/es\/wp-json\/wp\/v2\/media?parent=164654"}],"wp:term":[{"taxonomy":"category","embeddable":true,"href":"https:\/\/www.europesays.com\/es\/wp-json\/wp\/v2\/categories?post=164654"},{"taxonomy":"post_tag","embeddable":true,"href":"https:\/\/www.europesays.com\/es\/wp-json\/wp\/v2\/tags?post=164654"}],"curies":[{"name":"wp","href":"https:\/\/api.w.org\/{rel}","templated":true}]}}