{"id":164669,"date":"2025-10-09T08:20:08","date_gmt":"2025-10-09T08:20:08","guid":{"rendered":"https:\/\/www.europesays.com\/es\/164669\/"},"modified":"2025-10-09T08:20:08","modified_gmt":"2025-10-09T08:20:08","slug":"leyendas-pokemon-z-a-confirma-tamanos-de-descarga-finales-en-nintendo-switch-y-nintendo-switch-2-y-la-version-1-0-1","status":"publish","type":"post","link":"https:\/\/www.europesays.com\/es\/164669\/","title":{"rendered":"Leyendas Pok\u00e9mon: Z-A confirma tama\u00f1os de descarga finales en Nintendo Switch y Nintendo Switch 2 y la versi\u00f3n 1.0.1"},"content":{"rendered":"<p>Parece que hay movimientos en la eShop tras <a href=\"https:\/\/www.nintenderos.com\/2025\/05\/leyendas-pokemon-z-a-confirma-fecha-de-lanzamiento-y-boxarts-para-nintendo-switch-y-nintendo-switch-2\/\" rel=\"nofollow noopener\" target=\"_blank\">conocer la fecha<\/a>\u00a0de\u00a0<a href=\"https:\/\/www.nintenderos.com\/2024\/03\/leyendas-pokemon-z-a-un-vistazo-al-futuro-o-un-retorno-al-pasado\/\" rel=\"nofollow noopener\" target=\"_blank\">Leyendas Pok\u00e9mon: Z-A<\/a>. Ya sabemos que se lanza el 16 de octubre de 2025 en Switch y Switch 2 y ahora tenemos m\u00e1s contenidos que se suman a\u00a0<a href=\"https:\/\/www.nintenderos.com\/nintendo-switch-2\/leyendas-pokemon-z-a-confirma-precios-oficiales-en-nintendo-switch-y-nintendo-switch-2\" rel=\"nofollow noopener\" target=\"_blank\">sus precios oficiales<\/a>.<\/p>\n<p>Ya sab\u00e9is que Leyendas Pok\u00e9mon: Z-A\u00a0<a href=\"https:\/\/www.nintenderos.com\/nintendo-switch-2\/nintendo-switch-2-los-zeldas-kirby-y-la-tierra-olvidada-metroid-prime-4-beyond-y-leyendas-pokemon-z-a-tambien-confirman-ediciones-para-la-sucesora\/\" rel=\"nofollow noopener\" target=\"_blank\">ha confirmado edici\u00f3n mejorada<\/a>\u00a0para Nintendo Switch 2 y esto nos llega tras los\u00a0<a href=\"https:\/\/www.nintenderos.com\/2025\/04\/rumor-filtradas-capturas-de-la-gen-10-de-pokemon-y-la-silueta-de-una-nueva-megaevolucion-de-leyendas-pokemon-z-a\/\" rel=\"nofollow noopener\" target=\"_blank\">\u00faltimos rumores<\/a> de la Gen. 10. Nintendo ha activado la precarga del juego en la eShop y los usuarios ya la est\u00e1n recibiendo.<\/p>\n<ul>\n<li data-start=\"223\" data-end=\"523\">\n<p data-start=\"225\" data-end=\"254\"><strong data-start=\"225\" data-end=\"252\">Precarga disponible:<\/strong><\/p>\n<p>Otros contenidos en esta categor\u00eda:<\/p>\n<ul>\n<li><a href=\"https:\/\/www.nintenderos.com\/nintendo-switch-2\/sorteamos-2-copias-fisicas-de-leyendas-pokemon-z-a-nintendo-switch-2-edition\/\" rel=\"nofollow noopener\" target=\"_blank\">\u00a1Sorteamos 2 copias f\u00edsicas de Leyendas Pok\u00e9mon: Z-A Nintendo Switch 2 Edition!<\/a><\/li>\n<\/ul>\n<ul data-start=\"257\" data-end=\"523\">\n<li data-start=\"257\" data-end=\"425\">\n<p data-start=\"259\" data-end=\"425\">Los jugadores que hayan comprado la versi\u00f3n digital en la <strong data-start=\"317\" data-end=\"335\">Nintendo eShop<\/strong> ya pueden (o podr\u00e1n muy pronto) ver la <strong data-start=\"375\" data-end=\"387\">precarga<\/strong> en el men\u00fa principal de su consola.<\/p>\n<\/li>\n<li data-start=\"428\" data-end=\"523\">\n<p data-start=\"430\" data-end=\"523\">La versi\u00f3n de Switch puede <strong data-start=\"457\" data-end=\"494\">canjearse mediante vales de juego<\/strong> en regiones seleccionadas.<\/p>\n<\/li>\n<li data-start=\"428\" data-end=\"523\">Tama\u00f1os: Nintendo Switch: 4.0 GB y Nintendo Switch 2: 7.7 GB<\/li>\n<\/ul>\n<\/li>\n<li data-start=\"525\" data-end=\"685\">\n<p data-start=\"527\" data-end=\"560\"><strong data-start=\"527\" data-end=\"558\">Actualizaci\u00f3n y versi\u00f3n:<\/strong><\/p>\n<ul data-start=\"563\" data-end=\"685\">\n<li data-start=\"563\" data-end=\"685\">\n<p data-start=\"565\" data-end=\"685\">El t\u00edtulo ha recibido una <strong data-start=\"591\" data-end=\"632\">actualizaci\u00f3n inicial (versi\u00f3n 1.0.1)<\/strong>, aunque a\u00fan no se conocen los detalles del parche.<\/p>\n<\/li>\n<\/ul>\n<\/li>\n<\/ul>\n<blockquote class=\"reddit-embed-bq\" style=\"height:316px\">\n<p><a href=\"https:\/\/www.reddit.com\/r\/LegendsZA\/comments\/1o1ujxs\/digital_preloads\/\" rel=\"nofollow noopener\" target=\"_blank\">Digital Pre-Loads<\/a><br \/>by<a href=\"https:\/\/www.reddit.com\/user\/BeholdAndWonder\/\" rel=\"nofollow noopener\" target=\"_blank\">u\/BeholdAndWonder<\/a> in<a href=\"https:\/\/www.reddit.com\/r\/LegendsZA\/\" rel=\"nofollow noopener\" target=\"_blank\">LegendsZA<\/a><\/p>\n<\/blockquote>\n<p>Hasta ahora sabemos de Leyendas Pok\u00e9mon: Z-A que la historia se desarrollar\u00e1 en la Ciudad Luminalia y Nintendo ya\u00a0<a href=\"https:\/\/www.nintenderos.com\/2024\/02\/leyendas-pokemon-z-a-nintendo-especifica-cual-sera-la-region-del-juego\/\" rel=\"nofollow noopener\" target=\"_blank\">ha detallado su regi\u00f3n<\/a>\u00a0y\u00a0<a href=\"https:\/\/www.nintenderos.com\/2024\/02\/la-ciudad-luminalia-de-leyendas-pokemon-z-a-confirma-este-importante-detalle-desde-japon\/\" rel=\"nofollow noopener\" target=\"_blank\">periodo<\/a>. Adem\u00e1s, hace poco conocimos que podr\u00edamos haber estado\u00a0<a href=\"https:\/\/www.nintenderos.com\/2024\/02\/podriamos-haber-estado-pronunciando-mal-leyendas-pokemon-z-a-todo-este-rato\/\" rel=\"nofollow noopener\" target=\"_blank\">pronunciando mal su nombre<\/a>\u00a0todo este tiempo.<\/p>\n<p>\u00bfQu\u00e9 opin\u00e1is vosotros sobre todo esto de cara a este t\u00edtulo? Os leemos en los comentarios. Pod\u00e9is dejar abajo vuestra opini\u00f3n sobre el juego y esta informaci\u00f3n.<\/p>\n<p><a class=\"external\" href=\"https:\/\/www.nintendolife.com\/news\/2025\/10\/psa-pokemon-legends-z-a-eshop-preloads-go-live-ahead-of-launch\" rel=\"nofollow noopener\" target=\"_blank\">Fuente<\/a>.<\/p>\n","protected":false},"excerpt":{"rendered":"Parece que hay movimientos en la eShop tras conocer la fecha\u00a0de\u00a0Leyendas Pok\u00e9mon: Z-A. Ya sabemos que se lanza&hellip;\n","protected":false},"author":2,"featured_media":164670,"comment_status":"","ping_status":"","sticky":false,"template":"","format":"standard","meta":{"footnotes":""},"categories":[81],"tags":[11239,119,123,124,25,24,2794,934,117,121,122,23,13718,48552,118,120],"class_list":{"0":"post-164669","1":"post","2":"type-post","3":"status-publish","4":"format-standard","5":"has-post-thumbnail","7":"category-ciencia-y-tecnologia","8":"tag-actualizacion","9":"tag-ciencia","10":"tag-ciencia-y-tecnologia","11":"tag-cienciaytecnologia","12":"tag-es","13":"tag-espana","14":"tag-leyendas-pokemon-z-a","15":"tag-pokemon","16":"tag-science","17":"tag-science-and-technology","18":"tag-scienceandtechnology","19":"tag-spain","20":"tag-tamano","21":"tag-tamano-de-descarga","22":"tag-technology","23":"tag-tecnologia"},"share_on_mastodon":{"url":"","error":""},"_links":{"self":[{"href":"https:\/\/www.europesays.com\/es\/wp-json\/wp\/v2\/posts\/164669","targetHints":{"allow":["GET"]}}],"collection":[{"href":"https:\/\/www.europesays.com\/es\/wp-json\/wp\/v2\/posts"}],"about":[{"href":"https:\/\/www.europesays.com\/es\/wp-json\/wp\/v2\/types\/post"}],"author":[{"embeddable":true,"href":"https:\/\/www.europesays.com\/es\/wp-json\/wp\/v2\/users\/2"}],"replies":[{"embeddable":true,"href":"https:\/\/www.europesays.com\/es\/wp-json\/wp\/v2\/comments?post=164669"}],"version-history":[{"count":0,"href":"https:\/\/www.europesays.com\/es\/wp-json\/wp\/v2\/posts\/164669\/revisions"}],"wp:featuredmedia":[{"embeddable":true,"href":"https:\/\/www.europesays.com\/es\/wp-json\/wp\/v2\/media\/164670"}],"wp:attachment":[{"href":"https:\/\/www.europesays.com\/es\/wp-json\/wp\/v2\/media?parent=164669"}],"wp:term":[{"taxonomy":"category","embeddable":true,"href":"https:\/\/www.europesays.com\/es\/wp-json\/wp\/v2\/categories?post=164669"},{"taxonomy":"post_tag","embeddable":true,"href":"https:\/\/www.europesays.com\/es\/wp-json\/wp\/v2\/tags?post=164669"}],"curies":[{"name":"wp","href":"https:\/\/api.w.org\/{rel}","templated":true}]}}