{"id":164691,"date":"2025-10-09T08:37:12","date_gmt":"2025-10-09T08:37:12","guid":{"rendered":"https:\/\/www.europesays.com\/es\/164691\/"},"modified":"2025-10-09T08:37:12","modified_gmt":"2025-10-09T08:37:12","slug":"la-8-valladolid-estrena-la-temporada-del-talento","status":"publish","type":"post","link":"https:\/\/www.europesays.com\/es\/164691\/","title":{"rendered":"La 8 Valladolid estrena la temporada del talento"},"content":{"rendered":"<p>            Publicado por<\/p>\n<p>Diario de Valladolid | El Mundo<\/p>\n<p>        Valladolid<\/p>\n<p class=\"c-detail__info__more\">\n            Creado:<br \/>\n            <a class=\"c-detail__info__more__date\" href=\"https:\/\/www.diariodevalladolid.es\/hemeroteca\/251008\/\" rel=\"nofollow noopener\" target=\"_blank\"><br \/>\n                08.10.2025 | 23:29<br \/>\n            <\/a>\n        <\/p>\n<p class=\"c-detail__info__more\">\n            Actualizado:<br \/>\n            08.10.2025 | 23:29\n        <\/p>\n<p class=\"paragraph\">El Teatro Calder\u00f3n se visti\u00f3 de gala para acoger la esperada presentaci\u00f3n de la decimos\u00e9ptima temporada de La 8 Valladolid. El evento, que comenz\u00f3 alrededor de las 21: horas, sirvi\u00f3 como plataforma para anunciar todas las novedades de la cadena, recordando su apuesta por el directo y el talento local. Por otro lado, la gala cont\u00f3 con la intervenci\u00f3n de pol\u00edticos y presentadores de televisi\u00f3n, adem\u00e1s de las actuaciones de diversos artistas.<\/p>\n<p class=\"paragraph\">La noche fue un escaparate del talento castellano y leon\u00e9s. El escenario recibi\u00f3 a la violinista y cantante Beatriz Panizo, a quien sigui\u00f3 el violinista Miguel Mart\u00edn. El ambiente musical continu\u00f3 con la actuaci\u00f3n del grupo vallisoletano de pop-rock &#8216;El Hombre del Traje&#8217;. El broche de oro de las actuaciones lo puso el grupo de baile &#8216;Level Up Escuela Stage&#8217;, las ganadoras del concurso &#8216;Peque\u00f1as Estrellas&#8217; de La 8, que subieron al escenario a interpretar una elaborada coreograf\u00eda.<\/p>\n<p class=\"paragraph\">La Gala cont\u00f3 con la presencia de figuras destacadas del \u00e1mbito pol\u00edtico e institucional, como el presidente de la Diputaci\u00f3n de Valladolid, Conrado \u00cdscar, y el alcalde de Valladolid, Jes\u00fas Julio Carnero. Por parte de la cadena, el director de La 8 de Valladolid, Florencio Carrera, junto a diversos presentadores, que desvelaron las claves de la nueva temporada.<\/p>\n<p class=\"paragraph\">La premisa central de esta nueva etapa se enfoca principalmente en dos pilares: reforzar las emisiones en directo y potenciar el talento local que haya en la provincia de Valladolid. Esta estrategia viene acompa\u00f1ada de una reestructuraci\u00f3n de la parrilla de programaci\u00f3n en vivo, como los programas consolidados de &#8216;Magazine&#8217;, que pasar\u00e1 a emitirse a las 16:00 horas, mientras que el espacio dedicado a los deportes adelanta su emisi\u00f3n a las 17:30 horas.<\/p>\n<p class=\"paragraph\">A lo largo de las intervenciones, se record\u00f3 los programas ic\u00f3nicos y de larga trayectoria que regresan un a\u00f1o m\u00e1s a las pantallas de los vallisoletanos, como el espacio de debate y actualidad &#8216;La Quinta Esquina&#8217;, el renovado &#8216;Magazine&#8217; y el popular programa de cocina &#8216;El Mandil del Val&#8217;.<\/p>\n<p class=\"paragraph\">Asimismo, la decimos\u00e9ptima temporada traer\u00e1 consigo una serie de novedades televisivas, como &#8216;Me pongo en tu lugar&#8217;, &#8216;\u00c9rase Una Vez Urue\u00f1a&#8217; o &#8216;Las rutas de Delibes&#8217;. Adem\u00e1s del novedoso formato de podcast, que ser\u00e1 el encargado de surcar los cielos, llamado &#8216;Rascacielos&#8217;.<\/p>\n<p class=\"paragraph\">Y es que la nueva temporada de La 8 Valladolid llega con la apuesta clara del talento de Valladolid, que lo tiene a raudales.Pero no s\u00f3lo, porque el eslogan \u2018la tele de todos\u2019 de la nueva temporada, que ayer se estrenaba ante 500 invitados que se reun\u00edan en el Teatro Calder\u00f3n, deja bien a las claras que la intenci\u00f3n pasa por seguir siendo la televisi\u00f3n de todos los vallisoletanos y vallisoletanas. De llegar a todos los  rincones,  a todos los barrios de la capital vallisoletana y a todos los pueblos de la provincia.<\/p>\n<p>            <a href=\"#\" title=\"\"><\/p>\n<p>                    <img loading=\"lazy\" decoding=\"async\" data-index=\"\" width=\"140\" height=\"140\" alt=\"Mar\u00eda Luisa Segoviano, C\u00e9sar P\u00e9rez Gellida, Almudena Sevilla y Alexandre P\u00e9rez galardonados como Alumni de Honor\" data-full=\"[object Object]\" data-original=\"[object Object]\" src=\"https:\/\/imagenes.diariodevalladolid.es\/files\/related_image\/files\/fp\/uploads\/2025\/10\/08\/68e6a7b7b91a9.r_d.2013-1377.jpeg\" data-full-src=\"https:\/\/www.europesays.com\/es\/wp-content\/uploads\/2025\/10\/68e6a7b7b91a9.jpeg\"\/><\/p>\n<p>            <\/a><\/p>\n<p class=\"c-detail__sumario__signature\">\n                <strong><\/p>\n<p>                <strong class=\"c-detail__sumario__author \">Diario de Valladolid | El Mundo<\/strong><\/strong>\n            <\/p>\n<p class=\"paragraph\">Y eso es, precisamente, lo que destacaba el director de La 8 Valladolid, Florencio Carrera, en un momento de su intervenci\u00f3n en la gala de la nueva temporada, la 16, a dos pasos de la mayor\u00eda de edad, el hacer que La 8 de Valladolid contin\u00fae siendo la tele de todos<\/p>\n<p class=\"paragraph\">\u00abHacer una televisi\u00f3n para todos, plural e independiente, en la que no falte nadie no es f\u00e1cil\u00bb, aseguraba Florencio Carrera, quien pon\u00eda en valor la profesionalidad y el trabajo de todos los trabajadores de La 8 Valladolid, \u00abpara hacer esa televisi\u00f3n informativa, deportiva, de ocio, plural\u00bb. \u00abTodo pasa por aqu\u00ed, La 8 es de todos\u00bb, finalizaba Carrera.<\/p>\n<p class=\"paragraph\">La gala de presentaci\u00f3n de la nueva temporada de La 8 Valladolid, que se asoma ya a su mayor\u00eda de edad, se ve\u00eda jalonada con conexiones en directo desde el estadio Jos\u00e9 Zorrilla y la plaza Mayor y actuaciones musicales  y de baile en el Calder\u00f3n. Una gala que se desped\u00eda con la actuaci\u00f3n del grupo vallisoletano \u2018El Hombre del Traje\u2019, en otra apuesta m\u00e1s por ese talento de aqu\u00ed, que ser\u00e1 el hilo conductor de esa nueva temporada de La 8 Valladolid, que est\u00e1 de estreno.<\/p>\n<p>Carnero<\/p>\n<p class=\"paragraph\">A la gala de La 8 no faltaba nadie de los representantes pol\u00edticos, sociales y econ\u00f3micos de la sociedad vallisoletana, encabezados  por el alcalde de Valladolid, Jes\u00fas Julio Carnero. El regidor de la capital vallisoletana pon\u00eda en valor la importancia de tele como un \u00abservicio p\u00fablico\u00bb. \u00abLa 8 de Valladolid es una habitaci\u00f3n m\u00e1s de nuestras casas\u00bb, afirmaba Carnero en su discurso en la gala del Calder\u00f3n. \u00abEs una ventana a la oportunidad de saber qu\u00e9 ocurre, cu\u00e1ndo ocurre y c\u00f3mo ocurre todo\u00bb, incide Jes\u00fas Julio Carnero.<\/p>\n<p class=\"paragraph\">En otro momento de su intervenci\u00f3n, el alcalde indicaba que iban a seguir apostando por una televisi\u00f3n local. \u00abEst\u00e1is en ciernes de ser mayores de edad y vamos a estar ah\u00ed a vuestro lado\u00bb, afirmaba. En esa ventana de servicio p\u00fablico que destaca es La 8 Valladolid, Carnero pon\u00eda varios ejemplos, como muestra de ese servicio que presta la tele. Y lo hac\u00eda poni\u00e9ndose en el lugar de esa persona que no puede ver la Seminci, que empezar\u00e1 el pr\u00f3ximo 24 de octubre, \u00aby que gracias a La 8 puede saber qu\u00e9 ocurre en la Seminci\u00bb.<\/p>\n<p class=\"paragraph\">O en esa otra persona a la que le llaman la atenci\u00f3n los pinchos y las tapas  y que, por cualquier circunstancia, no puede salir a disfrutarlo. \u00abGracias a La 8 Valladolid podr\u00e1 sentir lo que se cuece\u00bb, explicaba Carnero, quien en este momento miraba a ese ni\u00f1o o ni\u00f1a que no puede ver en vivo la cabalgata de los Reyes Magos, \u00aby ah\u00ed esta la cabalgata entrando en sus casas\u00bb. Y lo mismo dec\u00eda para hablar de ese aficionado a las motos que no pueda estar en Ping\u00fcinos \u00aby siente el rugido de las motos por La 8\u00bb.\u00a0Ejemplos todos ellos que, en palabras del alcalde de Valladolid, son la muestra de esa \u00abfunci\u00f3n de servicio p\u00fablico que cumple La 8 Valladolid\u00bb.<\/p>\n<p>Conrado \u00cdscar<\/p>\n<p class=\"paragraph\">Un servicio p\u00fablico que tambi\u00e9n pon\u00eda en valor el presidente de la Diputaci\u00f3n de Valladolid, Conrado \u00cdscar, en su intervenci\u00f3n. \u00cdscar, parafraseando el lema de la nueva temporada resaltaba que se trata de \u00abuna tele de todos y para todos\u00bb.<\/p>\n<p class=\"paragraph\">El presidente de la Diputaci\u00f3n vallisoletana hac\u00eda valer la importancia que la tele tiene en todos los pueblos de Valladolid, \u00abque la sienten como suya\u00bb, puntualizaba. \u00abRecorro la provincia y nos enorgullece ver como siempre hay un equipo de La 8, esa tele familiar y cercana\u00bb, explicaba \u00cdscar.<\/p>\n<p class=\"paragraph\">Pero iba m\u00e1s all\u00e1, porque Conrado \u00cdscar tambi\u00e9n agradec\u00eda a la tele \u00abla labor que hacen por esas personas que sufren la soledad no deseada\u00bb. Una labor, seg\u00fan \u00cdscar, no s\u00f3lo de entretenimiento, que tambi\u00e9n, sino de acompa\u00f1amiento.<\/p>\n<p class=\"paragraph\">Sin duda, una tele de todos, como reza el eslogan de esta nueva temporada de La 8 Valladolid que ahora se estrena, la n\u00famero 16, que la acerca a una mayor\u00eda de edad que ya tiene demostrada con creces.<\/p>\n<p class=\"c-detail__media__subtitle\">\n<p>                Un momento de la gala de La 8 Valladolid en el Teatro Calder\u00f3n.ARGI<\/p>\n<p>        La 8 Valladolid estrena temporada<\/p>\n<p class=\"c-detail__media__subtitle\">\n<p>                Un momento de la gala de La 8 Valladolid en el Teatro Calder\u00f3n.ARGI<\/p>\n<p>        La 8 Valladolid estrena temporada<\/p>\n<p class=\"c-detail__media__subtitle\">\n<p>                Un momento de la gala de La 8 Valladolid en el Teatro Calder\u00f3n.ARGI<\/p>\n<p>        La 8 Valladolid estrena temporada<\/p>\n<p class=\"c-detail__media__subtitle\">\n<p>                Un momento de la gala de La 8 Valladolid en el Teatro Calder\u00f3n.ARGI<\/p>\n<p>        La 8 Valladolid estrena temporada<\/p>\n<p class=\"c-detail__media__subtitle\">\n<p>                Un momento de la gala de La 8 Valladolid en el Teatro Calder\u00f3n.ARGI<\/p>\n<p>        La 8 Valladolid estrena temporada<\/p>\n<p class=\"c-detail__media__subtitle\">\n<p>                Un momento de la gala de La 8 Valladolid en el Teatro Calder\u00f3n.ARGI<\/p>\n<p>        La 8 Valladolid estrena temporada<\/p>\n<p class=\"c-detail__media__subtitle\">\n<p>                Un momento de la gala de La 8 Valladolid en el Teatro Calder\u00f3n.ARGI<\/p>\n<p>        La 8 Valladolid estrena temporada<\/p>\n<p class=\"c-detail__media__subtitle\">\n<p>                Un momento de la gala de La 8 Valladolid en el Teatro Calder\u00f3n.ARGI<\/p>\n<p>        La 8 Valladolid estrena temporada<\/p>\n<p class=\"c-detail__media__subtitle\">\n<p>                Un momento de la gala de La 8 Valladolid en el Teatro Calder\u00f3n.ARGI<\/p>\n<p>        La 8 Valladolid estrena temporada<\/p>\n<p class=\"c-detail__media__subtitle\">\n<p>                Un momento de la gala de La 8 Valladolid en el Teatro Calder\u00f3n.ARGI<\/p>\n<p>        La 8 Valladolid estrena temporada<\/p>\n<p class=\"c-detail__media__subtitle\">\n<p>                Un momento de la gala de La 8 Valladolid en el Teatro Calder\u00f3n.ARGI<\/p>\n<p>        La 8 Valladolid estrena temporada<\/p>\n<p class=\"c-detail__media__subtitle\">\n<p>                Un momento de la gala de La 8 Valladolid en el Teatro Calder\u00f3n.ARGI<\/p>\n<p>        La 8 Valladolid estrena temporada<\/p>\n<p class=\"c-detail__media__subtitle\">\n<p>                Un momento de la gala de La 8 Valladolid en el Teatro Calder\u00f3n.ARGI<\/p>\n<p>        La 8 Valladolid estrena temporada<\/p>\n<p class=\"c-detail__media__subtitle\">\n<p>                Un momento de la gala de La 8 Valladolid en el Teatro Calder\u00f3n.ARGI<\/p>\n<p>        La 8 Valladolid estrena temporada<\/p>\n<p class=\"c-detail__media__subtitle\">\n<p>                Un momento de la gala de La 8 Valladolid en el Teatro Calder\u00f3n.ARGI<\/p>\n<p>        La 8 Valladolid estrena temporada<\/p>\n<p class=\"c-detail__media__subtitle\">\n<p>                Un momento de la gala de La 8 Valladolid en el Teatro Calder\u00f3n.ARGI<\/p>\n<p>        La 8 Valladolid estrena temporada<\/p>\n<p class=\"c-detail__media__subtitle\">\n<p>                Un momento de la gala de La 8 Valladolid en el Teatro Calder\u00f3n.ARGI<\/p>\n<p>        La 8 Valladolid estrena temporada<\/p>\n<p class=\"c-detail__media__subtitle\">\n<p>                Un momento de la gala de La 8 Valladolid en el Teatro Calder\u00f3n.ARGI<\/p>\n<p>        La 8 Valladolid estrena temporada<\/p>\n<p class=\"c-detail__media__subtitle\">\n<p>                La 8 de Valladolid estrena temporada rodeada de los representantes pol\u00edticos, sociales y econ\u00f3micos de la sociedad vallisoletana.ARGI<\/p>\n<p>        La 8 de Valladolid estrena temporada rodeada de los representantes pol\u00edticos, sociales y econ\u00f3micos de la sociedad vallisoletana.<\/p>\n","protected":false},"excerpt":{"rendered":"Publicado por Diario de Valladolid | El Mundo Valladolid Creado: 08.10.2025 | 23:29 Actualizado: 08.10.2025 | 23:29 El&hellip;\n","protected":false},"author":2,"featured_media":164692,"comment_status":"","ping_status":"","sticky":false,"template":"","format":"standard","meta":{"footnotes":""},"categories":[171],"tags":[15623,146,147,25,24,22149,23,16578,48554,214,1607],"class_list":{"0":"post-164691","1":"post","2":"type-post","3":"status-publish","4":"format-standard","5":"has-post-thumbnail","7":"category-tv","8":"tag-diputacion-de-valladolid","9":"tag-entertainment","10":"tag-entretenimiento","11":"tag-es","12":"tag-espana","13":"tag-la-8-valladolid","14":"tag-spain","15":"tag-talento","16":"tag-teatro-calderon","17":"tag-tv","18":"tag-valladolid"},"share_on_mastodon":{"url":"","error":""},"_links":{"self":[{"href":"https:\/\/www.europesays.com\/es\/wp-json\/wp\/v2\/posts\/164691","targetHints":{"allow":["GET"]}}],"collection":[{"href":"https:\/\/www.europesays.com\/es\/wp-json\/wp\/v2\/posts"}],"about":[{"href":"https:\/\/www.europesays.com\/es\/wp-json\/wp\/v2\/types\/post"}],"author":[{"embeddable":true,"href":"https:\/\/www.europesays.com\/es\/wp-json\/wp\/v2\/users\/2"}],"replies":[{"embeddable":true,"href":"https:\/\/www.europesays.com\/es\/wp-json\/wp\/v2\/comments?post=164691"}],"version-history":[{"count":0,"href":"https:\/\/www.europesays.com\/es\/wp-json\/wp\/v2\/posts\/164691\/revisions"}],"wp:featuredmedia":[{"embeddable":true,"href":"https:\/\/www.europesays.com\/es\/wp-json\/wp\/v2\/media\/164692"}],"wp:attachment":[{"href":"https:\/\/www.europesays.com\/es\/wp-json\/wp\/v2\/media?parent=164691"}],"wp:term":[{"taxonomy":"category","embeddable":true,"href":"https:\/\/www.europesays.com\/es\/wp-json\/wp\/v2\/categories?post=164691"},{"taxonomy":"post_tag","embeddable":true,"href":"https:\/\/www.europesays.com\/es\/wp-json\/wp\/v2\/tags?post=164691"}],"curies":[{"name":"wp","href":"https:\/\/api.w.org\/{rel}","templated":true}]}}