{"id":164711,"date":"2025-10-09T08:48:25","date_gmt":"2025-10-09T08:48:25","guid":{"rendered":"https:\/\/www.europesays.com\/es\/164711\/"},"modified":"2025-10-09T08:48:25","modified_gmt":"2025-10-09T08:48:25","slug":"presentacion-de-castellon-handball-cup-rmr-torneo-internacional-dual-de-balonmano-en-pista-y-playa-castellon-noticias-castellon-y-provincia","status":"publish","type":"post","link":"https:\/\/www.europesays.com\/es\/164711\/","title":{"rendered":"Presentaci\u00f3n de \u00b4Castell\u00f3n Handball Cup. RMR\u00b4, torneo internacional dual de balonmano en pista y playa Castell\u00f3n Noticias Castell\u00f3n y provincia"},"content":{"rendered":"<p style=\"display: inline;\">\n                                    \u00bb                         Presentaci\u00f3n de \u00b4Castell\u00f3n Handball Cup. RMR\u00b4, torneo internacional dual de balonmano en pista y playa                                    <\/p>\n<p>            <img loading=\"lazy\" decoding=\"async\" src=\"https:\/\/www.europesays.com\/es\/wp-content\/uploads\/2025\/10\/Castellon-Handball-Cup.jpg\" alt=\"El Ayuntamiento de Castell\u00f3n presenta el \u201cCastell\u00f3n Handball Cup. RMR\u201d, un torneo internacional dual de balonmano en pista y playa que atraer\u00e1 a 1.500 deportistas\" width=\"540\" height=\"360\" title=\"El Ayuntamiento de Castell\u00f3n presenta el \u201cCastell\u00f3n Handball Cup. RMR\u201d, un torneo internacional dual de balonmano en pista y playa que atraer\u00e1 a 1.500 deportistas\"\/><br \/><strong>El Ayuntamiento de Castell\u00f3n presenta el \u201cCastell\u00f3n Handball Cup. RMR\u201d, un torneo internacional dual de balonmano en pista y playa que atraer\u00e1 a 1.500 deportistas<\/strong><br \/>El torneo se celebrar\u00e1 del 25 al 28 de junio de 2026 en instalaciones deportivas municipales y en la playa del Pinar <\/p>\n<p>La concejala de deportes, Maica Hurtado, ha destacado el \u201cimpacto deportivo, econ\u00f3mico y social\u201d del torneo y \u201csu contribuci\u00f3n a que Castell\u00f3n sea referente nacional e internacional en la organizaci\u00f3n y sede de eventos deportivos de primer nivel\u201d   <\/p>\n<p>El Ayuntamiento de Castell\u00f3n ha acogido este martes la presentaci\u00f3n del \u201c<strong>Castell\u00f3n Handball Cup. RMR<\/strong>\u201d, un nuevo <strong>torneo de balonmano en pista y playa <\/strong>que se celebrar\u00e1 en la ciudad <strong>del 25 al 28 de junio de 2026<\/strong> y que nace con el objetivo de convertirse en un referente internacional del deporte base. <\/p>\n<p>El acto de presentaci\u00f3n ha contado con la presencia de la concejala de Deportes, <strong>Maica Hurtado<\/strong>, y del vicepresidente del Club Deportivo Balonmano Castell\u00f3n,<strong> Fernando Garc\u00eda Ovejero<\/strong>, entidad organizadora del evento junto con JD. La concejala Maica Hurtado ha subrayado la importancia de este torneo para la ciudad: \u201cDesde el equipo de gobierno del Ayuntamiento de Castell\u00f3n trabajamos junto a los clubes deportivos locales para que el deporte sea un motor econ\u00f3mico m\u00e1s para la ciudad y un atractivo tur\u00edstico que d\u00e9 a conocer todo nuestro potencial. El binomio deporte-turismo ha convertido a Castell\u00f3n en la capital del deporte a trav\u00e9s de eventos internacionales como este nuevo y ambicioso torneo de balonmano, en el que adem\u00e1s se pone en valor el deporte base como protagonista\u201d. <\/p>\n<p>El \u201c<strong>Castell\u00f3n Handball Cup. RMR<\/strong>\u201d ser\u00e1 el primer torneo dual en Europa en el que se combinar\u00e1n partidos de balonmano en pista y en playa, y se dirige a deportistas nacidos entre 2007 y 2017, tanto en categor\u00eda masculina como femenina. Los partidos se disputar\u00e1n en instalaciones deportivas municipales y en la Playa del Pinar, donde se habilitar\u00e1n 4 o 5 campos de juego. Adem\u00e1s de la competici\u00f3n, se desarrollar\u00e1 un programa complementario con actividades sociales y de esp\u00edritu ol\u00edmpico bajo los valores de respeto, motivaci\u00f3n y resistencia, defendidos en la formaci\u00f3n a los deportistas m\u00e1s j\u00f3venes del CD Balonmano Castell\u00f3n.  <\/p>\n<p>El vicepresidente del CD Balonmano Castell\u00f3n, Fernando Garc\u00eda Ovejero, ha destacado la singularidad de este torneo, \u201cque nace con la aspiraci\u00f3n de convertirse en un referente de los torneos de balonmano por sus caracter\u00edsticas \u00fanicas, como la duraci\u00f3n de los partidos o su dualidad, al disputarse tanto en pista como en la playa. En esta primera edici\u00f3n esperamos contar con la participaci\u00f3n de unos 1.500 deportistas e ir creciendo en el n\u00famero de inscripciones a\u00f1o tras a\u00f1o\u201d. Garc\u00eda Ovejero ha agradecido al ayuntamiento por \u201cposicionarse siempre a favor del deporte minoritario y el deporte base\u201d.  <\/p>\n<p><strong>Homenaje a Rafael Mart\u00ed Radiu<br \/><\/strong><br \/>La concejala de Deportes tambi\u00e9n ha recordado que \u00abeste torneo sirve tambi\u00e9n como homenaje y recuerdo para el que fuera presidente y alma mater del CD Balonmano Castell\u00f3n, Rafael Mart\u00ed Radiu, que da nombre tambi\u00e9n al pabell\u00f3n junto al estadio Castalia, por eso se incluyen las siglas \u201cRMR\u201d\u201d. Fernando Garc\u00eda Ovejero ha a\u00f1adido que estas siglas tambi\u00e9n se refieren al \u201cRespeto, Motivaci\u00f3n y Resistencia\u201d que son los valores que se fomentan desde el club entre los deportistas de nuestras bases para seguir creciendo en este proyecto de balomano\u201d.<\/p>\n<p>Con esta iniciativa, Castell\u00f3n refuerza su papel como ciudad del deporte y se prepara para acoger un evento que une balonmano, turismo y proyecci\u00f3n internacional.  <\/p>\n<p>Fuente: Ayuntamiento de Castell\u00f3n<\/p>\n<p class=\"textofinalidad\">La finalidad de vivecastellon.com es contar lo que sucede en Castell\u00f3n y provincia a trav\u00e9s de las im\u00e1genes. Si desea realizar alguna observaci\u00f3n o reparo sobre las mismas, env\u00ede un correo a info@vivecastellon.com<\/p>\n","protected":false},"excerpt":{"rendered":"\u00bb Presentaci\u00f3n de \u00b4Castell\u00f3n Handball Cup. RMR\u00b4, torneo internacional dual de balonmano en pista y playa El Ayuntamiento&hellip;\n","protected":false},"author":2,"featured_media":164712,"comment_status":"","ping_status":"","sticky":false,"template":"","format":"standard","meta":{"footnotes":""},"categories":[278],"tags":[40354,40352,376,40355,8926,40349,4105,168,40351,25,24,40353,375,40350,18400,3144,4223,23,167,10560],"class_list":{"0":"post-164711","1":"post","2":"type-post","3":"status-publish","4":"format-standard","5":"has-post-thumbnail","7":"category-balonmano","8":"tag-alcocebre","9":"tag-almazora","10":"tag-balonmano","11":"tag-benicasim","12":"tag-burriana","13":"tag-castellon-de-la-plana","14":"tag-comercios","15":"tag-deportes","16":"tag-empresas-de-castellon","17":"tag-es","18":"tag-espana","19":"tag-grao-de-castellon","20":"tag-handball","21":"tag-noticias-castellon","22":"tag-nules","23":"tag-onda","24":"tag-productos","25":"tag-spain","26":"tag-sports","27":"tag-villarreal"},"share_on_mastodon":{"url":"","error":""},"_links":{"self":[{"href":"https:\/\/www.europesays.com\/es\/wp-json\/wp\/v2\/posts\/164711","targetHints":{"allow":["GET"]}}],"collection":[{"href":"https:\/\/www.europesays.com\/es\/wp-json\/wp\/v2\/posts"}],"about":[{"href":"https:\/\/www.europesays.com\/es\/wp-json\/wp\/v2\/types\/post"}],"author":[{"embeddable":true,"href":"https:\/\/www.europesays.com\/es\/wp-json\/wp\/v2\/users\/2"}],"replies":[{"embeddable":true,"href":"https:\/\/www.europesays.com\/es\/wp-json\/wp\/v2\/comments?post=164711"}],"version-history":[{"count":0,"href":"https:\/\/www.europesays.com\/es\/wp-json\/wp\/v2\/posts\/164711\/revisions"}],"wp:featuredmedia":[{"embeddable":true,"href":"https:\/\/www.europesays.com\/es\/wp-json\/wp\/v2\/media\/164712"}],"wp:attachment":[{"href":"https:\/\/www.europesays.com\/es\/wp-json\/wp\/v2\/media?parent=164711"}],"wp:term":[{"taxonomy":"category","embeddable":true,"href":"https:\/\/www.europesays.com\/es\/wp-json\/wp\/v2\/categories?post=164711"},{"taxonomy":"post_tag","embeddable":true,"href":"https:\/\/www.europesays.com\/es\/wp-json\/wp\/v2\/tags?post=164711"}],"curies":[{"name":"wp","href":"https:\/\/api.w.org\/{rel}","templated":true}]}}