{"id":164719,"date":"2025-10-09T08:54:17","date_gmt":"2025-10-09T08:54:17","guid":{"rendered":"https:\/\/www.europesays.com\/es\/164719\/"},"modified":"2025-10-09T08:54:17","modified_gmt":"2025-10-09T08:54:17","slug":"mclaren-campeon-de-constructores-2025","status":"publish","type":"post","link":"https:\/\/www.europesays.com\/es\/164719\/","title":{"rendered":"\u00a1MCLAREN CAMPE\u00d3N DE CONSTRUCTORES 2025!"},"content":{"rendered":"<p style=\"text-align: justify\"><strong>Con 650 puntos sumados, McLaren es campe\u00f3n de Constructores este 2025, logrando un bicampeonato a falta de seis fechas. <\/strong><\/p>\n<p style=\"text-align: justify\">Lo que se hab\u00eda pospuesto por al menos dos carreras por fin sucedi\u00f3, tras el <strong>Gran Premio (GP) Singapur<\/strong>, <strong>McLaren se proclam\u00f3 como campe\u00f3n de Constructores<\/strong>, consiguiendo este t\u00edtulo por segunda ocasi\u00f3n consecutiva. El campeonato de la escuder\u00eda papaya, si bien tard\u00f3 un poca m\u00e1s de lo esperado, finalmente se concret\u00f3, pasa as\u00ed afirmar el dominio que los brit\u00e1nicos han tenido sobre los otros equipos de la parrilla este 2025 y conseguir su <strong>d\u00e9cimo t\u00edtulo de Constructores<\/strong>.<\/p>\n<p><img loading=\"lazy\" decoding=\"async\" class=\"size-large wp-image-117844\" src=\"https:\/\/www.europesays.com\/es\/wp-content\/uploads\/2025\/10\/McLaren-bicampeon-de-Constructores-819x1024.jpeg\" alt=\"McLaren bicampe\u00f3n de Constructores\/Imagen: X (@F1)\" width=\"819\" height=\"1024\"  \/>McLaren, bicampe\u00f3n de Constructores\/Imagen: X (@F1)<\/p>\n<p style=\"text-align: justify\"><strong>McLaren firm\u00f3 una temporada dominante a\u00fan con seis fechas restantes<\/strong><\/p>\n<p style=\"text-align: justify\">Un tercer lugar de <strong>Lando Norris<\/strong> y un cuarto puesto de <strong>Oscar Piastri<\/strong> en Marina Bay fue suficiente para darle a su equipo el bicampeonato de Constructores, pues a falta todav\u00eda de seis carreras por disputarse, es matem\u00e1ticamente imposible que alguien alcance a McLaren en la punta del campeonato. Con 650 puntos totales, su m\u00e1s cercano perseguidor es Mercedes, que suma apenas 325 puntos, justo la mitad de unidades que los l\u00edderes y ahora campeones.<\/p>\n<p><img loading=\"lazy\" decoding=\"async\" class=\"size-large wp-image-117845\" src=\"https:\/\/www.europesays.com\/es\/wp-content\/uploads\/2025\/10\/Con-650-puntos-McLaren-se-proclamo-campeon-819x1024.jpeg\" alt=\"Con 650 puntos, McLaren se proclam\u00f3 campe\u00f3n\/Imagen: X (@F1)\" width=\"819\" height=\"1024\"  \/>Con 650 puntos, McLaren se proclam\u00f3 campe\u00f3n\/Imagen: X (@F1)<\/p>\n<p style=\"text-align: justify\">McLaren demostr\u00f3 que el <strong>MCL39<\/strong> est\u00e1 a otro nivel entre los actuales monoplazas, pues la brecha de puntos entre las dem\u00e1s escuder\u00edas es abismal, adem\u00e1s de que en cada fecha que pasaba, Piastri, actual l\u00edder del Campeonato de Pilotos, y Norris, rival directo de Oscar por el t\u00edtulo, dominaban en los circuitos. \u00a0<\/p>\n<p style=\"text-align: justify\"><strong>Andrea Stella y McLaren buscan seguir con este dominio para 2026<\/strong><\/p>\n<p style=\"text-align: justify\">Entre la euforia por la celebraci\u00f3n, <strong>Zak Brown<\/strong>, director ejecutivo de McLaren reconoci\u00f3 y enalteci\u00f3 el trabajo de los hombres y mujeres del equipo, adem\u00e1s de citar la importante labor que <strong>Andrea Stella<\/strong>, director deportivo del equipo papaya, ha realizado estas \u00faltimas dos temporadas para darles dos campeonatos seguidos.<\/p>\n<p style=\"text-align: justify\">Por su parte, cuando Stella fue cuestionado si podr\u00e1n mantener este dominio en 2026 con el nuevo reglamento t\u00e9cnico que la FIA implementar\u00e1 en la F\u00f3rmula 1 respondi\u00f3: \u201cSin duda, estamos trabajando arduamente para continuar esta racha de victorias en el futuro, con este gran cambio de reglamento t\u00e9cnico. Sabemos que es dif\u00edcil, pero es una tarea que asumimos con todas nuestras fuerzas\u201d.<\/p>\n<p><img loading=\"lazy\" decoding=\"async\" class=\"wp-image-117846 size-large\" src=\"https:\/\/www.europesays.com\/es\/wp-content\/uploads\/2025\/10\/Stella-llevo-al-bicampeonato-a-McLaren-819x1024.jpeg\" alt=\"Stella llev\u00f3 al bicampeonato a McLaren\/Imagen: X (@McLarenF1)\" width=\"819\" height=\"1024\"  \/>Stella llev\u00f3 al bicampeonato a McLaren\/Imagen: X (@McLarenF1)<\/p>\n<p style=\"text-align: justify\">Imagen portada: X (@F1)<\/p>\n","protected":false},"excerpt":{"rendered":"Con 650 puntos sumados, McLaren es campe\u00f3n de Constructores este 2025, logrando un bicampeonato a falta de seis&hellip;\n","protected":false},"author":2,"featured_media":164720,"comment_status":"","ping_status":"","sticky":false,"template":"","format":"standard","meta":{"footnotes":""},"categories":[270],"tags":[168,25,24,306,271,272,23,167],"class_list":{"0":"post-164719","1":"post","2":"type-post","3":"status-publish","4":"format-standard","5":"has-post-thumbnail","7":"category-formula-1","8":"tag-deportes","9":"tag-es","10":"tag-espana","11":"tag-f1","12":"tag-formula-1","13":"tag-formula1","14":"tag-spain","15":"tag-sports"},"share_on_mastodon":{"url":"","error":""},"_links":{"self":[{"href":"https:\/\/www.europesays.com\/es\/wp-json\/wp\/v2\/posts\/164719","targetHints":{"allow":["GET"]}}],"collection":[{"href":"https:\/\/www.europesays.com\/es\/wp-json\/wp\/v2\/posts"}],"about":[{"href":"https:\/\/www.europesays.com\/es\/wp-json\/wp\/v2\/types\/post"}],"author":[{"embeddable":true,"href":"https:\/\/www.europesays.com\/es\/wp-json\/wp\/v2\/users\/2"}],"replies":[{"embeddable":true,"href":"https:\/\/www.europesays.com\/es\/wp-json\/wp\/v2\/comments?post=164719"}],"version-history":[{"count":0,"href":"https:\/\/www.europesays.com\/es\/wp-json\/wp\/v2\/posts\/164719\/revisions"}],"wp:featuredmedia":[{"embeddable":true,"href":"https:\/\/www.europesays.com\/es\/wp-json\/wp\/v2\/media\/164720"}],"wp:attachment":[{"href":"https:\/\/www.europesays.com\/es\/wp-json\/wp\/v2\/media?parent=164719"}],"wp:term":[{"taxonomy":"category","embeddable":true,"href":"https:\/\/www.europesays.com\/es\/wp-json\/wp\/v2\/categories?post=164719"},{"taxonomy":"post_tag","embeddable":true,"href":"https:\/\/www.europesays.com\/es\/wp-json\/wp\/v2\/tags?post=164719"}],"curies":[{"name":"wp","href":"https:\/\/api.w.org\/{rel}","templated":true}]}}