{"id":164721,"date":"2025-10-09T08:55:06","date_gmt":"2025-10-09T08:55:06","guid":{"rendered":"https:\/\/www.europesays.com\/es\/164721\/"},"modified":"2025-10-09T08:55:06","modified_gmt":"2025-10-09T08:55:06","slug":"real-madrid-asvel-villeurbanne-horario-tv-como-y-donde-ver-la-euroliga-2025-26","status":"publish","type":"post","link":"https:\/\/www.europesays.com\/es\/164721\/","title":{"rendered":"Real Madrid &#8211; Asvel Villeurbanne: horario, TV, c\u00f3mo y d\u00f3nde ver la Euroliga 2025-26"},"content":{"rendered":"<p>Horario: \u00bfA qu\u00e9 hora ver el Real Madrid &#8211; Asvel?<\/p>\n<p class=\"\">Real Madrid y Asvel Villerubanne se enfrentar\u00e1n este jueves 9 de octubre en el encuentro de la jornada 3 de la Turkish Airlines EuroLeague 2025-26. <b>El partido dar\u00e1 comienzo a las 21:00 horas y se disputar\u00e1 en el Movistar Arena de Madrid (Espa\u00f1a)<\/b>.<\/p>\n<p>Televisi\u00f3n: \u00bfC\u00f3mo ver el Real Madrid &#8211; Asvel en TV y online?<\/p>\n<p class=\"\">Movistar + emitir\u00e1 el Real Madrid vs Asvel Villerubanne en directo con la narraci\u00f3n de dos de sus comunicadores habituales: David Carnicero, Amaya Valdemoro, Antonio Lamolda, Jos\u00e9 Ajero, Chema de Lucas, Antonio S\u00e1nchez, Nacho Rodr\u00edguez&#8230; <b>Se podr\u00e1 seguir en directo el encuentro, que comienza a las 20:45 horas, a trav\u00e9s de <\/b><b>Movistar Deportes<\/b><b> (dial 63)<\/b>.<\/p>\n<p>Real Madrid &#8211; Asvel, en directo online en AS.comNoticias relacionadas<\/p>\n<p class=\"\"><b>En <\/b><b>AS <\/b><b>tambi\u00e9n podr\u00e1s seguir el Real Madrid vs Asvel Villerubanne<\/b>. Con nosotros tendr\u00e1s el mejor minuto a minuto, las im\u00e1genes m\u00e1s impactantes del encuentro y las declaraciones de los protagonistas, as\u00ed como la cr\u00f3nica nada m\u00e1s concluir.<\/p>\n<p class=\"\"><b>\u00a1Tus opiniones importan!<\/b> Comenta en los art\u00edculos y suscr\u00edbete gratis a nuestra <a href=\"https:\/\/asfan.as.com\/newsletters\/\" target=\"_blank\" rel=\"nofollow noopener\" title=\"https:\/\/asfan.as.com\/newsletters\/\">newsletter<\/a> y a las alertas informativas en la <a href=\"https:\/\/as.com\/aplicacion-de-as-n\/\" target=\"_blank\" rel=\"nofollow noopener\" title=\"https:\/\/as.com\/aplicacion-de-as-n\/\">App<\/a> o el canal de <a href=\"https:\/\/www.whatsapp.com\/channel\/0029VaAasdA7j6g745nz9M10\" target=\"_blank\" rel=\"nofollow noopener\" title=\"https:\/\/www.whatsapp.com\/channel\/0029VaAasdA7j6g745nz9M10\">WhatsApp<\/a>. \u00bfBuscas licenciar contenido? Haz clic <a href=\"https:\/\/profesional.elpais.com\/soluciones-sindicacion?utm_medium=interno&amp;utm_source=crosslinking&amp;utm_campaign=sindicacion_as_pie_articulos\" target=\"_blank\" rel=\"nofollow noopener\" title=\"https:\/\/profesional.elpais.com\/soluciones-sindicacion?utm_medium=interno&amp;utm_source=crosslinking&amp;utm_campaign=sindicacion_as_pie_articulos\">aqu\u00ed<\/a><\/p>\n","protected":false},"excerpt":{"rendered":"Horario: \u00bfA qu\u00e9 hora ver el Real Madrid &#8211; Asvel? Real Madrid y Asvel Villerubanne se enfrentar\u00e1n este&hellip;\n","protected":false},"author":2,"featured_media":164722,"comment_status":"","ping_status":"","sticky":false,"template":"","format":"standard","meta":{"footnotes":""},"categories":[269],"tags":[299,298,168,25,24,23,167],"class_list":{"0":"post-164721","1":"post","2":"type-post","3":"status-publish","4":"format-standard","5":"has-post-thumbnail","7":"category-baloncesto","8":"tag-baloncesto","9":"tag-basketball","10":"tag-deportes","11":"tag-es","12":"tag-espana","13":"tag-spain","14":"tag-sports"},"share_on_mastodon":{"url":"","error":""},"_links":{"self":[{"href":"https:\/\/www.europesays.com\/es\/wp-json\/wp\/v2\/posts\/164721","targetHints":{"allow":["GET"]}}],"collection":[{"href":"https:\/\/www.europesays.com\/es\/wp-json\/wp\/v2\/posts"}],"about":[{"href":"https:\/\/www.europesays.com\/es\/wp-json\/wp\/v2\/types\/post"}],"author":[{"embeddable":true,"href":"https:\/\/www.europesays.com\/es\/wp-json\/wp\/v2\/users\/2"}],"replies":[{"embeddable":true,"href":"https:\/\/www.europesays.com\/es\/wp-json\/wp\/v2\/comments?post=164721"}],"version-history":[{"count":0,"href":"https:\/\/www.europesays.com\/es\/wp-json\/wp\/v2\/posts\/164721\/revisions"}],"wp:featuredmedia":[{"embeddable":true,"href":"https:\/\/www.europesays.com\/es\/wp-json\/wp\/v2\/media\/164722"}],"wp:attachment":[{"href":"https:\/\/www.europesays.com\/es\/wp-json\/wp\/v2\/media?parent=164721"}],"wp:term":[{"taxonomy":"category","embeddable":true,"href":"https:\/\/www.europesays.com\/es\/wp-json\/wp\/v2\/categories?post=164721"},{"taxonomy":"post_tag","embeddable":true,"href":"https:\/\/www.europesays.com\/es\/wp-json\/wp\/v2\/tags?post=164721"}],"curies":[{"name":"wp","href":"https:\/\/api.w.org\/{rel}","templated":true}]}}