{"id":164727,"date":"2025-10-09T09:00:08","date_gmt":"2025-10-09T09:00:08","guid":{"rendered":"https:\/\/www.europesays.com\/es\/164727\/"},"modified":"2025-10-09T09:00:08","modified_gmt":"2025-10-09T09:00:08","slug":"broncano-celebra-el-sorpasso-de-la-revuelta-pidiendo-perdon-a-valeria-ros-y-lanzando-una-propuesta-a-rufian-y-rosalia-television","status":"publish","type":"post","link":"https:\/\/www.europesays.com\/es\/164727\/","title":{"rendered":"Broncano celebra el \u201csorpasso\u201d de \u2018La revuelta\u2019 pidiendo perd\u00f3n a Valeria Ros y lanzando una propuesta a Rufi\u00e1n y Rosal\u00eda | Televisi\u00f3n"},"content":{"rendered":"<p class=\"\">\u201cAh\u00ed guardamos las cosas que no se usan, malo ser\u00e1 que no te encuentres ah\u00ed a Valeria Ros\u201d, brome\u00f3 Grison, colaborador de La revuelta, hace unos d\u00edas en plena emisi\u00f3n sobre lo que pod\u00eda haber bajo el escenario del programa. \u201cPor fin alguien ha abierto el mel\u00f3n\u201d, contest\u00f3 la humorista Valeria Ros este mi\u00e9rcoles en su regreso al programa por primera vez esta temporada y tras muchos rumores que pon\u00edan en duda su continuidad. \u201cTe pido perd\u00f3n. Yo sab\u00eda que t\u00fa ven\u00edas esta semana\u201d, contest\u00f3 Broncano. \u201cYo lo dije porque pensaba que no ibas a venir m\u00e1s\u201d, agreg\u00f3 Grison entre risas. \u201cYo tambi\u00e9n pensaba que no ven\u00eda m\u00e1s\u201d, insisti\u00f3 Ros, que cit\u00f3 una noticia de un medio en la que se dec\u00eda que La revuelta iba a prescindir de ella en la nueva temporada. <\/p>\n<p class=\"\">Con humor, la vasca explic\u00f3 que ya nadie le preguntaba por su participaci\u00f3n de MasterChef Celebrity, sino por su despido del programa de Broncano. \u201cPens\u00e9, a ver si os lo call\u00e1is para que me despida yo y no me pag\u00e1is el despido improcedente\u201d, relat\u00f3 con humor. \u201cSi alg\u00fan d\u00eda se te chuta, se te comunicar\u00e1\u201d, le respondi\u00f3 Broncano. La c\u00f3mica insisti\u00f3 en que aprovechar\u00eda esta \u201csegunda oportunidad\u201d y en sus redes, el programa de TVE quiso dejar claro que todo lo que se hab\u00eda hablado sobre la humorista y su relaci\u00f3n con el programa era mentira: \u201cLos inventos que se han lanzado con el despido de Valeria Ros. C\u00f3mo os gusta un buen clickbait y salseo\u201d. <\/p>\n<p class=\"\">Broncano tambi\u00e9n pudo leer otro art\u00edculo que dec\u00eda que el pol\u00edtico Gabriel Rufi\u00e1n, la cantante Rosal\u00eda y los ex concursantes de Operaci\u00f3n Triunfo, eran los favoritos por parte del p\u00fablico para ir como invitados a La revuelta. \u201cMe marco un objetivo, que vengan de aqu\u00ed a final de trimestre Rosal\u00eda, Rufi\u00e1n y alg\u00fan ex de OT\u201d, sentenci\u00f3 Broncano. El diputado catal\u00e1n no tard\u00f3 en reaccionar a la oferta del humorista con una publicaci\u00f3n en redes en la que mostr\u00f3 su predisposici\u00f3n a acudir al programa con un escueto \u201cd\u00eda y hora\u201d.<\/p>\n<p class=\"\">El martes, y por primera vez esta temporada, <a href=\"https:\/\/elpais.com\/television\/2025-10-08\/la-revuelta-supera-a-el-hormiguero-en-una-jornada-en-la-que-la-1-se-queda-a-dos-decimas-de-antena-3.html\" target=\"_self\" rel=\"nofollow noopener\" title=\"https:\/\/elpais.com\/television\/2025-10-08\/la-revuelta-supera-a-el-hormiguero-en-una-jornada-en-la-que-la-1-se-queda-a-dos-decimas-de-antena-3.html\">La revuelta logr\u00f3 superar en audiencias a El hormiguero<\/a> con la presencia de la atleta Mar\u00eda P\u00e9rez y de los c\u00f3micos Eva Soriano y An\u00edbal G\u00f3mez. El programa de La 1 obtuvo un 14,6% de cuota de pantalla y 1,7 millones de espectadores de media, frente al 12,9% y 1,5 millones del espacio que presenta Pablo Motos, que cont\u00f3 con el actor estadounidense Jeremy Allen White. Broncano se mostr\u00f3 agradecido con el dato, pero lo quiso resaltar \u201csin hacer sangre\u201d. \u201cSiendo correctos, quiero agradecer ayer a Mar\u00eda P\u00e9rez, An\u00edbal G\u00f3mez y Eva Soriano porque fuimos el programa m\u00e1s visto de la televisi\u00f3n ayer. Ma\u00f1ana volver\u00e1n a su sitio y no pasa nada, mientras tanto, por hoy, fiesta\u201d.<\/p>\n","protected":false},"excerpt":{"rendered":"\u201cAh\u00ed guardamos las cosas que no se usan, malo ser\u00e1 que no te encuentres ah\u00ed a Valeria Ros\u201d,&hellip;\n","protected":false},"author":2,"featured_media":164728,"comment_status":"","ping_status":"","sticky":false,"template":"","format":"standard","meta":{"footnotes":""},"categories":[171],"tags":[20803,9029,146,147,25,24,29956,35749,518,23,807,214,3156],"class_list":{"0":"post-164727","1":"post","2":"type-post","3":"status-publish","4":"format-standard","5":"has-post-thumbnail","7":"category-tv","8":"tag-audiencia-medios","9":"tag-david-broncano","10":"tag-entertainment","11":"tag-entretenimiento","12":"tag-es","13":"tag-espana","14":"tag-la-revuelta","15":"tag-programa-television","16":"tag-rtve","17":"tag-spain","18":"tag-television","19":"tag-tv","20":"tag-tve"},"share_on_mastodon":{"url":"","error":""},"_links":{"self":[{"href":"https:\/\/www.europesays.com\/es\/wp-json\/wp\/v2\/posts\/164727","targetHints":{"allow":["GET"]}}],"collection":[{"href":"https:\/\/www.europesays.com\/es\/wp-json\/wp\/v2\/posts"}],"about":[{"href":"https:\/\/www.europesays.com\/es\/wp-json\/wp\/v2\/types\/post"}],"author":[{"embeddable":true,"href":"https:\/\/www.europesays.com\/es\/wp-json\/wp\/v2\/users\/2"}],"replies":[{"embeddable":true,"href":"https:\/\/www.europesays.com\/es\/wp-json\/wp\/v2\/comments?post=164727"}],"version-history":[{"count":0,"href":"https:\/\/www.europesays.com\/es\/wp-json\/wp\/v2\/posts\/164727\/revisions"}],"wp:featuredmedia":[{"embeddable":true,"href":"https:\/\/www.europesays.com\/es\/wp-json\/wp\/v2\/media\/164728"}],"wp:attachment":[{"href":"https:\/\/www.europesays.com\/es\/wp-json\/wp\/v2\/media?parent=164727"}],"wp:term":[{"taxonomy":"category","embeddable":true,"href":"https:\/\/www.europesays.com\/es\/wp-json\/wp\/v2\/categories?post=164727"},{"taxonomy":"post_tag","embeddable":true,"href":"https:\/\/www.europesays.com\/es\/wp-json\/wp\/v2\/tags?post=164727"}],"curies":[{"name":"wp","href":"https:\/\/api.w.org\/{rel}","templated":true}]}}