{"id":164731,"date":"2025-10-09T09:02:09","date_gmt":"2025-10-09T09:02:09","guid":{"rendered":"https:\/\/www.europesays.com\/es\/164731\/"},"modified":"2025-10-09T09:02:09","modified_gmt":"2025-10-09T09:02:09","slug":"cual-es-la-mejor-pelicula-espanola-del-siglo-xxi","status":"publish","type":"post","link":"https:\/\/www.europesays.com\/es\/164731\/","title":{"rendered":"\u00bfCu\u00e1l es la mejor pel\u00edcula espa\u00f1ola del siglo XXI?"},"content":{"rendered":"<p class=\"paragraph\">Los lectores de El Debate escogieron <b>Los santos inocentes<\/b>, de Mario Camus, como la mejor pel\u00edcula espa\u00f1ola de la historia en una encuesta cuyo segundo puesto fue para Bienvenido, M\u00edster Marshall y el tercero para El verdugo, las dos del maestro Luis Garc\u00eda Berlanga. Ahora, tras la celebraci\u00f3n del D\u00eda del Cine Espa\u00f1ol, proponemos a nuestros lectores que elijan la <b>mejor pel\u00edcula espa\u00f1ola <\/b>de lo que llevamos de siglo XXI en una lista que incluye 25 t\u00edtulos de estos \u00faltimos 25 a\u00f1os.<\/p>\n<p>            <a href=\"#\" title=\"\"><br \/>\n                <img decoding=\"async\" loading=\"lazy\" width=\"120px\" height=\"90px\" alt=\"De izquierda a derecha, Javier Bardem, Alfredo Landa, Jos\u00e9 Sacrist\u00e1n, Fernando Fern\u00e1n G\u00f3mez, Jos\u00e9 Luis L\u00f3pez V\u00e1zquez, Fernando Rey y Antonio Banderas\" src=\"https:\/\/imagenes.eldebate.com\/files\/related_image\/files\/fp\/uploads\/2024\/10\/16\/670ff010e5b5a.r_d.684-369.jpeg\" data-full-src=\"https:\/\/www.europesays.com\/es\/wp-content\/uploads\/2025\/10\/670ff010e5b5a.jpeg\"\/><br \/>\n            <\/a><\/p>\n<p class=\"paragraph\">Entre ellos figuran filmes de Alberto Rodr\u00edguez, como La isla m\u00ednima y Grupo 7; de Rodrigo Sorogoyen, como El reino, As bestas y Que Dios nos perdone; de Juan Antonio Bayona, como La sociedad de la nieve y Lo imposible; varios t\u00edtulos de cineastas ganadores del Oscar como Pedro Almod\u00f3var, Alejandro Amen\u00e1bar y Jos\u00e9 Luis Garci; y cintas de los \u00faltimos a\u00f1os firmadas por realizadoras como Carla Sim\u00f3n (Verano 1993) y Arantxa Echevarr\u00eda, directora de La infiltrada, el filme que gan\u00f3 el Goya a la mejor pel\u00edcula ex aequo con El 47. <\/p>\n<p class=\"paragraph\">Tambi\u00e9n se incluyen en la lista, en la que perfectamente tendr\u00edan cabida otras pel\u00edculas destacadas del \u00faltimo cuarto de siglo, largometrajes como Los lunes al sol, Magical Girl o Tarde para la ira, el excelente debut de Ra\u00fal Ar\u00e9valo en la direcci\u00f3n, as\u00ed como el filme de animaci\u00f3n de Pablo Berger Robot Dreams que fue candidato al Oscar en esa categor\u00eda.<\/p>\n<p class=\"paragraph\">En los pr\u00f3ximos d\u00edas publicaremos en El Debate los resultados de la encuesta para elegir la mejor pel\u00edcula espa\u00f1ola del siglo XXI.<\/p>\n","protected":false},"excerpt":{"rendered":"Los lectores de El Debate escogieron Los santos inocentes, de Mario Camus, como la mejor pel\u00edcula espa\u00f1ola de&hellip;\n","protected":false},"author":2,"featured_media":164732,"comment_status":"","ping_status":"","sticky":false,"template":"","format":"standard","meta":{"footnotes":""},"categories":[169],"tags":[177,146,147,25,24,176,175,23],"class_list":{"0":"post-164731","1":"post","2":"type-post","3":"status-publish","4":"format-standard","5":"has-post-thumbnail","7":"category-cine","8":"tag-cine","9":"tag-entertainment","10":"tag-entretenimiento","11":"tag-es","12":"tag-espana","13":"tag-film","14":"tag-movies","15":"tag-spain"},"share_on_mastodon":{"url":"","error":""},"_links":{"self":[{"href":"https:\/\/www.europesays.com\/es\/wp-json\/wp\/v2\/posts\/164731","targetHints":{"allow":["GET"]}}],"collection":[{"href":"https:\/\/www.europesays.com\/es\/wp-json\/wp\/v2\/posts"}],"about":[{"href":"https:\/\/www.europesays.com\/es\/wp-json\/wp\/v2\/types\/post"}],"author":[{"embeddable":true,"href":"https:\/\/www.europesays.com\/es\/wp-json\/wp\/v2\/users\/2"}],"replies":[{"embeddable":true,"href":"https:\/\/www.europesays.com\/es\/wp-json\/wp\/v2\/comments?post=164731"}],"version-history":[{"count":0,"href":"https:\/\/www.europesays.com\/es\/wp-json\/wp\/v2\/posts\/164731\/revisions"}],"wp:featuredmedia":[{"embeddable":true,"href":"https:\/\/www.europesays.com\/es\/wp-json\/wp\/v2\/media\/164732"}],"wp:attachment":[{"href":"https:\/\/www.europesays.com\/es\/wp-json\/wp\/v2\/media?parent=164731"}],"wp:term":[{"taxonomy":"category","embeddable":true,"href":"https:\/\/www.europesays.com\/es\/wp-json\/wp\/v2\/categories?post=164731"},{"taxonomy":"post_tag","embeddable":true,"href":"https:\/\/www.europesays.com\/es\/wp-json\/wp\/v2\/tags?post=164731"}],"curies":[{"name":"wp","href":"https:\/\/api.w.org\/{rel}","templated":true}]}}