{"id":164755,"date":"2025-10-09T09:21:10","date_gmt":"2025-10-09T09:21:10","guid":{"rendered":"https:\/\/www.europesays.com\/es\/164755\/"},"modified":"2025-10-09T09:21:10","modified_gmt":"2025-10-09T09:21:10","slug":"semana-de-la-arquitectura-a-coruna","status":"publish","type":"post","link":"https:\/\/www.europesays.com\/es\/164755\/","title":{"rendered":"Semana de la Arquitectura A Coru\u00f1a"},"content":{"rendered":"<p class=\"ft-text ft-helper-closenews\">Nadie puede negar que los grandes parques son esenciales en cualquier barrio. Estos lugares de esparcimiento abren ventanas en el <strong>hormig\u00f3n de las ciudades<\/strong> para respirar, pero no son los \u00fanicos espacios que adaptan el <strong>urbanismo a la escala humana.<\/strong> Las peque\u00f1as plazas, a veces producto de cruces de calles o de desarrollos urban\u00edsticos incompletos, se convierten habitualmente en lugares de relaci\u00f3n para los vecinos, constituyendo una suerte de oasis urbanos para parar y descansar. Al espacio p\u00fablico como nexo de las<strong> relaciones humanas <\/strong>dedica sus actividades la nueva edici\u00f3n de la Semana de la Arquitectura, que selecciona entre sus obras la reforma de la <strong>plaza Padre Rubinos<\/strong>, uno de estos peque\u00f1os oasis naturales entre el asfalto.<\/p>\n<p class=\"ft-text\">\u00abAntiguamente, los jardines eran para verlos, para contemplarlos, pero ahora est\u00e1n demostrado cient\u00edficamente sus beneficios para la salud en las ciudades densas, con poco espacio para la relaci\u00f3n. Mucha gente vive sola y baja a la plaza a charlar, conocerse y relacionarse. Los espacios cotidianos del d\u00eda a d\u00eda tienen mucho valor\u00bb, explica la arquitecta que dise\u00f1\u00f3 la reforma del espacio, <strong>Mercedes M\u00e1quez. <\/strong><\/p>\n<blockquote class=\"ft-mol-quote\" data-aida-quote=\"\"><p>\u00abEst\u00e1n demostrados cient\u00edficamente los beneficios de los jardines para la salud en las ciudades densas\u00bb<\/p><\/blockquote>\n<p class=\"ft-text\">En 2021, el espacio pas\u00f3 de ser un lugar de paso a convertirse en un lugar para quedarse, gracias a una intervenci\u00f3n que orden\u00f3 el arbolado, enmarc\u00f3 los <strong>bancos en vegetaci\u00f3n<\/strong> y elimin\u00f3 el vial que cerraba la plaza, lo que la abri\u00f3 a la luz. \u00abLa plaza era muy chiquitita, unos 700 metros cuadrados, rodeada por una valla que<strong> cerraba los jardines<\/strong>, con un vial alrededor con tr\u00e1fico y lugares para aparcar, una acera estrecha para <strong>acceder a los portales<\/strong>&#8230; era una plaza utilizada sobre todo por gente mayor, que a lo mejor no se desplaza ya para ir a un <strong>parque p\u00fablico m\u00e1s grande<\/strong>, sino al espacio que tienen cerca de su casa\u00bb, explica la <strong>arquitecta. <\/strong><\/p>\n<p class=\"ft-text\">El lugar, no obstante, no se prestaba a las necesidades de sus <strong>hu\u00e9spedes habituales<\/strong>: bordillos, pavimento surcado de baches, \u00e1rboles que interrump\u00edan el paso y otras <strong>deficiencias de accesibilidad<\/strong>. La soluci\u00f3n fue clara: abrir el espacio, iluminarlo y repoblarlo con color y coherencia. \u00abLo que se plante\u00f3 inicialmente fue quitar el vial, y el Ayuntamiento lo entendi\u00f3 enseguida. Se perdieron algunas<strong> plazas de aparcamiento,<\/strong> pero se gan\u00f3 amplitud, luz y accesibilidad. Se puede pasear sin miedo a tropiezos, porque en lugar de vallas y jardines perimetrales, hay un espacio fluido con jardineras organizadas que abrazan bancos. Son espacios recogidos para el descanso\u00bb, comenta <strong>M\u00e1quez.<\/strong><\/p>\n<p class=\"ft-text\">La <strong>vegetaci\u00f3n elegida<\/strong>, una vez se eliminaron los \u00e1rboles originales \u2014debido a su deterioro, no se pudieron conservar\u2014 trata de contribuir a la \u00abinfraestructura verde\u00bb de la ciudad, que sirva como corredor para el intercambio de la biodiversidad. \u00abEstos peque\u00f1os espacios vegetales tienen tambi\u00e9n su importancia, no solo para las personas, sino tambi\u00e9n para esta <strong>riqueza de biodiversidad<\/strong>\u00bb, se\u00f1ala.<\/p>\n<p data-close=\"closedContent\" class=\"subscribeHideForDisplay\">Suscr\u00edbete para seguir leyendo<\/p>\n","protected":false},"excerpt":{"rendered":"Nadie puede negar que los grandes parques son esenciales en cualquier barrio. Estos lugares de esparcimiento abren ventanas&hellip;\n","protected":false},"author":2,"featured_media":164756,"comment_status":"","ping_status":"","sticky":false,"template":"","format":"standard","meta":{"footnotes":""},"categories":[173],"tags":[801,229,233,231,230,232,234,146,147,25,48564,24,584,3528,48561,9251,48562,23,2965,48563],"class_list":{"0":"post-164755","1":"post","2":"type-post","3":"status-publish","4":"format-standard","5":"has-post-thumbnail","7":"category-arte-y-diseno","8":"tag-arquitectura","9":"tag-arte","10":"tag-arte-y-diseno","11":"tag-arts","12":"tag-arts-and-design","13":"tag-design","14":"tag-diseno","15":"tag-entertainment","16":"tag-entretenimiento","17":"tag-es","18":"tag-espacios-publicos","19":"tag-espana","20":"tag-interior","21":"tag-oasis","22":"tag-outeiro","23":"tag-ronda","24":"tag-ronda-de-outeiro","25":"tag-spain","26":"tag-urbanismo","27":"tag-urbanismo-en-a-coruna"},"share_on_mastodon":{"url":"","error":""},"_links":{"self":[{"href":"https:\/\/www.europesays.com\/es\/wp-json\/wp\/v2\/posts\/164755","targetHints":{"allow":["GET"]}}],"collection":[{"href":"https:\/\/www.europesays.com\/es\/wp-json\/wp\/v2\/posts"}],"about":[{"href":"https:\/\/www.europesays.com\/es\/wp-json\/wp\/v2\/types\/post"}],"author":[{"embeddable":true,"href":"https:\/\/www.europesays.com\/es\/wp-json\/wp\/v2\/users\/2"}],"replies":[{"embeddable":true,"href":"https:\/\/www.europesays.com\/es\/wp-json\/wp\/v2\/comments?post=164755"}],"version-history":[{"count":0,"href":"https:\/\/www.europesays.com\/es\/wp-json\/wp\/v2\/posts\/164755\/revisions"}],"wp:featuredmedia":[{"embeddable":true,"href":"https:\/\/www.europesays.com\/es\/wp-json\/wp\/v2\/media\/164756"}],"wp:attachment":[{"href":"https:\/\/www.europesays.com\/es\/wp-json\/wp\/v2\/media?parent=164755"}],"wp:term":[{"taxonomy":"category","embeddable":true,"href":"https:\/\/www.europesays.com\/es\/wp-json\/wp\/v2\/categories?post=164755"},{"taxonomy":"post_tag","embeddable":true,"href":"https:\/\/www.europesays.com\/es\/wp-json\/wp\/v2\/tags?post=164755"}],"curies":[{"name":"wp","href":"https:\/\/api.w.org\/{rel}","templated":true}]}}