{"id":164761,"date":"2025-10-09T09:24:07","date_gmt":"2025-10-09T09:24:07","guid":{"rendered":"https:\/\/www.europesays.com\/es\/164761\/"},"modified":"2025-10-09T09:24:07","modified_gmt":"2025-10-09T09:24:07","slug":"duff-mckagan-bajista-de-guns-n-roses-estuvo-en-exclusiva-en-radioacktiva-hicimos-historia","status":"publish","type":"post","link":"https:\/\/www.europesays.com\/es\/164761\/","title":{"rendered":"Duff McKagan, bajista de Guns N&#8217; Roses, estuvo en exclusiva en Radioacktiva: hicimos historia"},"content":{"rendered":"<p>Este 8 de octubre hicimos historia en Radioacktiva. Duff McKagan, el bajista de Guns N\u2019 Roses, estuvo en nuestra cabina en exclusiva.<\/p>\n<p>Luego de una noche legendaria en el Vive Claro de Bogot\u00e1, <strong><a href=\"https:\/\/www.radioacktiva.com\/2025\/que-pelicula-estaba-viendo-slash-en-cine-de-bogota-revelan-verdad-detras-de-momento-viral-386169.html\" rel=\"nofollow noopener\" target=\"_blank\">en la que Guns N\u2019 Roses, toc\u00f3 \u00e9xitos hist\u00f3ricos y brillantes,<\/a> con los que deleit\u00f3 a los presentes.<\/strong><\/p>\n<p><strong>M\u00e1s noticias: <a href=\"https:\/\/www.radioacktiva.com\/2025\/estas-fueron-las-4-primeras-canciones-lanzadas-por-guns-n-roses-en-la-historia-no-son-del-appetite-for-destruction-386081.html\" rel=\"nofollow noopener\" target=\"_blank\">Estas fueron las 4 primeras canciones lanzadas por Guns N\u2019 Roses en la historia: no son del \u2018Appetite for Destruction\u2019<\/a><\/strong><\/p>\n<p>El legenedario instrumentalista de la banda de los rev\u00f3lver y las rosas convers\u00f3 con nosotros y nos cont\u00f3 varios detalles <strong>sobre su actualidad y su programa de radio en Radioacktiva \u201cThree Chords &amp; The Truth\u201d.<\/strong><\/p>\n<p>Duff McKagan en exclusiva en Radioacktiva<\/p>\n<p>Duff McKagan es una de las leyendas m\u00e1s grandes del rock. <a href=\"https:\/\/www.radioacktiva.com\/2025\/el-inesperado-clasico-que-guns-n-roses-ya-no-toca-en-sus-conciertos-376792.html\" rel=\"nofollow noopener\" target=\"_blank\">Este artista ha sido capaz de dejar un gran legado gracias a su manera de estremecer el bajo.<\/a><\/p>\n<p>Sin embargo, en Radioacktiva no solo tenemos el honor de tenerlo como colaborador con su programa \u201cThree Chords &amp; The Truth\u201d, <strong>el cual puede escuchar en nuestra se\u00f1al, sino tambi\u00e9n de tenerlo en nuestra cabina.<\/strong><\/p>\n<blockquote class=\"instagram-media\" data-instgrm-captioned=\"\" data-instgrm-permalink=\"https:\/\/www.instagram.com\/p\/DPkB-2iicen\/?utm_source=ig_embed&amp;utm_campaign=loading\" data-instgrm-version=\"14\" style=\" background:#FFF; border:0; border-radius:3px; box-shadow:0 0 1px 0 rgba(0,0,0,0.5),0 1px 10px 0 rgba(0,0,0,0.15); margin: 1px; max-width:540px; min-width:326px; padding:0; width:99.375%; width:-webkit-calc(100% - 2px); width:calc(100% - 2px);\"\/>\n<p>El hist\u00f3rico miembro de la banda nos cont\u00f3 detalles sobre lo que fue el inolvidable concierto de Guns N\u2019 Roses el 7 de octubre.<\/p>\n<p>\u201cHace poco tocamos en Costa Rica, tocamos en El Salvador, pero luego llegas a Bogot\u00e1 y es diferente, el p\u00fablico aqu\u00ed es el m\u00e1s apasionado, <strong>el argentino seguramente contradir\u00eda eso, pero llegamos aqu\u00ed y la reacci\u00f3n de la gente es en masa, todo el mundo estaba feliz\u201d dijo McKagan.<\/strong><\/p>\n<p>El bajista nos explic\u00f3 que en cada uno de sus proyectos ha disfrutado de gran manera, donde ha aprendido muchos aspectos como artista, pero, sobre todo, <a href=\"https:\/\/www.radioacktiva.com\/2025\/el-es-isaac-carpenter-el-nuevo-baterista-de-guns-n-roses-decepciono-a-algunos-fans-369637.html\" rel=\"nofollow noopener\" target=\"_blank\">resalt\u00f3 la pasi\u00f3n de tocar con sus compa\u00f1eros actuales en Guns N\u2019 Roses, incluido Isaac Carpenter el nuevo baterista.<\/a><\/p>\n<p><strong>M\u00e1s noticias: <a href=\"https:\/\/www.radioacktiva.com\/2025\/la-legendaria-banda-que-slash-homenajeo-durante-el-concierto-de-guns-n-roses-en-bogota-386260.html\" rel=\"nofollow noopener\" target=\"_blank\">La legendaria banda que Slash homenaje\u00f3 durante el concierto de Guns N\u2019 Roses en Bogot\u00e1<\/a><\/strong><\/p>\n<p>McKagan asegur\u00f3 que <strong>este es el mejor percusionista que conoce, y as\u00ed se puede presenciar en los hist\u00f3ricos conciertos que protagoniza Guns N\u2019 Roses.<\/strong><\/p>\n<p>Finalmente, Duff agradeci\u00f3 a cada uno de sus fan\u00e1ticos por escuchar \u201cThree Chords &amp; The Truth\u201d, <a href=\"https:\/\/www.radioacktiva.com\/2025\/estas-son-5-curiosidades-sobre-guns-n-roses-que-todo-fanatico-debe-saber-369765.html\" rel=\"nofollow noopener\" target=\"_blank\">adem\u00e1s de, por supuesto, seguir Guns N\u2019 Roses.<\/a><\/p>\n<p><strong>Si quiere ver la entrevista entera, aqu\u00ed se la presentamos:<\/strong><\/p>\n<blockquote class=\"instagram-media\" data-instgrm-captioned=\"\" data-instgrm-permalink=\"https:\/\/www.instagram.com\/reel\/DPj-nOOCQFp\/?utm_source=ig_embed&amp;utm_campaign=loading\" data-instgrm-version=\"14\" style=\" background:#FFF; border:0; border-radius:3px; box-shadow:0 0 1px 0 rgba(0,0,0,0.5),0 1px 10px 0 rgba(0,0,0,0.15); margin: 1px; max-width:540px; min-width:326px; padding:0; width:99.375%; width:-webkit-calc(100% - 2px); width:calc(100% - 2px);\"\/>\n<p>Les recordamos que esta banda tambi\u00e9n dir\u00e1 presente en Medell\u00edn el pr\u00f3ximo 11 de octubre, en lo que ser\u00e1 un show imperdible con el <strong>\u2018Because What You Want &amp; What You Get Are Two Completely Different Things Tour\u2019.<\/strong><\/p>\n<p>                <script async src=\"\/\/www.instagram.com\/embed.js\"><\/script><\/p>\n","protected":false},"excerpt":{"rendered":"Este 8 de octubre hicimos historia en Radioacktiva. Duff McKagan, el bajista de Guns N\u2019 Roses, estuvo en&hellip;\n","protected":false},"author":2,"featured_media":164762,"comment_status":"","ping_status":"","sticky":false,"template":"","format":"standard","meta":{"footnotes":""},"categories":[170],"tags":[48565,146,147,25,24,184,185,23],"class_list":{"0":"post-164761","1":"post","2":"type-post","3":"status-publish","4":"format-standard","5":"has-post-thumbnail","7":"category-musica","8":"tag-48565","9":"tag-entertainment","10":"tag-entretenimiento","11":"tag-es","12":"tag-espana","13":"tag-music","14":"tag-musica","15":"tag-spain"},"share_on_mastodon":{"url":"","error":""},"_links":{"self":[{"href":"https:\/\/www.europesays.com\/es\/wp-json\/wp\/v2\/posts\/164761","targetHints":{"allow":["GET"]}}],"collection":[{"href":"https:\/\/www.europesays.com\/es\/wp-json\/wp\/v2\/posts"}],"about":[{"href":"https:\/\/www.europesays.com\/es\/wp-json\/wp\/v2\/types\/post"}],"author":[{"embeddable":true,"href":"https:\/\/www.europesays.com\/es\/wp-json\/wp\/v2\/users\/2"}],"replies":[{"embeddable":true,"href":"https:\/\/www.europesays.com\/es\/wp-json\/wp\/v2\/comments?post=164761"}],"version-history":[{"count":0,"href":"https:\/\/www.europesays.com\/es\/wp-json\/wp\/v2\/posts\/164761\/revisions"}],"wp:featuredmedia":[{"embeddable":true,"href":"https:\/\/www.europesays.com\/es\/wp-json\/wp\/v2\/media\/164762"}],"wp:attachment":[{"href":"https:\/\/www.europesays.com\/es\/wp-json\/wp\/v2\/media?parent=164761"}],"wp:term":[{"taxonomy":"category","embeddable":true,"href":"https:\/\/www.europesays.com\/es\/wp-json\/wp\/v2\/categories?post=164761"},{"taxonomy":"post_tag","embeddable":true,"href":"https:\/\/www.europesays.com\/es\/wp-json\/wp\/v2\/tags?post=164761"}],"curies":[{"name":"wp","href":"https:\/\/api.w.org\/{rel}","templated":true}]}}