{"id":164767,"date":"2025-10-09T09:28:09","date_gmt":"2025-10-09T09:28:09","guid":{"rendered":"https:\/\/www.europesays.com\/es\/164767\/"},"modified":"2025-10-09T09:28:09","modified_gmt":"2025-10-09T09:28:09","slug":"las-spice-girls-reaparecen-por-sorpresa-y-son-las-invitadas-mejor-vestidas","status":"publish","type":"post","link":"https:\/\/www.europesays.com\/es\/164767\/","title":{"rendered":"Las Spice Girls reaparecen por sorpresa y son las invitadas mejor vestidas"},"content":{"rendered":"<p data-journey-content=\"true\" data-node-id=\"2\" class=\"css-6wxqfj emevuu60\">La dise\u00f1adora y empresaria brit\u00e1nica <strong data-node-id=\"2.1\">Victoria Beckham<\/strong> ha estrenado <strong data-node-id=\"2.3\">su serie documental hom\u00f3nima de la mano de Netflix<\/strong>, en la que hace un repaso a lo largo de su recorrido en la vida p\u00fablica. Desde sus inicios, haciendo menci\u00f3n a las cr\u00edticas, los problemas que ha sufrido de la mano de trastornos alimenticios o de dinero, hasta fundar su propia marca de ropa y convertirse en una <strong data-node-id=\"2.5\">importante personalidad en la industria de la moda<\/strong>. Cuestiones como su matrimonio y las relaciones entre los componentes de la familia Beckham, cuentan con un papel esencial en la narrativa, sin embargo, <strong data-node-id=\"2.7\">Victoria Beckham es la protagonista del relato<\/strong>, y es ella misma quien cuenta su propia historia.<\/p>\n<p data-journey-content=\"true\" data-node-id=\"3\" class=\"css-6wxqfj emevuu60\">En su serie,<a href=\"https:\/\/www.elle.com\/es\/star-style\/noticias-famosos\/a60507695\/victoria-beckham-entrevista-elle-mayo\/\" data-vars-ga-outbound-link=\"https:\/\/www.elle.com\/es\/star-style\/noticias-famosos\/a60507695\/victoria-beckham-entrevista-elle-mayo\/\" data-vars-ga-ux-element=\"Hyperlink\" data-vars-ga-call-to-action=\" Victoria Beckham\" data-node-id=\"3.1\" class=\"body-link css-103hk4r emevuu60\" rel=\"nofollow noopener\" target=\"_blank\"> Victoria Beckham<\/a> cuenta c\u00f3mo <strong data-node-id=\"3.3\">Las Spice Girls le cambiaron la vida<\/strong> y le ayudaron a reencontrarse con su propia identidad. La agrupaci\u00f3n brit\u00e1nica nacida en la d\u00e9cada de los 90 en Londres, marc\u00f3 un antes y un despu\u00e9s en la industria musical internacional. Considerado como <strong data-node-id=\"3.5\">el grupo femenino m\u00e1s emblem\u00e1tico de la historia de la m\u00fasica<\/strong>, se convirti\u00f3 en un s\u00edmbolo popular del poder femenino. Con la diversi\u00f3n, la ingenuidad y la autenticidad como cara de presentaci\u00f3n, estas cinco chicas, <strong data-node-id=\"3.7\">Victoria Beckham, Geri Halliwell, Melanie Chisholm, Melanie Brown y Emma Bunton<\/strong> inventaron una nueva forma de expresi\u00f3n y reivindicaci\u00f3n femenina, sin dejar de lado la diversi\u00f3n ni el estilo.<\/p>\n<p data-journey-content=\"true\" data-node-id=\"4\" class=\"css-6wxqfj emevuu60\">Gracias al estreno de <strong data-node-id=\"4.1\">&#8216;Victoria Beckham&#8217; <\/strong>en Londres, la protagonista de la noche se pudo reencontrar con sus compa\u00f1eras de Spice Girls, <strong data-node-id=\"4.3\">Emma Bunton y Melanie Chisholm<\/strong>, y las chicas nos ofrecieron sus mejores estilismos y se convirtieron en las invitadas mejor vestidas de la noche.<\/p>\n<p>Las Spice Girls se reencuentran para ser las invitadas mejor vestidas con looks a juegoVictoria Beckham<\/p>\n<p data-journey-content=\"true\" data-node-id=\"8\" class=\"css-6wxqfj emevuu60\">La protagonista de la noche eligi\u00f3 un <strong data-node-id=\"8.1\">total look monocolor en color blanco de falda midi de tubo, blazer y blusa<\/strong>. Victoria Beckham conoce las tendencias a la perfecci\u00f3n, y cu\u00e1les son las prendas que mejor sientan a las mujeres para vestir elegantes a partir de los 40. <a href=\"https:\/\/www.elle.com\/es\/moda\/compras-elle\/a65590098\/como-visten-las-que-mejor-visten-una-falda-midi-en-verano\/\" target=\"_blank\" data-vars-ga-outbound-link=\"https:\/\/www.elle.com\/es\/moda\/compras-elle\/a65590098\/como-visten-las-que-mejor-visten-una-falda-midi-en-verano\/\" data-vars-ga-ux-element=\"Hyperlink\" data-vars-ga-call-to-action=\"La falda midi estiliza y aporta elegancia a la figura\" data-node-id=\"8.3\" class=\"body-link css-103hk4r emevuu60\" rel=\"nofollow noopener\">La falda midi estiliza y aporta elegancia a la figura<\/a>, un look perfecto para cualquier ocasi\u00f3n. Victoria remata su look con unos zapatos de tac\u00f3n negros con la punta abierta.<\/p>\n<p><img draggable=\"true\" alt=\"\ufeffvictoria beckham con total look blanco de blazer, blusa y falda midi\" title=\"\ufeffVictoria Beckham con total look blanco de blazer, blusa y falda midi\" loading=\"lazy\" width=\"5236\" height=\"7643\" decoding=\"async\" data-nimg=\"1\" style=\"color:transparent;width:100%;height:auto;\"   src=\"https:\/\/www.europesays.com\/es\/wp-content\/uploads\/2025\/10\/u592763-009-1-68e77548859eb.jpg\" class=\"css-0 e1g79fud0\"\/><a target=\"_blank\" rel=\"noopener nofollow\" data-theme-key=\"base-link\" href=\"https:\/\/pinterest.com\/pin\/create\/button\/?url=https:\/\/www.elle.com\/es\/star-style\/el-estilo-de\/a68964967\/spice-girls-victoria-beckham-serie-netflix-emma-button-malenie-chiholm-eva-longoria-invitadas\/&amp;description=- ElleSpain&amp;media=https:\/\/hips.hearstapps.com\/hmg-prod\/images\/u592763-009-1-68e77548859eb.jpg?resize=1600:*\" class=\"pinterest css-on9hn5 e1c1bym14\"><img decoding=\"async\" data-dynamic-svg=\"true\" src=\"https:\/\/www.elle.com\/_assets\/design-tokens\/fre\/static\/icons\/social\/pinterest.e8cf655.svg?primary=%2523ffffff\" loading=\"lazy\" data-testid=\"dynamic-svg-base\" height=\"auto\" width=\"auto\" alt=\"pinterest\" class=\"css-4lml0h e1mlxuuw1\"\/><\/a>Doug Peters<\/p>\n<p>Victoria Beckham con total look blanco de blazer, blusa y falda midi<\/p>\n<p>Emma Bunton<\/p>\n<p data-journey-content=\"true\" data-node-id=\"11\" class=\"css-6wxqfj emevuu60\">Emma Bunton, tambi\u00e9n conocida como <strong data-node-id=\"11.1\">&#8216;Baby Spice&#8217;<\/strong>, nos sorprendi\u00f3 con <strong data-node-id=\"11.3\">un conjunto de blazer y pantal\u00f3n en color verde botella<\/strong>, un color que aporta elegancia y dinamismo al look. La cantante lo combina con un top negro de <a href=\"https:\/\/www.elle.com\/es\/moda\/tendencias\/a62984305\/moda-gucci-looks-otono\/\" target=\"_blank\" data-vars-ga-outbound-link=\"https:\/\/www.elle.com\/es\/moda\/tendencias\/a62984305\/moda-gucci-looks-otono\/\" data-vars-ga-ux-element=\"Hyperlink\" data-vars-ga-call-to-action=\"transparencias, una de las tendencias de la temporada de oto\u00f1o para los looks de noche\" data-node-id=\"11.5\" class=\"body-link css-103hk4r emevuu60\" rel=\"nofollow noopener\"><strong data-node-id=\"11.5.0\">transparencias<\/strong>, una de las tendencias de la temporada de oto\u00f1o para los looks de noche<\/a>, y unos<strong data-node-id=\"11.7\"> zapatos de tac\u00f3n verdes<\/strong>, a juego con el traje.<\/p>\n<p><img draggable=\"true\" alt=\"emma bunton con conjunto de blazer y pantal\u00f3n en color verde botella\ufeff\" title=\"Emma Bunton con conjunto de blazer y pantal\u00f3n en color verde botella\ufeff\" loading=\"lazy\" width=\"2048\" height=\"3072\" decoding=\"async\" data-nimg=\"1\" style=\"color:transparent;width:100%;height:auto;\"   src=\"https:\/\/www.europesays.com\/es\/wp-content\/uploads\/2025\/10\/u592763-020-68e7770733d39.jpg\" class=\"css-0 e1g79fud0\"\/><a target=\"_blank\" rel=\"noopener nofollow\" data-theme-key=\"base-link\" href=\"https:\/\/pinterest.com\/pin\/create\/button\/?url=https:\/\/www.elle.com\/es\/star-style\/el-estilo-de\/a68964967\/spice-girls-victoria-beckham-serie-netflix-emma-button-malenie-chiholm-eva-longoria-invitadas\/&amp;description=- ElleSpain&amp;media=https:\/\/hips.hearstapps.com\/hmg-prod\/images\/u592763-020-68e7770733d39.jpg?resize=1600:*\" class=\"pinterest css-on9hn5 e1c1bym14\"><img decoding=\"async\" data-dynamic-svg=\"true\" src=\"https:\/\/www.elle.com\/_assets\/design-tokens\/fre\/static\/icons\/social\/pinterest.e8cf655.svg?primary=%2523ffffff\" loading=\"lazy\" data-testid=\"dynamic-svg-base\" height=\"auto\" width=\"auto\" alt=\"pinterest\" class=\"css-4lml0h e1mlxuuw1\"\/><\/a>Doug Peters<\/p>\n<p>Emma Bunton con conjunto de blazer y pantal\u00f3n en color verde botella<\/p>\n<p>Melanie Chisholm<\/p>\n<p data-journey-content=\"true\" data-node-id=\"14\" class=\"css-6wxqfj emevuu60\">Melanie Chisholm tambi\u00e9n se sum\u00f3 a la tendencia de los blazers, con <strong data-node-id=\"14.1\">un conjunto de chaqueta y pantal\u00f3n en color negro y con tejido de terciopelo<\/strong> perfecto para la temporada de oto\u00f1o\/invierno 2025. La cantante combin\u00f3 su pantal\u00f3n de tiro algo con un <strong data-node-id=\"14.3\">top de palabra de honor<\/strong>, por encima del ombligo, tambi\u00e9n en color negro.<\/p>\n<p><img draggable=\"true\" alt=\"\ufeffmelanie chisholm con un conjunto de chaqueta y pantal\u00f3n negro\" title=\"\ufeffMelanie Chisholm con un conjunto de chaqueta y pantal\u00f3n negro\" loading=\"lazy\" width=\"5198\" height=\"7656\" decoding=\"async\" data-nimg=\"1\" style=\"color:transparent;width:100%;height:auto;\"   src=\"https:\/\/www.europesays.com\/es\/wp-content\/uploads\/2025\/10\/u592763-018-68e7785a333be.jpg\" class=\"css-0 e1g79fud0\"\/><a target=\"_blank\" rel=\"noopener nofollow\" data-theme-key=\"base-link\" href=\"https:\/\/pinterest.com\/pin\/create\/button\/?url=https:\/\/www.elle.com\/es\/star-style\/el-estilo-de\/a68964967\/spice-girls-victoria-beckham-serie-netflix-emma-button-malenie-chiholm-eva-longoria-invitadas\/&amp;description=- ElleSpain&amp;media=https:\/\/hips.hearstapps.com\/hmg-prod\/images\/u592763-018-68e7785a333be.jpg?resize=1600:*\" class=\"pinterest css-on9hn5 e1c1bym14\"><img decoding=\"async\" data-dynamic-svg=\"true\" src=\"https:\/\/www.elle.com\/_assets\/design-tokens\/fre\/static\/icons\/social\/pinterest.e8cf655.svg?primary=%2523ffffff\" loading=\"lazy\" data-testid=\"dynamic-svg-base\" height=\"auto\" width=\"auto\" alt=\"pinterest\" class=\"css-4lml0h e1mlxuuw1\"\/><\/a>Doug Peters<\/p>\n<p>Melanie Chisholm con un conjunto de chaqueta y pantal\u00f3n negro<\/p>\n","protected":false},"excerpt":{"rendered":"La dise\u00f1adora y empresaria brit\u00e1nica Victoria Beckham ha estrenado su serie documental hom\u00f3nima de la mano de Netflix,&hellip;\n","protected":false},"author":2,"featured_media":164768,"comment_status":"","ping_status":"","sticky":false,"template":"","format":"standard","meta":{"footnotes":""},"categories":[91],"tags":[253,146,147,25,24,23],"class_list":{"0":"post-164767","1":"post","2":"type-post","3":"status-publish","4":"format-standard","5":"has-post-thumbnail","7":"category-entretenimiento","8":"tag-discover","9":"tag-entertainment","10":"tag-entretenimiento","11":"tag-es","12":"tag-espana","13":"tag-spain"},"share_on_mastodon":{"url":"","error":""},"_links":{"self":[{"href":"https:\/\/www.europesays.com\/es\/wp-json\/wp\/v2\/posts\/164767","targetHints":{"allow":["GET"]}}],"collection":[{"href":"https:\/\/www.europesays.com\/es\/wp-json\/wp\/v2\/posts"}],"about":[{"href":"https:\/\/www.europesays.com\/es\/wp-json\/wp\/v2\/types\/post"}],"author":[{"embeddable":true,"href":"https:\/\/www.europesays.com\/es\/wp-json\/wp\/v2\/users\/2"}],"replies":[{"embeddable":true,"href":"https:\/\/www.europesays.com\/es\/wp-json\/wp\/v2\/comments?post=164767"}],"version-history":[{"count":0,"href":"https:\/\/www.europesays.com\/es\/wp-json\/wp\/v2\/posts\/164767\/revisions"}],"wp:featuredmedia":[{"embeddable":true,"href":"https:\/\/www.europesays.com\/es\/wp-json\/wp\/v2\/media\/164768"}],"wp:attachment":[{"href":"https:\/\/www.europesays.com\/es\/wp-json\/wp\/v2\/media?parent=164767"}],"wp:term":[{"taxonomy":"category","embeddable":true,"href":"https:\/\/www.europesays.com\/es\/wp-json\/wp\/v2\/categories?post=164767"},{"taxonomy":"post_tag","embeddable":true,"href":"https:\/\/www.europesays.com\/es\/wp-json\/wp\/v2\/tags?post=164767"}],"curies":[{"name":"wp","href":"https:\/\/api.w.org\/{rel}","templated":true}]}}