{"id":164798,"date":"2025-10-09T09:50:09","date_gmt":"2025-10-09T09:50:09","guid":{"rendered":"https:\/\/www.europesays.com\/es\/164798\/"},"modified":"2025-10-09T09:50:09","modified_gmt":"2025-10-09T09:50:09","slug":"espana-sufre-sus-mayores-brotes-de-sarampion-en-10-anos-mientras-la-cobertura-vacunal-cae-en-15-de-las-17-comunidades","status":"publish","type":"post","link":"https:\/\/www.europesays.com\/es\/164798\/","title":{"rendered":"Espa\u00f1a sufre sus mayores brotes de sarampi\u00f3n en 10 a\u00f1os mientras la cobertura vacunal cae en 15 de las 17 comunidades"},"content":{"rendered":"<p id=\"paragraph_1\">El <a href=\"https:\/\/www.elespanol.com\/ciencia\/salud\/20251008\/brote-sarampion-familia-antivacunas-cataluna-provoca-casos-centenar-afectados\/1003743960116_0.html?utm_cmp_rs=linksinline\" rel=\"nofollow noopener\" target=\"_blank\">brote de sarampi\u00f3n<\/a> que vive la comarca catalana del Garraf, con ocho casos en el seno de una familia antivacunas y cerca de un centenar de personas en vigilancia, es solo el \u00faltimo de una tendencia que ha puesto a los expertos en alerta.<\/p>\n<p class=\"paragraph\" id=\"paragraph_2\">En solo nueve meses, 2025 acumula m\u00e1s casos (344) que cualquier a\u00f1o completo desde que se consider\u00f3 la enfermedad eliminada en Espa\u00f1a, 2016.<\/p>\n<p class=\"paragraph\" id=\"paragraph_3\">Para que se considerara eliminada tuvieron que pasar tres a\u00f1os sin que se reportara ning\u00fan caso end\u00e9mico.<\/p>\n<p class=\"paragraph\" id=\"paragraph_4\">Todos los contagios de los que se tiene informaci\u00f3n desde entonces son importados o est\u00e1n relacionados con esa importaci\u00f3n. Sin embargo, <strong>2024 y 2025 han vivido brotes de m\u00e1s de medio centenar de casos<\/strong>.<\/p>\n<p class=\"paragraph\" id=\"paragraph_5\">Por si fuera poco, las coberturas vacunales frente al sarampi\u00f3n, que siempre han sido muy altas, han disminuido desde antes de la pandemia y no est\u00e1 claro el porqu\u00e9. Tambi\u00e9n han ca\u00eddo en el \u00faltimo a\u00f1o en 15 de las 17 autonom\u00edas.<\/p>\n<p class=\"paragraph\" id=\"paragraph_6\">El brote de Sant Pere de Ribes comenz\u00f3 el pasado 4 de septiembre, con los \u00faltimos casos diagnosticados el d\u00eda 29. <strong>Han sido 8 casos, 6 en personas que no se hab\u00edan vacunado<\/strong>, pero hay un centenar de personas en estudio, no se descartan nuevos casos.<\/p>\n<p class=\"paragraph\" id=\"paragraph_7\">En 2024, un brote en Castilla-La Mancha alcanz\u00f3 57 casos, llegando hasta Extremadura y Andaluc\u00eda. A finales de este a\u00f1o hubo otro en el Pa\u00eds Vasco, con 51 casos, la mayor\u00eda de los cuales se diagnosticaron ya en 2025.<\/p>\n<p class=\"paragraph\" id=\"paragraph_8\">Entre el 1 de enero y el 28 de septiembre de este a\u00f1o se han registrado casos de sarampi\u00f3n en 14 de las 17 comunidades aut\u00f3nomas, adem\u00e1s de en Ceuta y Melilla.<\/p>\n<p class=\"paragraph\" id=\"paragraph_9\">Las comunidades que m\u00e1s casos han detectado son Andaluc\u00eda (94), Catalu\u00f1a (68) y Pa\u00eds Vasco (51), seg\u00fan el <a href=\"https:\/\/cne.isciii.es\/documents\/d\/cne\/is_n-38-20250930_web\" rel=\"nofollow noopener\" target=\"_blank\">\u00faltimo informe del Instituto de Salud Carlos III<\/a>.<\/p>\n<p class=\"paragraph\" id=\"paragraph_10\">\u00abEstamos viendo brotes m\u00e1s grandes de sarampi\u00f3n, algo que est\u00e1 pasando tambi\u00e9n en toda Europa\u00bb, reconoce <strong>Valent\u00ed Pineda<\/strong>, vocal del Comit\u00e9 Asesor de Vacunas de la Asociaci\u00f3n Espa\u00f1ola de Pediatr\u00eda.<\/p>\n<p class=\"paragraph\" id=\"paragraph_11\">El Centro Europeo de Control de Enfermedades (ECDC) registra m\u00e1s de 10.000 casos de sarampi\u00f3n en los \u00faltimos 12 meses, de los que 7.000 provienen de Ruman\u00eda.<\/p>\n<p class=\"paragraph\" id=\"paragraph_12\">Lo que m\u00e1s preocupa a Pineda es la situaci\u00f3n de Marruecos, donde ha habido m\u00e1s de 40.000 casos \u2014y 95 muertes\u2014 en el \u00faltimo par de a\u00f1os.<\/p>\n<p class=\"paragraph\" id=\"paragraph_13\">\u00abEst\u00e1 muy cerca y hay una gran cantidad de poblaci\u00f3n marroqu\u00ed que atraviesa nuestro pa\u00eds en julio y agosto, cuando regresan a su pa\u00eds de origen desde distintos puntos de Europa para pasar las vacaciones\u00bb.<\/p>\n<p><img loading=\"lazy\" decoding=\"async\" alt=\"WhatsApp Image 2024-01-22 at 19.51.31\" height=\"180\" src=\"https:\/\/www.europesays.com\/es\/wp-content\/uploads\/2025\/10\/826928095_239314409_320x180.jpg\" width=\"320\" data-lazy-status=\"processed\" data-lazy-info=\"remove loading item 1\"\/><\/p>\n<p class=\"paragraph\" id=\"paragraph_14\"><strong>Fernando Moraga-Llop<\/strong>, portavoz y vocal senior de la Asociaci\u00f3n Espa\u00f1ola de Vacunolog\u00eda, recuerda tambi\u00e9n que \u00abla causa fundamental del aumento de los casos es la disminuci\u00f3n de las coberturas vacunales\u00bb.<\/p>\n<p class=\"paragraph\" id=\"paragraph_15\">El sarampi\u00f3n es muy contagioso: cada paciente puede llegar a contagiar a m\u00e1s de una decena de personas. Por eso <strong>hace falta una alta cobertura vacunal entre la poblaci\u00f3n, \u00absuperior al 95%\u00bb<\/strong>, para evitar que se expanda entre las personas no inmunizadas.<\/p>\n<p class=\"paragraph\" id=\"paragraph_16\">La vacuna frente al virus del sarampi\u00f3n se inocula junto a las de la parotiditis (paperas) y la rub\u00e9ola, por eso se conoce a la vacuna como triple v\u00edrica. La primera dosis se administra al a\u00f1o de vida y la segunda entre los 3 y 4 a\u00f1os.<\/p>\n<p class=\"paragraph\" id=\"paragraph_17\">Espa\u00f1a es un pa\u00eds que, tradicionalmente, tiene muy buenas coberturas vacunales. El 96,65% de la poblaci\u00f3n tiene una dosis de la triple v\u00edrica, seg\u00fan datos de 2024 del Ministerio de Sanidad, pero el porcentaje baja al 91,75% en el caso de la segunda dosis.<\/p>\n<p class=\"paragraph\" id=\"paragraph_18\">\u00abLa vacuna del sarampi\u00f3n tiene una efectividad del 95% con una dosis\u00bb, explica Moraga-Llop. \u00abCon la segunda dosis cubres a ese 5% restante\u00bb. Al ser una enfermedad altamente contagiosa, incide, es importante llegar a ese 5%.<\/p>\n<p>Ca\u00edda de la cobertura<\/p>\n<p class=\"paragraph\" id=\"paragraph_19\">Aunque los datos vacunales son buenos, Moraga-Llop recuerda que la situaci\u00f3n es desigual entre comunidades aut\u00f3nomas: \u00abHay cinco que est\u00e1n por debajo del 95% en primera dosis; en la segunda dosis, solo una autonom\u00eda [Andaluc\u00eda] llega al objetivo\u00bb.<\/p>\n<p class=\"paragraph\" id=\"paragraph_20\">Y lo que es peor: <strong>las coberturas vacunales han disminuido desde antes de la pandemia<\/strong>.<\/p>\n<p class=\"paragraph\" id=\"paragraph_21\">Seg\u00fan el Sistema de Informaci\u00f3n de Vacunaciones del Ministerio de Sanidad (<a href=\"https:\/\/www.sanidad.gob.es\/areas\/promocionPrevencion\/vacunaciones\/coberturas\/home.htm\" rel=\"nofollow noopener\" target=\"_blank\">Sivamin<\/a>), entre 2019 y 2024 la cobertura de la primera dosis ha ca\u00eddo en 13 de las 17 comunidades y en la ciudad aut\u00f3noma de Ceuta.<\/p>\n<p class=\"paragraph\" id=\"paragraph_22\">La de la segunda dosis ha disminuido en 12 comunidades, adem\u00e1s de en Ceuta.<\/p>\n<p class=\"paragraph\" id=\"paragraph_23\">Si bien la bajada en algunas comunidades es de d\u00e9cimas, en otras es mucho mayor: en la primera dosis cae 4,59 puntos en Arag\u00f3n (hasta el 94,05%), 6,52 puntos en Baleares (92,39%), 3,76 puntos en Comunidad Valenciana (94,56%) y nada menos que 19,79 puntos en Ceuta (78,37%).<\/p>\n<p><img decoding=\"async\" alt=\"SARAMPION-HOLANDA-VACUNACION\" height=\"180\" loading=\"lazy\" width=\"320\" data-lazy-status=\"processed\" id=\"d7c00e8448\" src=\"https:\/\/www.elespanol.com\/ciencia\/salud\/20251009\/espana-sufre-mayores-brotes-sarampion-anos-cobertura-vacunal-cae-comunidades\/[\" https:=\"\" data-lazy-info=\"changed src\"\/><\/p>\n<p class=\"paragraph\" id=\"paragraph_24\">En la segunda dosis, las grandes ca\u00eddas son m\u00e1s numerosas: 8,62 puntos en Arag\u00f3n, 10,82 en Baleares, 21,47 puntos en Cantabria (la cobertura solo es del 63,57%), 7,55 en Murcia u 8,13 en La Rioja.<\/p>\n<p class=\"paragraph\" id=\"paragraph_25\">Valent\u00ed Pineda recuerda que la disminuci\u00f3n de la cobertura \u00abse inici\u00f3 en la \u00e9poca de la Covid por la dificultad para acceder al m\u00e9dico estando encerrados en nuestras casas\u00bb.<\/p>\n<p class=\"paragraph\" id=\"paragraph_26\">Por eso cree que no hay un riesgo serio de que sigan disminuyendo las coberturas, si bien<strong> la Asociaci\u00f3n Espa\u00f1ola de Pediatr\u00eda ha propuesto adelantar la segunda dosis a los dos a\u00f1os<\/strong>, \u00abporque con esa edad los padres siguen acudiendo a menudo al pediatra y es m\u00e1s f\u00e1cil llegar a los ni\u00f1os\u00bb.<\/p>\n<p class=\"paragraph\" id=\"paragraph_27\">Con todo, las coberturas frente al sarampi\u00f3n tambi\u00e9n han ca\u00eddo en el \u00faltimo a\u00f1o. En primera dosis lo ha hecho 1,18 puntos de media y, en la segunda, 2,67 puntos.<\/p>\n<p class=\"paragraph\" id=\"paragraph_28\">De las 17 autonom\u00edas, la cobertura baja en 15 en primera dosis, especialmente en Baleares, Cantabria, Castilla-La Mancha, Comunidad Valenciana, Murcia y Navarra, que caen dos puntos en solo un a\u00f1o.<\/p>\n<p><img decoding=\"async\" alt=\"Una joven es observada por la pediatra.\" height=\"180\" loading=\"lazy\" width=\"320\" data-lazy-status=\"processed\" id=\"4df515935c\" src=\"https:\/\/www.elespanol.com\/ciencia\/salud\/20251009\/espana-sufre-mayores-brotes-sarampion-anos-cobertura-vacunal-cae-comunidades\/[\" https:=\"\" data-lazy-info=\"changed src\"\/><\/p>\n<p class=\"paragraph\" id=\"paragraph_29\">En la segunda dosis, la situaci\u00f3n no es mucho mejor. Cae tambi\u00e9n en 15 comunidades, con casos tan notables como los 28,35 puntos de Cantabria, los 7,13 de Comunidad Valenciana o los 5,45 de Madrid.<\/p>\n<p class=\"paragraph\" id=\"paragraph_30\">Moraga-Llop se\u00f1ala que las coberturas vacunales disminuyen \u00abporque ha aumentado la reticencia a la vacunaci\u00f3n, una serie de dudas que no tienen ninguna base cient\u00edfica\u00bb.<\/p>\n<p class=\"paragraph\" id=\"paragraph_31\">En pa\u00edses como Estados Unidos, esta reticencia ha provocado la mayor crisis de sarampi\u00f3n de los \u00faltimos a\u00f1os y lleva varios muertos, entre personas no vacunadas.<\/p>\n<p class=\"paragraph\" id=\"paragraph_32\">Pese a ello, las autoridades sanitarias <a href=\"https:\/\/www.elespanol.com\/ciencia\/salud\/20250327\/remedio-avalado-kennedy-jr-sarampion-provocando-dano-hepatico-ninos-eeuu\/934157160_0.html?utm_cmp_rs=linksinline\" rel=\"nofollow noopener\" target=\"_blank\">se resisten a reconocer la val\u00eda de la vacuna triple v\u00edrica<\/a> y extienden la desconfianza sobre las vacunas en general.<\/p>\n<p class=\"paragraph\" id=\"paragraph_33\">\u00abNo vamos a llegar a los niveles de Estados Unidos o Ruman\u00eda\u00bb, apunta Moraga-Llop. \u00abLa situaci\u00f3n en Espa\u00f1a no tiene que ser alarmante, pero s\u00ed de mucha alerta y preocupaci\u00f3n\u00bb.<\/p>\n<p class=\"paragraph\" id=\"paragraph_34\">Pineda no descarta que, si siguen aumentando los casos en nuestro pa\u00eds, \u00ab<strong>podr\u00eda pasar que haya alg\u00fan fallecido, cosa que no ha ocurrido a\u00fan<\/strong>\u00ab.<\/p>\n<p class=\"paragraph\" id=\"paragraph_35\">Con todo, recuerda que en Espa\u00f1a sigue habiendo mucha confianza en las vacunas. \u00abEstamos publicitando constantemente la vacunaci\u00f3n entre los ni\u00f1os y la gente responde\u00bb.<\/p>\n","protected":false},"excerpt":{"rendered":"El brote de sarampi\u00f3n que vive la comarca catalana del Garraf, con ocho casos en el seno de&hellip;\n","protected":false},"author":2,"featured_media":164799,"comment_status":"","ping_status":"","sticky":false,"template":"","format":"standard","meta":{"footnotes":""},"categories":[92],"tags":[8995,25,24,165,17168,166,23,1454],"class_list":{"0":"post-164798","1":"post","2":"type-post","3":"status-publish","4":"format-standard","5":"has-post-thumbnail","7":"category-salud","8":"tag-enfermedades-infecciosas","9":"tag-es","10":"tag-espana","11":"tag-health","12":"tag-pediatria","13":"tag-salud","14":"tag-spain","15":"tag-vacunas"},"share_on_mastodon":{"url":"","error":""},"_links":{"self":[{"href":"https:\/\/www.europesays.com\/es\/wp-json\/wp\/v2\/posts\/164798","targetHints":{"allow":["GET"]}}],"collection":[{"href":"https:\/\/www.europesays.com\/es\/wp-json\/wp\/v2\/posts"}],"about":[{"href":"https:\/\/www.europesays.com\/es\/wp-json\/wp\/v2\/types\/post"}],"author":[{"embeddable":true,"href":"https:\/\/www.europesays.com\/es\/wp-json\/wp\/v2\/users\/2"}],"replies":[{"embeddable":true,"href":"https:\/\/www.europesays.com\/es\/wp-json\/wp\/v2\/comments?post=164798"}],"version-history":[{"count":0,"href":"https:\/\/www.europesays.com\/es\/wp-json\/wp\/v2\/posts\/164798\/revisions"}],"wp:featuredmedia":[{"embeddable":true,"href":"https:\/\/www.europesays.com\/es\/wp-json\/wp\/v2\/media\/164799"}],"wp:attachment":[{"href":"https:\/\/www.europesays.com\/es\/wp-json\/wp\/v2\/media?parent=164798"}],"wp:term":[{"taxonomy":"category","embeddable":true,"href":"https:\/\/www.europesays.com\/es\/wp-json\/wp\/v2\/categories?post=164798"},{"taxonomy":"post_tag","embeddable":true,"href":"https:\/\/www.europesays.com\/es\/wp-json\/wp\/v2\/tags?post=164798"}],"curies":[{"name":"wp","href":"https:\/\/api.w.org\/{rel}","templated":true}]}}