{"id":164817,"date":"2025-10-09T10:02:12","date_gmt":"2025-10-09T10:02:12","guid":{"rendered":"https:\/\/www.europesays.com\/es\/164817\/"},"modified":"2025-10-09T10:02:12","modified_gmt":"2025-10-09T10:02:12","slug":"tour-lago-taihu-recorrido-perfiles-de-etapa-y-dorsales","status":"publish","type":"post","link":"https:\/\/www.europesays.com\/es\/164817\/","title":{"rendered":"Tour Lago Taihu: Recorrido, perfiles de etapa y dorsales"},"content":{"rendered":"<p><a href=\"https:\/\/www.europesays.com\/es\/wp-content\/uploads\/2025\/10\/Tour-of-Taihu-Lake-2025-Percorso-1536x912-1.jpg\" target=\"_blank\" rel=\"noopener\"><img fetchpriority=\"high\" decoding=\"async\" aria-describedby=\"caption-attachment-449529\" class=\"wp-image-449529  lazy\" src=\"data:image\/svg+xml,%3Csvg%20xmlns=\" http:=\"\" data-src=\"https:\/\/www.europesays.com\/es\/wp-content\/uploads\/2025\/10\/Tour-of-Taihu-Lake-2025-Percorso-1536x912-1.jpg\" alt=\"\" width=\"748\" height=\"444\" data- data-\/><\/a><\/p>\n<p id=\"caption-attachment-449529\" class=\"wp-caption-text\">Recorrido (c) Tour del Lago Taihu<\/p>\n<p style=\"text-align: justify;\"><strong>Redacci\u00f3n \/ <a href=\"https:\/\/www.ciclo21.com\/\" target=\"_blank\" rel=\"noopener nofollow\">Ciclo 21<\/a><\/strong><\/p>\n<p style=\"text-align: justify;\">El<strong> Tour del Lago Taihu<\/strong> volver\u00e1 a presentar un recorrido favorable para los velocistas. Fiel a la tradici\u00f3n, <strong>la carrera china de categor\u00eda UCI 2.Pro ofrecer\u00e1 cuatro etapas<\/strong> \u2014una menos que en la edici\u00f3n anterior\u2014, todas relativamente cortas y sin grandes dificultades orogr\u00e1ficas, que s<strong>e disputar\u00e1n del <a href=\"https:\/\/www.ciclo21.com\/ciclismo-calendarios-uci-completos-2025\/\" target=\"_blank\" rel=\"noopener nofollow\">9 al 12 de octubre<\/a><\/strong> y que, salvo sorpresas, deber\u00edan resolverse al esprint.<\/p>\n<p style=\"text-align: justify;\"><strong>Solo la primera etapa, con salida y llegada en Nanjing (96,5 km), incluir\u00e1 un par de peque\u00f1as subidas dentro de un circuito<\/strong> que se repetir\u00e1 cinco veces. Las dem\u00e1s jornadas ser\u00e1n completamente llanas: Suzhou\u2013Wujiang (122 km), Nantong\u2013Qidong (79,2 km) y la etapa final en Wuxi (137,5 km), la m\u00e1s larga del recorrido.<\/p>\n<p><strong>LAS ETAPAS 2025<\/strong><\/p>\n<p style=\"text-align: justify;\"><strong>1\u00aa: Jueves 9 octubre. Nanjing \u2013 Nanjing (96,5 km)<\/strong><\/p>\n<p><a style=\"font-size: 16px;\" href=\"https:\/\/www.europesays.com\/es\/wp-content\/uploads\/2025\/10\/Perfil-de-la-1a-etapa-c-Tour-Lago-Taihu.jpg\" target=\"_blank\" rel=\"noopener\"><img loading=\"lazy\" decoding=\"async\" aria-describedby=\"caption-attachment-449533\" class=\"wp-image-449533 lazy\" src=\"data:image\/svg+xml,%3Csvg%20xmlns=\" http:=\"\" data-src=\"https:\/\/www.europesays.com\/es\/wp-content\/uploads\/2025\/10\/Perfil-de-la-1a-etapa-c-Tour-Lago-Taihu.jpg\" alt=\"\" width=\"752\" height=\"413\" data- data-\/><\/a><\/p>\n<p id=\"caption-attachment-449533\" class=\"wp-caption-text\">Perfil de la 1\u00aa etapa (c) Tour Lago Taihu<\/p>\n<p><strong style=\"text-align: justify; font-size: 16px;\">2\u00aa: Viernes 10 octubre. Suzhou Wujiang (4:00)-Suzhou Wujiang (6:25), 122 km<\/strong><\/p>\n<p><a href=\"https:\/\/www.europesays.com\/es\/wp-content\/uploads\/2025\/10\/Perfil-de-la-2a-etapa-c-Tour-Lago-Taihu.jpg\" target=\"_blank\" rel=\"noopener\"><img loading=\"lazy\" decoding=\"async\" aria-describedby=\"caption-attachment-449535\" class=\"wp-image-449535  lazy\" src=\"data:image\/svg+xml,%3Csvg%20xmlns=\" http:=\"\" data-src=\"https:\/\/www.europesays.com\/es\/wp-content\/uploads\/2025\/10\/Perfil-de-la-2a-etapa-c-Tour-Lago-Taihu.jpg\" alt=\"\" width=\"750\" height=\"404\" data- data-\/><\/a><\/p>\n<p id=\"caption-attachment-449535\" class=\"wp-caption-text\">Perfil de la 2\u00aa etapa (c) Tour Lago Taihu<\/p>\n<p style=\"text-align: justify;\"><strong>3\u00aa: S\u00e1bado 11 octubre. Nantong (4:00)-Qidong (5:35), 79,2 km<\/strong><\/p>\n<p><a href=\"https:\/\/www.europesays.com\/es\/wp-content\/uploads\/2025\/10\/Perfil-de-la-3a-etapa-c-Tour-Lago-Taihu.jpg\" target=\"_blank\" rel=\"noopener\"><img loading=\"lazy\" decoding=\"async\" aria-describedby=\"caption-attachment-449537\" class=\"wp-image-449537  lazy\" src=\"data:image\/svg+xml,%3Csvg%20xmlns=\" http:=\"\" data-src=\"https:\/\/www.europesays.com\/es\/wp-content\/uploads\/2025\/10\/Perfil-de-la-3a-etapa-c-Tour-Lago-Taihu.jpg\" alt=\"\" width=\"750\" height=\"404\" data- data-\/><\/a><\/p>\n<p id=\"caption-attachment-449537\" class=\"wp-caption-text\">Perfil de la 3\u00aa etapa (c) Tour Lago Taihu<\/p>\n<p style=\"text-align: justify;\"><strong>4\u00aa Domingo 12 octubre. Wuxi (3:00)-Wuxi (5:40), 137,5 km<\/strong><\/p>\n<p><a href=\"https:\/\/www.europesays.com\/es\/wp-content\/uploads\/2025\/10\/Perfil-de-la-4a-etapa-c-Tour-Lago-Taihu.jpg\" target=\"_blank\" rel=\"noopener\"><img loading=\"lazy\" decoding=\"async\" aria-describedby=\"caption-attachment-449536\" class=\"wp-image-449536  lazy\" src=\"data:image\/svg+xml,%3Csvg%20xmlns=\" http:=\"\" data-src=\"https:\/\/www.europesays.com\/es\/wp-content\/uploads\/2025\/10\/Perfil-de-la-4a-etapa-c-Tour-Lago-Taihu.jpg\" alt=\"\" width=\"751\" height=\"405\" data- data-\/><\/a><\/p>\n<p id=\"caption-attachment-449536\" class=\"wp-caption-text\">Perfil de la 4\u00aa etapa (c) Tour Lago Taihu<\/p>\n<p><strong>DORSALES OFICIALES<\/strong><\/p>\n<p><strong>PALMAR\u00c9S<\/strong><\/p>\n<p><a href=\"https:\/\/www.ciclo21.com\/5a-tour-lago-taihu-2024-krijnsen\/\" target=\"_blank\" rel=\"noopener nofollow\"><strong>Edici\u00f3n 2024: Krijnsen<\/strong><\/a><\/p>\n","protected":false},"excerpt":{"rendered":"Recorrido (c) Tour del Lago Taihu Redacci\u00f3n \/ Ciclo 21 El Tour del Lago Taihu volver\u00e1 a presentar&hellip;\n","protected":false},"author":2,"featured_media":164818,"comment_status":"","ping_status":"","sticky":false,"template":"","format":"standard","meta":{"footnotes":""},"categories":[273],"tags":[45,313,312,168,25,24,23,167,48578,48579,48580,48581],"class_list":{"0":"post-164817","1":"post","2":"type-post","3":"status-publish","4":"format-standard","5":"has-post-thumbnail","7":"category-ciclismo","8":"tag-45","9":"tag-ciclismo","10":"tag-cycling","11":"tag-deportes","12":"tag-es","13":"tag-espana","14":"tag-spain","15":"tag-sports","16":"tag-tour-del-lago-taihu","17":"tag-tour-lago-taihu","18":"tag-tour-of-taihu-lake","19":"tag-tour-taihu-lake"},"share_on_mastodon":{"url":"","error":""},"_links":{"self":[{"href":"https:\/\/www.europesays.com\/es\/wp-json\/wp\/v2\/posts\/164817","targetHints":{"allow":["GET"]}}],"collection":[{"href":"https:\/\/www.europesays.com\/es\/wp-json\/wp\/v2\/posts"}],"about":[{"href":"https:\/\/www.europesays.com\/es\/wp-json\/wp\/v2\/types\/post"}],"author":[{"embeddable":true,"href":"https:\/\/www.europesays.com\/es\/wp-json\/wp\/v2\/users\/2"}],"replies":[{"embeddable":true,"href":"https:\/\/www.europesays.com\/es\/wp-json\/wp\/v2\/comments?post=164817"}],"version-history":[{"count":0,"href":"https:\/\/www.europesays.com\/es\/wp-json\/wp\/v2\/posts\/164817\/revisions"}],"wp:featuredmedia":[{"embeddable":true,"href":"https:\/\/www.europesays.com\/es\/wp-json\/wp\/v2\/media\/164818"}],"wp:attachment":[{"href":"https:\/\/www.europesays.com\/es\/wp-json\/wp\/v2\/media?parent=164817"}],"wp:term":[{"taxonomy":"category","embeddable":true,"href":"https:\/\/www.europesays.com\/es\/wp-json\/wp\/v2\/categories?post=164817"},{"taxonomy":"post_tag","embeddable":true,"href":"https:\/\/www.europesays.com\/es\/wp-json\/wp\/v2\/tags?post=164817"}],"curies":[{"name":"wp","href":"https:\/\/api.w.org\/{rel}","templated":true}]}}