{"id":164825,"date":"2025-10-09T10:06:10","date_gmt":"2025-10-09T10:06:10","guid":{"rendered":"https:\/\/www.europesays.com\/es\/164825\/"},"modified":"2025-10-09T10:06:10","modified_gmt":"2025-10-09T10:06:10","slug":"el-impresionante-avion-en-el-que-vuela-la-princesa-leonor-se-estrena-en-el-desfile-del-12-de-octubre","status":"publish","type":"post","link":"https:\/\/www.europesays.com\/es\/164825\/","title":{"rendered":"El impresionante avi\u00f3n en el que vuela la princesa Leonor se estrena en el desfile del 12 de octubre"},"content":{"rendered":"<p id=\"eBds6ZqTnT\" data-wc=\"82\">A tres d\u00edas del desfile militar del 12 de Octubre, que presidir\u00e1n los reyes Felipe y Letizia junto a sus hijas, la princesa Leonor y la infanta Sof\u00eda, se apuran los \u00faltimos ensayos para que la Fiesta Nacional salga a la perfecci\u00f3n. Una de las novedades de este a\u00f1o es que <a class=\"hm-link ho-link\" href=\"https:\/\/www.hola.com\/realeza\/casa_espanola\/20250901853176\/la-princesa-leonor-despega-al-estilo-top-gun-se-pone-el-mono-y-se-sube-al-pilatus\/\" data-mrf-recirculation=\"article-body-link\" rel=\"nofollow noopener\" target=\"_blank\">el avi\u00f3n Pilatus PC-21, en el que se est\u00e1 entrenando la heredera<\/a> al trono en la Academia del Aire de San Javier (Murcia) sobrevolar\u00e1 el cielo de Madrid por primera vez.\u00a0<\/p>\n<p> <img src=\"https:\/\/www.europesays.com\/es\/wp-content\/uploads\/2025\/10\/c768614cbe65-hoy-es-un-da-muy-especial-para-el-ejrcito-del-aire-y-del-espaciosu-alteza-rea.jpg\"   width=\"1024\" height=\"1024\" loading=\"lazy\" decoding=\"async\" alt=\"Media Image\" fetchpriority=\"auto\" class=\"image ho-image\"\/>\u00a9 Ej\u00e9rcito del Aire<\/p>\n<p id=\"eyO8OCh3BG\" data-wc=\"65\">La Formaci\u00f3n Mirlo, compuesta por instructores de vuelo destinados en este centro formativo del Ej\u00e9rcito del Aire, ser\u00e1n los responsables de realizar el sobrevuelo con estas nuevas aeronaves. Para tener todas las garant\u00edas de \u00e9xito se han elegido pilotos con mucha experiencia en este tipo de pasadas. Adem\u00e1s, tendr\u00e1n los humos de color que simulan la bandera nacional y, como es tradici\u00f3n, cerrar\u00e1n el desfile.\u00a0<\/p>\n<p> <img src=\"https:\/\/www.europesays.com\/es\/wp-content\/uploads\/2025\/10\/273a09c6e918-hoy-es-un-da-muy-especial-para-el-ejrcito-del-aire-y-del-espaciosu-alteza-rea.jpg\"   width=\"1024\" height=\"1024\" loading=\"lazy\" decoding=\"async\" alt=\"Media Image\" fetchpriority=\"auto\" class=\"image ho-image\"\/>\u00a9 Ej\u00e9rcito del Aire<\/p>\n<p> <img src=\"https:\/\/www.europesays.com\/es\/wp-content\/uploads\/2025\/10\/0a0cd8ceb190-fgr0408.jpg\"   width=\"1024\" height=\"682\" loading=\"lazy\" decoding=\"async\" alt=\"Media Image\" fetchpriority=\"auto\" class=\"image ho-image\"\/>\u00a9 FRANCISCO GOMEZ \/ CASA S.M EL  REY<\/p>\n<p> <img src=\"https:\/\/www.europesays.com\/es\/wp-content\/uploads\/2025\/10\/5c5736b419d9-fgr0401.jpg\"   width=\"1024\" height=\"682\" loading=\"lazy\" decoding=\"async\" alt=\"Media Image\" fetchpriority=\"auto\" class=\"image ho-image\"\/>\u00a9 FRANCISCO GOMEZ<\/p>\n<p> <img src=\"https:\/\/www.europesays.com\/es\/wp-content\/uploads\/2025\/10\/39f7dfb79236-fgr0398.jpg\"   width=\"1024\" height=\"682\" loading=\"lazy\" decoding=\"async\" alt=\"La princesa Leonor, a bordo de un simulador en la base a\u00e9rea de San Javier (Murcia) \" fetchpriority=\"auto\" class=\"image ho-image\"\/>\u00a9 Casa de S. M. el Rey<\/p>\n<p class=\"\" id=\"epRNoTQZNLUW\" data-wc=\"117\">Los aviones Pilatus se convirtieron en los otros protagonistas del ingreso de la princesa Leonor en la Academia General del Aire de San Javier. El pasado septiembre, tras la bienvenida oficial<a class=\"hm-link ho-link\" href=\"https:\/\/www.hola.com\/realeza\/casa_espanola\/20250901853215\/la-princesa-leonor-sobre-sus-ganas-de-aprender-a-volar\/\" data-mrf-recirculation=\"article-body-link\" rel=\"nofollow noopener\" target=\"_blank\">, la primog\u00e9nita de los Reyes se puso el mono verde de vuelo y se dirigi\u00f3 a los hangares, acompa\u00f1ada por uno de sus profesores, para conocer el Pilatus PC-21\u00a0<\/a>que usan nuestras Fuerzas Armadas para formar a sus pilotos antes de pasar a cazas de combate. Se trata de un aparato de fabricaci\u00f3n suiza que alcanza una velocidad de 685 kil\u00f3metros por hora y puede alcanzar los 11.580 metros. Tras unas lecciones en tierra, Leonor se entrenar\u00e1 a bordo de esta aeronave para aprender a volar.\u00a0<\/p>\n<p> <img src=\"https:\/\/www.europesays.com\/es\/wp-content\/uploads\/2025\/10\/ce6533804647-dlu590048064.jpg\"   width=\"1024\" height=\"682\" loading=\"lazy\" decoding=\"async\" alt=\"La princesa Leonor subi\u00e9ndose a bordo del avi\u00f3n Pilatus del Ej\u00e9rcito del Aire en San Javier, Murcia \" fetchpriority=\"auto\" class=\"image ho-image\"\/>\u00a9 GTRES<\/p>\n<p> <img src=\"https:\/\/www.europesays.com\/es\/wp-content\/uploads\/2025\/10\/034ec9bd7fce-fgr0417.jpg\"   width=\"1024\" height=\"682\" loading=\"lazy\" decoding=\"async\" alt=\"La princesa Leonor en el Pilatus\" fetchpriority=\"auto\" class=\"image ho-image\"\/>\u00a9 Casa RealLa princesa Leonor en el Pilatus<\/p>\n<p> <img src=\"https:\/\/www.europesays.com\/es\/wp-content\/uploads\/2025\/10\/84581b0674c5-dlu590048047.jpg\"   width=\"1024\" height=\"682\" loading=\"lazy\" decoding=\"async\" alt=\"La princesa Leonor en la Academia del Aire de San Javier a bordo del avi\u00f3n Pilatus\" fetchpriority=\"auto\" class=\"image ho-image\"\/>\u00a9 GTRES<\/p>\n<p> <img src=\"https:\/\/www.europesays.com\/es\/wp-content\/uploads\/2025\/10\/d61a34aa4a76-dlu590048070.jpg\"   width=\"1024\" height=\"673\" loading=\"lazy\" decoding=\"async\" alt=\"Media Image\" fetchpriority=\"auto\" class=\"image ho-image\"\/>\u00a9 GTRES<\/p>\n<p id=\"enFObTgvWQ\" data-wc=\"126\">Otra de las grandes novedades de este a\u00f1o es que<a class=\"hm-link ho-link\" href=\"https:\/\/www.hola.com\/realeza\/casa_espanola\/20250929858453\/infanta-sofia-regresa-a-la-fiesta-nacional-tras-cuatro-anos-sin-foto-conjunta\/\" data-mrf-recirculation=\"article-body-link\" rel=\"nofollow noopener\" target=\"_blank\">\u00a0la infanta Sof\u00eda regresa a la Tribuna Real en el desfile militar tras dos ocasiones ausente<\/a>. Ser\u00e1 la primera foto conjunta de los Reyes y sus hijas en este evento tras cuatro a\u00f1os de ausencias por los estudios de Leonor y Sof\u00eda. Al caer este a\u00f1o en festivo y no tener clases en la universidad Forward College de Lisboa, en la que est\u00e1 estudiando, la Infanta podr\u00e1 desplazarse a la capital. Adem\u00e1s, este a\u00f1o dar\u00e1 un paso m\u00e1s institucional. Tras haber cumplido la mayor\u00eda de edad en abril, no solo presenciar\u00e1 el desfile militar, sino que tambi\u00e9n participar\u00e1 en la tradicional recepci\u00f3n que los Reyes ofrecen a la sociedad civil en el Palacio Real de Madrid.\u00a0<\/p>\n","protected":false},"excerpt":{"rendered":"A tres d\u00edas del desfile militar del 12 de Octubre, que presidir\u00e1n los reyes Felipe y Letizia junto&hellip;\n","protected":false},"author":2,"featured_media":164826,"comment_status":"","ping_status":"","sticky":false,"template":"","format":"standard","meta":{"footnotes":""},"categories":[174],"tags":[255,146,147,25,24,256,811,1027,1029,23],"class_list":{"0":"post-164825","1":"post","2":"type-post","3":"status-publish","4":"format-standard","5":"has-post-thumbnail","7":"category-famosos","8":"tag-celebrities","9":"tag-entertainment","10":"tag-entretenimiento","11":"tag-es","12":"tag-espana","13":"tag-famosos","14":"tag-princesa-leonor","15":"tag-realeza","16":"tag-realeza-espanola","17":"tag-spain"},"share_on_mastodon":{"url":"","error":""},"_links":{"self":[{"href":"https:\/\/www.europesays.com\/es\/wp-json\/wp\/v2\/posts\/164825","targetHints":{"allow":["GET"]}}],"collection":[{"href":"https:\/\/www.europesays.com\/es\/wp-json\/wp\/v2\/posts"}],"about":[{"href":"https:\/\/www.europesays.com\/es\/wp-json\/wp\/v2\/types\/post"}],"author":[{"embeddable":true,"href":"https:\/\/www.europesays.com\/es\/wp-json\/wp\/v2\/users\/2"}],"replies":[{"embeddable":true,"href":"https:\/\/www.europesays.com\/es\/wp-json\/wp\/v2\/comments?post=164825"}],"version-history":[{"count":0,"href":"https:\/\/www.europesays.com\/es\/wp-json\/wp\/v2\/posts\/164825\/revisions"}],"wp:featuredmedia":[{"embeddable":true,"href":"https:\/\/www.europesays.com\/es\/wp-json\/wp\/v2\/media\/164826"}],"wp:attachment":[{"href":"https:\/\/www.europesays.com\/es\/wp-json\/wp\/v2\/media?parent=164825"}],"wp:term":[{"taxonomy":"category","embeddable":true,"href":"https:\/\/www.europesays.com\/es\/wp-json\/wp\/v2\/categories?post=164825"},{"taxonomy":"post_tag","embeddable":true,"href":"https:\/\/www.europesays.com\/es\/wp-json\/wp\/v2\/tags?post=164825"}],"curies":[{"name":"wp","href":"https:\/\/api.w.org\/{rel}","templated":true}]}}