{"id":164827,"date":"2025-10-09T10:07:10","date_gmt":"2025-10-09T10:07:10","guid":{"rendered":"https:\/\/www.europesays.com\/es\/164827\/"},"modified":"2025-10-09T10:07:10","modified_gmt":"2025-10-09T10:07:10","slug":"un-icono-productivo-y-ordenar-limpiar-y-embellecer-las-sugerencias-de-dos-de-los-mejores-arquitectos-de-espana-para-el-urbanismo-de-torremolinos","status":"publish","type":"post","link":"https:\/\/www.europesays.com\/es\/164827\/","title":{"rendered":"Un \u00abicono productivo\u00bb y \u00abordenar, limpiar y embellecer\u00bb: las sugerencias de dos de los mejores arquitectos de Espa\u00f1a para el urbanismo de Torremolinos"},"content":{"rendered":"<p>No son los encargados de dise\u00f1ar las nuevas herramientas de planeamiento urban\u00edstico de Torremolinos, pero su presencia en el acto con el que, de forma  &#8230; simb\u00f3lica, comienza la redacci\u00f3n del Plan General de Ordenaci\u00f3n Municipal (PGOM) y el Plan de Ordenaci\u00f3n Urbana (POU), unas jornadas profesionales organizadas por el Ayuntamiento, indican que, de alguna forma, ser\u00e1n tenidos en cuenta por el legado que representan. <\/p>\n<p class=\"v-p\">Se trata de Carlos Lamela y Rafael de La-Hoz. Sus apellidos est\u00e1n unidos a la historia de la modernidad de la arquitectura de Torremolinos, nacida al calor de su crecimiento como marca tur\u00edstica internacional. Antonio Lamela, cuya labor ha continuado el estudio de su heredero Carlos, es recordado por los conjuntos residenciales de La Nogalera o Playamar; del despacho de Rafael La-Hoz padre sali\u00f3 el Palacio de Congresos. En cuanto a los hijos, Carlos Lamela, por citar ejemplos solo en Espa\u00f1a, firma la remodelaci\u00f3n del Estadio Santiago Bernab\u00e9u o la T4 de Barajas; el Campus Repsol, el Distrito Telef\u00f3nica o el futuro nuevo estadio del Betis tienen el sello del De La-Hoz que todav\u00eda est\u00e1 en activo. <\/p>\n<p class=\"v-p\">Precisamente, en el recinto de congresos torremolinense, ha tenido lugar el foro sobre el urbanismo futuro de este destino referente de la Costa del Sol, clausurado por la alcaldesa, Margarita del Cid. Tambi\u00e9n han participado los redactores del PGOM y el POU, que es espera que est\u00e9n listos para oto\u00f1o de 2027, Ram\u00f3n Cuevas, Juan Jos\u00e9 Caro y Jos\u00e9 Segu\u00ed, y representantes de la Oficina Municipal de Planeamiento, que han elaborado el <a href=\"https:\/\/www.diariosur.es\/gran-malaga\/claves-planeamiento-torremolinos-20250731150606-nt.html\" target=\"_self\" data-voc-vtm-id=\"in-text-traffic\" title=\"avance de las herramientas que van a elaborarse\" data-mrf-link=\"www.diariosur.es\" rel=\"nofollow noopener\">avance de las herramientas que van a elaborarse<\/a>, como Michel Bencomo, Luis Frade y Maribel Guti\u00e9rrez. Juntos han protagonizado una mesa redonda que ha estado moderada por la concejala de Regeneraci\u00f3n Urbana, Marina V\u00e1zquez.<\/p>\n<p class=\"v-p\">Antes de este coloquio, a preguntas de SUR, Lamela y La-Hoz han lanzado algunas reflexiones sobre como imaginar\u00edan los nuevos desarrollos urban\u00edsticos de Torremolinos, con la premisa clara de que cualquier decisi\u00f3n corresponde a la ciudadan\u00eda y a sus instituciones. \u00abTal vez lo que haga falta es un nuevo icono, un icono productivo; por ejemplo, un laboratorio de investigaci\u00f3n que genere un polo de industrias limpias, que atraiga a gente para vivir\u00ab, ha opinado Lamela, estableciendo un paralelismo con el auge de la arquitectura destinada al turismo, surgida en torno al <a href=\"https:\/\/www.diariosur.es\/costadelsol\/torremolinos\/colegio-arquitectos-eleva-referente-arquitectura-moderna-hotel-pezespada-20241011134233-nt.html\" target=\"_self\" data-voc-vtm-id=\"in-text-traffic\" title=\"Hotel Pez Espada. \" data-mrf-link=\"www.diariosur.es\" rel=\"nofollow noopener\">Hotel Pez Espada. <\/a>Y, sobre la conservaci\u00f3n y puesta en valor de los <a href=\"https:\/\/www.diariosur.es\/costadelsol\/torremolinos\/vivir-icono-brutalismo-torremolinos-20250222170114-nt.html\" target=\"_self\" data-voc-vtm-id=\"in-text-traffic\" title=\"referentes arquitect\u00f3nicos contempor\u00e1neos\" data-mrf-link=\"www.diariosur.es\" rel=\"nofollow noopener\">referentes arquitect\u00f3nicos contempor\u00e1neos<\/a> que se crearon en torno a esta explosi\u00f3n en el n\u00famero de visitantes, Lamela ha dejado claro, que, al margen e otras figuras legales de protecci\u00f3n, su apuesta es \u00abuna visi\u00f3n micro, sencilla\u00bb. \u00abLas ciudades tienen que cuidarse con par\u00e1metros b\u00e1sicos: ordenar, limpiar, pintar, embellecer y enjardinar\u00bb, ha afirmado. <\/p>\n<p class=\"v-p\">\u00abTorremolinos tiene un n\u00facleo urbano muy interesante. Los edificios cuidados, viales bien pavimentados y enjardinados y un mobiliario adecuado, para mi, ser\u00eda suficiente. Eso ya te convierte en una ciudad atractiva y agradable y que comienza a atraer gente\u00bb, ha insistido Lamela. <\/p>\n<p class=\"v-p\">Uno y otro han coincidido en que, para que el sello Torremolinos perdure, aunque reinventado, la apuesta podr\u00eda ser romper la estacionalidad y propiciar que el que acuda a la ciudad lo haga atra\u00eddo por las facilidades para \u00abtrabajar y descansar\u00bb. \u00abEl turismo es una industria f\u00e1cil que da resultados, pero puede ocurrir como los jardines con eucaliptos, que es malo a la larga. Un plan es un instrumento de paciencia\u00bb, ha apuntado La-Hoz, que ha reconocido que esta actividad ha generado \u00bbdesequilibrios\u00ab en buena parte del pa\u00eds, incluso, en las \u00e1reas rurales.<\/p>\n<p class=\"v-p\">\u00abTenemos diagnosticados y compartimos muchas de las virtudes y problemas de la que se ha convertido en una de las zonas productivas m\u00e1s pujantes de Espa\u00f1a. Nuestro planeamiento debe potenciar ventajas, como es una clara inercia en el crecimiento de poblaci\u00f3n, casi un milagro respecto al conjunto del pa\u00eds, pero tambi\u00e9n haciendo propios retos como la mejora de la movilidad, la respuesta a la escasez de vivienda y la interrelaci\u00f3n entre la ciudad y su entorno natural\u00bb, ha asegurado la alcaldesa en sus palabras de cierre de este foro. <\/p>\n","protected":false},"excerpt":{"rendered":"No son los encargados de dise\u00f1ar las nuevas herramientas de planeamiento urban\u00edstico de Torremolinos, pero su presencia en&hellip;\n","protected":false},"author":2,"featured_media":164828,"comment_status":"","ping_status":"","sticky":false,"template":"","format":"standard","meta":{"footnotes":""},"categories":[173],"tags":[3739,229,233,231,230,232,234,1563,48585,146,147,25,24,15228,22099,804,48584,48583,23,48586,42886,2965],"class_list":{"0":"post-164827","1":"post","2":"type-post","3":"status-publish","4":"format-standard","5":"has-post-thumbnail","7":"category-arte-y-diseno","8":"tag-arquitectos","9":"tag-arte","10":"tag-arte-y-diseno","11":"tag-arts","12":"tag-arts-and-design","13":"tag-design","14":"tag-diseno","15":"tag-dos","16":"tag-embellecer","17":"tag-entertainment","18":"tag-entretenimiento","19":"tag-es","20":"tag-espana","21":"tag-icono","22":"tag-limpiar","23":"tag-mejores","24":"tag-ordenar","25":"tag-productivo","26":"tag-spain","27":"tag-sugerencias","28":"tag-torremolinos","29":"tag-urbanismo"},"share_on_mastodon":{"url":"","error":""},"_links":{"self":[{"href":"https:\/\/www.europesays.com\/es\/wp-json\/wp\/v2\/posts\/164827","targetHints":{"allow":["GET"]}}],"collection":[{"href":"https:\/\/www.europesays.com\/es\/wp-json\/wp\/v2\/posts"}],"about":[{"href":"https:\/\/www.europesays.com\/es\/wp-json\/wp\/v2\/types\/post"}],"author":[{"embeddable":true,"href":"https:\/\/www.europesays.com\/es\/wp-json\/wp\/v2\/users\/2"}],"replies":[{"embeddable":true,"href":"https:\/\/www.europesays.com\/es\/wp-json\/wp\/v2\/comments?post=164827"}],"version-history":[{"count":0,"href":"https:\/\/www.europesays.com\/es\/wp-json\/wp\/v2\/posts\/164827\/revisions"}],"wp:featuredmedia":[{"embeddable":true,"href":"https:\/\/www.europesays.com\/es\/wp-json\/wp\/v2\/media\/164828"}],"wp:attachment":[{"href":"https:\/\/www.europesays.com\/es\/wp-json\/wp\/v2\/media?parent=164827"}],"wp:term":[{"taxonomy":"category","embeddable":true,"href":"https:\/\/www.europesays.com\/es\/wp-json\/wp\/v2\/categories?post=164827"},{"taxonomy":"post_tag","embeddable":true,"href":"https:\/\/www.europesays.com\/es\/wp-json\/wp\/v2\/tags?post=164827"}],"curies":[{"name":"wp","href":"https:\/\/api.w.org\/{rel}","templated":true}]}}