{"id":164847,"date":"2025-10-09T10:18:17","date_gmt":"2025-10-09T10:18:17","guid":{"rendered":"https:\/\/www.europesays.com\/es\/164847\/"},"modified":"2025-10-09T10:18:17","modified_gmt":"2025-10-09T10:18:17","slug":"el-plan-de-ayuso-para-celebrar-la-hispanidad-en-las-aulas-desata-las-criticas-en-la-comunidad-educativa-tiene-un-enfoque-franquista-noticias-de-madrid","status":"publish","type":"post","link":"https:\/\/www.europesays.com\/es\/164847\/","title":{"rendered":"El plan de Ayuso para celebrar la Hispanidad en las aulas desata las cr\u00edticas en la comunidad educativa: \u201cTiene un enfoque franquista\u201d | Noticias de Madrid"},"content":{"rendered":"<p class=\"\">El Ejecutivo de la Comunidad de Madrid desarrolla desde este lunes la Semana de la Hispanidad en educaci\u00f3n. As\u00ed se lo ha comunicado a directores de colegios e institutos la Direcci\u00f3n General de Biling\u00fcismo y Calidad de la Ense\u00f1anza, perteneciente a la Consejer\u00eda de Educaci\u00f3n: \u201cLe animamos a realizar actividades para celebrar esta festividad en su centro educativo\u201d. Con el objetivo de \u201cpromocionar nuestra mejor herencia cultural\u201d, les ofrecen materiales did\u00e1cticos para que alumnos y docentes lleven a cabo iniciativas \u201cque permitan generar un <a href=\"https:\/\/elpais.com\/espana\/madrid\/2025-10-05\/madrid-paga-400000-euros-para-vender-por-tv-en-ee-uu-y-mexico-el-festival-de-la-hispanidad-de-ayuso-y-la-region-como-destino-turistico.html\" target=\"_self\" rel=\"nofollow noopener\" title=\"https:\/\/elpais.com\/espana\/madrid\/2025-10-05\/madrid-paga-400000-euros-para-vender-por-tv-en-ee-uu-y-mexico-el-festival-de-la-hispanidad-de-ayuso-y-la-region-como-destino-turistico.html\">ambiente de celebraci\u00f3n en torno a la Hispanidad<\/a>\u201d. Pero la propuesta desata las cr\u00edticas entre familias, docentes, historiadores y asociaciones.<\/p>\n<p class=\"\">Comisiones Obreras informa de que los centros p\u00fablicos han recibido \u201ccon disgusto generalizado y por tercer a\u00f1o consecutivo\u201d la propuesta. Comunica que la mayor\u00eda de los colegios e institutos insisten en que no van a aplicar estas iniciativas porque consideran que no tienen inter\u00e9s educativo y pedag\u00f3gico. \u201cInterfiere una vez m\u00e1s con la autonom\u00eda de los centros\u201d, denuncia el sindicato tras asegurar que la Consejer\u00eda de Educaci\u00f3n ha actuado ignorando los procedimientos exigidos para la programaci\u00f3n general anual, que deben ser aprobados por el Consejo Escolar.<\/p>\n<p class=\"\">Son actividades voluntarias para los centros educativos y los profesores durante las horas lectivas, pero si los docentes deciden llevarlas a cabo, los alumnos deben atender en el aula a estos contenidos \u201ccentrados en <a href=\"https:\/\/elpais.com\/cultura\/2018\/11\/12\/actualidad\/1542050820_331031.html\" target=\"_self\" rel=\"nofollow noopener\" title=\"https:\/\/elpais.com\/cultura\/2018\/11\/12\/actualidad\/1542050820_331031.html\">los viajes de Crist\u00f3bal Col\u00f3n<\/a>; los pueblos originarios de Am\u00e9rica; el encuentro de dos mundos; la lengua espa\u00f1ola como puente cultural; la gastronom\u00eda como herencia compartida y el arte y la m\u00fasica en la cultura hispana\u201d, seg\u00fan la Consejer\u00eda de Educaci\u00f3n, que asegura que cerca de 700 colegios ofrecen estos d\u00edas men\u00fas inspirados en la gastronom\u00eda hispanoamericana. Uno de ellos es el centro Bachiller Alonso L\u00f3pez de Alcobendas.<\/p>\n<p class=\"\">Pero la profesora de Historia de Am\u00e9rica en la Universidad de Salamanca, <a href=\"https:\/\/elpais.com\/cultura\/2024-10-11\/12-de-octubre-celebrando-colonias-y-virreinatos.html\" target=\"_self\" rel=\"nofollow noopener\" title=\"https:\/\/elpais.com\/cultura\/2024-10-11\/12-de-octubre-celebrando-colonias-y-virreinatos.html\">Izaskun \u00c1lvarez<\/a>, juzga la iniciativa tras recordar que seg\u00fan el Bolet\u00edn Oficial del Estado (BOE), el 12 de octubre es la Fiesta Nacional. \u201cAs\u00ed que fiesta de la hispanidad es un t\u00e9rmino ajeno y excluyente, un invento de la Comunidad de Madrid, lamentablemente cada d\u00eda m\u00e1s extendido, y tiene un enfoque franquista. Es f\u00e1cil consultar el BOE del 7 de octubre de 1987, donde en un escueto texto firmado por <a href=\"https:\/\/elpais.com\/espana\/2025-09-22\/felipe-gonzalez-la-limpieza-etnica-es-insoportable-y-netanyahu-es-el-principal-impulsor-del-antisemitismo.html\" target=\"_self\" rel=\"nofollow noopener\" title=\"https:\/\/elpais.com\/espana\/2025-09-22\/felipe-gonzalez-la-limpieza-etnica-es-insoportable-y-netanyahu-es-el-principal-impulsor-del-antisemitismo.html\">Felipe Gonz\u00e1lez<\/a> no se incluye el t\u00e9rmino hispanidad\u201d, expresa.<\/p>\n<p class=\"\">Recuerda que en 1918, durante el reinado de <a href=\"https:\/\/elpais.com\/elpais\/2020\/07\/15\/icon\/1594801844_900794.html\" target=\"_self\" rel=\"nofollow noopener\" title=\"https:\/\/elpais.com\/elpais\/2020\/07\/15\/icon\/1594801844_900794.html\">Alfonso XIII<\/a>, se declar\u00f3 la Fiesta de la Raza. El objetivo era celebrar los lazos entre Espa\u00f1a y Am\u00e9rica Latina bajo una idea hispana com\u00fan. Tras la Guerra Civil, el dictador Francisco Franco mantuvo el 12 de octubre como fecha oficial, pero cambi\u00f3 su sentido y su nombre. En 1958, el r\u00e9gimen la rebautiz\u00f3 oficialmente como D\u00eda de la Hispanidad para exaltar la unidad cat\u00f3lica, imperial y cultural, adem\u00e1s de buscar aliados en Am\u00e9rica Latina, bajo un concepto de hermandad espiritual, en un momento de <a href=\"https:\/\/elpais.com\/cultura\/2022-03-07\/franco-soborno-sin-exito-a-congresistas-estadounidenses-para-salir-del-aislamiento.html\" target=\"_self\" rel=\"nofollow noopener\" title=\"https:\/\/elpais.com\/cultura\/2022-03-07\/franco-soborno-sin-exito-a-congresistas-estadounidenses-para-salir-del-aislamiento.html\">aislamiento diplom\u00e1tico<\/a> europeo, seg\u00fan explica \u00c1lvarez.<\/p>\n<p class=\"\">En el marco de la celebraci\u00f3n Hispanidad 2025 en los centros escolares, la Comunidad de Madrid fomenta \u201cretos exploradores\u201d. En los institutos el proyecto propone reforzar mediante una actividad el conocimiento sobre <a href=\"https:\/\/elpais.com\/elpais\/2016\/06\/09\/ciencia\/1465489189_275680.html\" target=\"_self\" rel=\"nofollow noopener\" title=\"https:\/\/elpais.com\/elpais\/2016\/06\/09\/ciencia\/1465489189_275680.html\">los viajes de Col\u00f3n a Am\u00e9rica<\/a> a trav\u00e9s de la investigaci\u00f3n de unas p\u00e1ginas de su diario en la asignatura de Geograf\u00eda e Historia. <\/p>\n<p class=\"\">Daniel Monta\u00f1ez, exprofesor de esta materia en el Instituto Tirso de Molina de Vallecas, donde ejerci\u00f3 como docente hasta enero, cuando empez\u00f3 a dar clases en la Universidad Complutense, no ve bien la propuesta did\u00e1ctica. \u201cSi la actividad se centra en el diario de Col\u00f3n, no es equilibrada, se ignora la visi\u00f3n de los vencidos\u201d, explica. En Lengua Castellana y Literatura, la iniciativa \u201cExpedici\u00f3n Origen\u201d busca que el alumnado reconozca la riqueza ling\u00fc\u00edstica de Am\u00e9rica y c\u00f3mo las lenguas ind\u00edgenas han influido en el espa\u00f1ol actual. <\/p>\n<p class=\"\">\u201cEsta actividad no cuestiona por qu\u00e9<a href=\"https:\/\/elpais.com\/planeta-futuro\/2020-10-12\/las-lenguas-indigenas-de-america-latina-se-refugian-en-internet-para-evitar-su-extincion.html\" target=\"_self\" rel=\"nofollow noopener\" title=\"https:\/\/elpais.com\/planeta-futuro\/2020-10-12\/las-lenguas-indigenas-de-america-latina-se-refugian-en-internet-para-evitar-su-extincion.html\"> estas lenguas casi han desaparecido<\/a>. Reflejar que hubo un mestizaje cultural positivo con una herencia maravillosa es ideolog\u00eda y esconde los conflictos que ocurrieron\u201d, denuncia el profesor. Tambi\u00e9n el Ejecutivo auton\u00f3mico pretende profundizar en \u201cun periodo rico en descubrimientos geogr\u00e1ficos e intercambios culturales y comerciales, donde la corona castellana tuvo un papel preeminente\u201d. <\/p>\n<p class=\"\">Monta\u00f1ez fue delegado sindical y asegura que Madrid es la \u00fanica autonom\u00eda que dise\u00f1a este tipo de actividades en los colegios, \u201cni siquiera en otras comunidades gobernadas por el PP sucede esto\u201d, matiza. <\/p>\n<p><img decoding=\"auto\" class=\"_re lazyload a_m-h\" height=\"219\"  width=\"414\"  src=\"https:\/\/www.europesays.com\/es\/wp-content\/uploads\/2025\/10\/UXJX6CHWRBA7PFAMKJMEOQC2LA.jpg\" loading=\"lazy\"\/>La Comunidad de Madrid celebra Hispanidad 2025 en un centro educativo, este martes.Comunidad de Madrid<\/p>\n<p class=\"\">A la Federaci\u00f3n auton\u00f3mica de Asociaciones de Padres y Madres del Alumnado Francisco G\u00edner de los R\u00edos la propuesta did\u00e1ctica le parece mejorable porque en los pa\u00edses latinoamericanos se adopta otro enfoque. Recuerda que en Venezuela, por ejemplo, el 12 de octubre se conmemora el <a href=\"https:\/\/elpais.com\/mexico\/2023-10-12\/dia-de-la-raza-o-dia-de-la-resistencia-indigena-preguntas-para-conmemorar-el-12-de-octubre.html\" target=\"_self\" rel=\"nofollow noopener\" title=\"https:\/\/elpais.com\/mexico\/2023-10-12\/dia-de-la-raza-o-dia-de-la-resistencia-indigena-preguntas-para-conmemorar-el-12-de-octubre.html\">D\u00eda de la Resistencia Ind\u00edgena<\/a>. \u201cEn toda historia siempre hay m\u00e1s de una versi\u00f3n, es importante conocerlas todas para no cometer los mismos errores\u201c, expresa la entidad. <\/p>\n<p class=\"\">La historiadora \u00c1lvarez considera que esta iniciativa pretende reflejar una idea dulcificada de la colonizaci\u00f3n que, seg\u00fan explica, elimin\u00f3 las religiones y creencias ind\u00edgenas, consideradas paganas desde la perspectiva cristiana, adem\u00e1s de las costumbres que para los europeos eran b\u00e1rbaras. \u201cLa Comunidad de Madrid se mete en camisas de once varas\u201d, denuncia. <\/p>\n<p class=\"\">De todas las actividades propuestas hay una que no ve mal, \u201cHistoria en las Paredes\u201d para conocer la historia de M\u00e9xico a trav\u00e9s de los murales de Diego Rivera. \u201cAlgunos de ellos ilustran la violencia y la crueldad de los conquistadores espa\u00f1oles\u201d, indica. Pero considera incoherente que los libros de secundaria \u201cdediquen dos p\u00e1ginas\u201d a este momento hist\u00f3rico, mientras el Gobierno de Isabel D\u00edaz Ayuso pretende destinar una semana lectiva a la conmemoraci\u00f3n del 12 de octubre en las aulas. <\/p>\n<p class=\"\">\u201cEs una acci\u00f3n educativa pol\u00edtica en un intento de ser adalid de la defensa de la conquista y la colonizaci\u00f3n. \u201d\u00bfPor qu\u00e9 esto s\u00ed y <a href=\"https:\/\/elpais.com\/espana\/madrid\/2025-10-03\/profesores-y-familias-salen-a-las-calles-de-madrid-contra-la-censura-escolar-sobre-gaza-no-nos-van-a-callar.html\" target=\"_self\" rel=\"nofollow noopener\" title=\"https:\/\/elpais.com\/espana\/madrid\/2025-10-03\/profesores-y-familias-salen-a-las-calles-de-madrid-contra-la-censura-escolar-sobre-gaza-no-nos-van-a-callar.html\">las muestras de solidaridad con Gaza<\/a> en las aulas no?\u201c, se pregunta \u00c1lvarez. El profesor Monta\u00f1ez recibi\u00f3 el a\u00f1o pasado la propuesta did\u00e1ctica de la Consejer\u00eda, pero no la ejecut\u00f3 en sus clases. Reconoce que la gu\u00eda de este a\u00f1o es m\u00e1s moderada que la de 2024, aunque considera que fomenta un enfoque sesgado hacia la \u201c<a href=\"https:\/\/elpais.com\/opinion\/2024-02-03\/el-colonialismo-y-la-leyenda-rosa-espanola.html\" target=\"_self\" rel=\"nofollow noopener\" title=\"https:\/\/elpais.com\/opinion\/2024-02-03\/el-colonialismo-y-la-leyenda-rosa-espanola.html\">leyenda rosa<\/a>\u201d, una idealizaci\u00f3n de la acci\u00f3n espa\u00f1ola en Am\u00e9rica. <\/p>\n<p>\u00bfAlgo que celebrar?<\/p>\n<p class=\"\">\u201cEl profesorado siente que lo persiguen con estos temas. El a\u00f1o pasado llamaban a los directores para preguntar si ejecutaban las propuestas\u201d, cuenta. Este curso la Direcci\u00f3n de \u00c1rea Territorial de Madrid Capital ha transmitido a los centros que les agradece el reporte de las actividades que realizan. Carlos D\u00edez, profesor de Historia reci\u00e9n jubilado, tambi\u00e9n ignor\u00f3 la propuesta de la Consejer\u00eda de Educaci\u00f3n el curso pasado y plante\u00f3 en clase un debate llamado 12 de Octubre: \u00bfAlgo que celebrar? <\/p>\n<p class=\"\">Sus exalumnos buscaron qu\u00e9 se hace en esta fecha en los pa\u00edses latinoamericanos, estudiaron los viajes de exploraci\u00f3n, pero tambi\u00e9n los de conquista y plantearon c\u00f3mo ser\u00eda la colonizaci\u00f3n a la inversa. A su juicio, no puede mostrarse un encuentro feliz entre culturas, cuando se intercambiaron productos por personas esclavizadas en la costa africana. <\/p>\n<p class=\"\">La sugerencia de la Consejer\u00eda, explica Comisiones Obreras, se presenta a los equipos directivos enmarcada dentro de una propuesta de tres \u201ciniciativas de especial relevancia en el \u00e1mbito educativo y cultural durante el presente curso escolar\u201d. Por ello, los profesores fueron invitados a unas sesiones formativas, seg\u00fan comenta el sindicato antes de denunciar la cancelaci\u00f3n <a href=\"https:\/\/elpais.com\/espana\/2025-09-25\/la-comunidad-de-madrid-retira-un-curso-para-formar-al-profesorado-sobre-como-abordar-el-franquismo-y-la-memoria-en-las-aulas.html\" target=\"_self\" rel=\"nofollow noopener\" title=\"https:\/\/elpais.com\/espana\/2025-09-25\/la-comunidad-de-madrid-retira-un-curso-para-formar-al-profesorado-sobre-como-abordar-el-franquismo-y-la-memoria-en-las-aulas.html\">del curso Abordar el franquismo<\/a> y la memoria democr\u00e1tica en las aulas. <\/p>\n<p class=\"\">La portavoz boliviana de la ONG <a href=\"https:\/\/elpais.com\/ccaa\/2018\/12\/26\/madrid\/1545827836_403012.html\" target=\"_self\" rel=\"nofollow noopener\" title=\"https:\/\/elpais.com\/ccaa\/2018\/12\/26\/madrid\/1545827836_403012.html\">SOS Racismo Madrid<\/a>, Marita Zambrana, recuerda que la colonizaci\u00f3n provoc\u00f3 muertos, dolor y una desigualdad todav\u00eda muy latente. \u201cNo hay nada que celebrar\u201d, denuncia.<\/p>\n","protected":false},"excerpt":{"rendered":"El Ejecutivo de la Comunidad de Madrid desarrolla desde este lunes la Semana de la Hispanidad en educaci\u00f3n.&hellip;\n","protected":false},"author":2,"featured_media":164848,"comment_status":"","ping_status":"","sticky":false,"template":"","format":"standard","meta":{"footnotes":""},"categories":[8],"tags":[889,30365,17,18,1467,48589,48588,25,24,9486,13,14,11,448,32310,3515,19,20,1804,205,892,9,10,15,16,8150,23,12,21,22],"class_list":{"0":"post-164847","1":"post","2":"type-post","3":"status-publish","4":"format-standard","5":"has-post-thumbnail","7":"category-espana","8":"tag-america","9":"tag-aulas","10":"tag-breaking-news","11":"tag-breakingnews","12":"tag-comunidad-de-madrid","13":"tag-cristobal-colon","14":"tag-dia-fiesta-nacional","15":"tag-es","16":"tag-espana","17":"tag-estudiantes","18":"tag-featured-news","19":"tag-featurednews","20":"tag-headlines","21":"tag-historia","22":"tag-historiadores","23":"tag-isabel-diaz-ayuso","24":"tag-latest-news","25":"tag-latestnews","26":"tag-latinoamerica","27":"tag-madrid","28":"tag-migracion","29":"tag-news","30":"tag-noticias","31":"tag-noticias-destacadas","32":"tag-noticiasdestacadas","33":"tag-politica-educativa","34":"tag-spain","35":"tag-titulares","36":"tag-ultimas-noticias","37":"tag-ultimasnoticias"},"share_on_mastodon":{"url":"","error":""},"_links":{"self":[{"href":"https:\/\/www.europesays.com\/es\/wp-json\/wp\/v2\/posts\/164847","targetHints":{"allow":["GET"]}}],"collection":[{"href":"https:\/\/www.europesays.com\/es\/wp-json\/wp\/v2\/posts"}],"about":[{"href":"https:\/\/www.europesays.com\/es\/wp-json\/wp\/v2\/types\/post"}],"author":[{"embeddable":true,"href":"https:\/\/www.europesays.com\/es\/wp-json\/wp\/v2\/users\/2"}],"replies":[{"embeddable":true,"href":"https:\/\/www.europesays.com\/es\/wp-json\/wp\/v2\/comments?post=164847"}],"version-history":[{"count":0,"href":"https:\/\/www.europesays.com\/es\/wp-json\/wp\/v2\/posts\/164847\/revisions"}],"wp:featuredmedia":[{"embeddable":true,"href":"https:\/\/www.europesays.com\/es\/wp-json\/wp\/v2\/media\/164848"}],"wp:attachment":[{"href":"https:\/\/www.europesays.com\/es\/wp-json\/wp\/v2\/media?parent=164847"}],"wp:term":[{"taxonomy":"category","embeddable":true,"href":"https:\/\/www.europesays.com\/es\/wp-json\/wp\/v2\/categories?post=164847"},{"taxonomy":"post_tag","embeddable":true,"href":"https:\/\/www.europesays.com\/es\/wp-json\/wp\/v2\/tags?post=164847"}],"curies":[{"name":"wp","href":"https:\/\/api.w.org\/{rel}","templated":true}]}}