{"id":164851,"date":"2025-10-09T10:20:13","date_gmt":"2025-10-09T10:20:13","guid":{"rendered":"https:\/\/www.europesays.com\/es\/164851\/"},"modified":"2025-10-09T10:20:13","modified_gmt":"2025-10-09T10:20:13","slug":"david-pisonero-deja-de-ser-seleccionador-de-israel","status":"publish","type":"post","link":"https:\/\/www.europesays.com\/es\/164851\/","title":{"rendered":"David Pisonero deja de ser seleccionador de Israel"},"content":{"rendered":"<p><a class=\"v-mdl-ath__fig-a\" href=\"https:\/\/www.elnortedecastilla.es\/autor\/luis-miguel-de-pablos-682.html\" title=\"Luis Miguel de Pablos\" rel=\"nofollow noopener\" target=\"_blank\"><br \/>\n<img decoding=\"async\" class=\"v-mdl-ath__img\" src=\"https:\/\/www.europesays.com\/es\/wp-content\/uploads\/2025\/09\/autor-682-foto-1.jpeg\" alt=\"Luis Miguel de Pablos\"\/><br \/>\n<\/a><\/p>\n<p class=\"v-mdl-ath__p v-mdl-ath__p--6\">\nJueves, 9 de octubre 2025, 11:07<\/p>\n<p class=\"v-p\">David Pisonero deja el cargo de seleccionador de Israel apenas un a\u00f1o despu\u00e9s de asumir su banquillo. La situaci\u00f3n socio-pol\u00edtica que se vive en la zona de Oriente Pr\u00f3ximo ha terminado por ejercer de detonante de la marcha del t\u00e9cnico vallisoletano, que ya no estar\u00e1 en la ventana de selecciones que se abre en la \u00faltima semana de octubre. \u00abMe ofrecieron renovar pero no quise seguir. Ahora creo que siguen sin entrenador\u00bb, se\u00f1ala.<\/p>\n<p class=\"v-p\">Pisonero <a href=\"https:\/\/www.elnortedecastilla.es\/deportes\/balonmano\/david-pisonero-nuevo-seleccionador-israel-20240918104423-nt.html\" data-voc-vtm-id=\"in-text-traffic\" title=\"acept\u00f3 la oferta\" data-mrf-link=\"www.elnortedecastilla.es\" rel=\"nofollow noopener\" target=\"_blank\">acept\u00f3 la oferta<\/a> de la federaci\u00f3n israel\u00ed en agosto-septiembre de 2024, con un contrato por un a\u00f1o que se deb\u00eda revisar ahora, y en un acuerdo que le ha llevado a dirigir durante los tres parones que tuvo la temporada pasada. En ninguno de ellos hubo de pisar suelo israel\u00ed por lo que su seguridad ha estado garantizada en todo momento. Por entonces, y tal y como se anunci\u00f3, la federaci\u00f3n persegu\u00eda \u00abun impulso al balonmano del pa\u00eds a trav\u00e9s de su selecci\u00f3n absoluta con un estilo moderno y disciplinado, de corte t\u00e1ctico y un juego r\u00e1pido como representa el modelo espa\u00f1ol\u00bb y caracteriza tambi\u00e9n al Recoletas Atl\u00e9tico. Por entonces, Pisonero <a href=\"https:\/\/www.elnortedecastilla.es\/deportes\/balonmano\/pisonero-israel-entrenador-analizo-solo-deportivo-20240919124301-nt.html\" data-voc-vtm-id=\"in-text-traffic\" title=\"viv\u00eda al margen \" data-mrf-link=\"www.elnortedecastilla.es\" rel=\"nofollow noopener\" target=\"_blank\">viv\u00eda al margen <\/a>de la cruenta situaci\u00f3n que hab\u00eda en la franja de Gaza entre Israel y Ham\u00e1s, que hoy han anunciado un <a href=\"https:\/\/www.elnortedecastilla.es\/internacional\/oriente-proximo\/israel-hamas-ultiman-acuerdo-tregua-inmediata-liberacion-20251008200938-ntrc.html\" data-voc-vtm-id=\"in-text-traffic\" title=\"acuerdo de paz\" data-mrf-link=\"www.elnortedecastilla.es\" rel=\"nofollow noopener\" target=\"_blank\">acuerdo de paz<\/a>. \u00abSoy entrenador de balonmano y no me da para mucho m\u00e1s. No convivo al margen de nada y soy sensible con lo que vivimos, pero el factor que analizo es el deportivo\u00bb, aseguraba entonces.<\/p>\n<p class=\"v-p\">El t\u00e9cnico vallisoletano, que tuvo su primer contacto con la selecci\u00f3n de Israel en el <a href=\"https:\/\/www.elnortedecastilla.es\/deportes\/balonmano\/debut-pisonero-israel-lleva-amsterdam-medio-caza-20241108223557-nt.html\" data-voc-vtm-id=\"in-text-traffic\" title=\"mes de noviembre \" data-mrf-link=\"www.elnortedecastilla.es\" rel=\"nofollow noopener\" target=\"_blank\">mes de noviembre <\/a>de 2024, ha afrontado en este tiempo la fase de grupos clasificatoria para el Campeonato de Europa 2026 que acoger\u00e1n Dinamarca, Suecia y Noruega. En este \u00faltimo a\u00f1o se ha envfrentado con la Polonia que dirige otro vallisoletano, Jota Gonz\u00e1lez, Portugal y Ruman\u00eda.<\/p>\n<p class=\"v-p\">El inter\u00e9s de la federaci\u00f3n israel\u00ed le lleg\u00f3 a trav\u00e9s de un exjugador de la Liga Asobal, Chen Pomerantz, que se puso en contacto con Pisonero para comentarle la posibilidad de asumir el cargo de seleccionador. \u00abLo veo como un desaf\u00edo personal muy importante\u00bb, comentaba por enronces el actual preparador del Recoletas Atl\u00e9tico.<\/p>\n<p>Reporta un error<\/p>\n","protected":false},"excerpt":{"rendered":"Jueves, 9 de octubre 2025, 11:07 David Pisonero deja el cargo de seleccionador de Israel apenas un a\u00f1o&hellip;\n","protected":false},"author":2,"featured_media":164852,"comment_status":"","ping_status":"","sticky":false,"template":"","format":"standard","meta":{"footnotes":""},"categories":[278],"tags":[376,2429,51,168,25,24,375,74,48590,24921,23,167],"class_list":{"0":"post-164851","1":"post","2":"type-post","3":"status-publish","4":"format-standard","5":"has-post-thumbnail","7":"category-balonmano","8":"tag-balonmano","9":"tag-david","10":"tag-deja","11":"tag-deportes","12":"tag-es","13":"tag-espana","14":"tag-handball","15":"tag-israel","16":"tag-pisonero","17":"tag-seleccionador","18":"tag-spain","19":"tag-sports"},"share_on_mastodon":{"url":"","error":""},"_links":{"self":[{"href":"https:\/\/www.europesays.com\/es\/wp-json\/wp\/v2\/posts\/164851","targetHints":{"allow":["GET"]}}],"collection":[{"href":"https:\/\/www.europesays.com\/es\/wp-json\/wp\/v2\/posts"}],"about":[{"href":"https:\/\/www.europesays.com\/es\/wp-json\/wp\/v2\/types\/post"}],"author":[{"embeddable":true,"href":"https:\/\/www.europesays.com\/es\/wp-json\/wp\/v2\/users\/2"}],"replies":[{"embeddable":true,"href":"https:\/\/www.europesays.com\/es\/wp-json\/wp\/v2\/comments?post=164851"}],"version-history":[{"count":0,"href":"https:\/\/www.europesays.com\/es\/wp-json\/wp\/v2\/posts\/164851\/revisions"}],"wp:featuredmedia":[{"embeddable":true,"href":"https:\/\/www.europesays.com\/es\/wp-json\/wp\/v2\/media\/164852"}],"wp:attachment":[{"href":"https:\/\/www.europesays.com\/es\/wp-json\/wp\/v2\/media?parent=164851"}],"wp:term":[{"taxonomy":"category","embeddable":true,"href":"https:\/\/www.europesays.com\/es\/wp-json\/wp\/v2\/categories?post=164851"},{"taxonomy":"post_tag","embeddable":true,"href":"https:\/\/www.europesays.com\/es\/wp-json\/wp\/v2\/tags?post=164851"}],"curies":[{"name":"wp","href":"https:\/\/api.w.org\/{rel}","templated":true}]}}