{"id":164854,"date":"2025-10-09T10:22:08","date_gmt":"2025-10-09T10:22:08","guid":{"rendered":"https:\/\/www.europesays.com\/es\/164854\/"},"modified":"2025-10-09T10:22:08","modified_gmt":"2025-10-09T10:22:08","slug":"un-directivo-del-propietario-de-la-ufc-compra-el-mutua-madrid-open","status":"publish","type":"post","link":"https:\/\/www.europesays.com\/es\/164854\/","title":{"rendered":"Un directivo del propietario de la UFC compra el Mutua Madrid Open"},"content":{"rendered":"<p>Match point en la Caja M\u00e1gica. La empresa fundada por Ariel Emanuel, Mari, se ha hecho con la cartera de eventos internacionales de tenis de IMG y de Frieze, entre los que <strong>se encuentran el Mutua Madrid Open<\/strong>. As\u00ed lo han confirmado las partes en un comunicado, aunque no ha dado m\u00e1s detalles sobre aspectos econ\u00f3micos.\u00a0<\/p>\n<p>\u00a0<\/p>\n<p>De este modo, el torneo de tenis que se celebra en la Caja M\u00e1gica de Madrid pasa a estar <strong>bajo el control de la entidad fundada por el que tambi\u00e9n es\u00a0director de TKO Group Holdings<\/strong>, la matriz de la Ultimate Fighting Championship (UFC) y la World Wrestling Entertainment (WWE).\u00a0<\/p>\n<p>\u00a0<\/p>\n<p>\u201c<strong>Mari se lanz\u00f3 hoy tras la adquisici\u00f3n de la cartera de eventos internacionales de tenis de IMG y de Frieze <\/strong>-la influyente organizaci\u00f3n mundial de arte contempor\u00e1neo-, as\u00ed como la firma de un acuerdo para adquirir Barrett-Jackson, la marca premium de subastas de coches de colecci\u00f3n y estilo de vida automovil\u00edstico\u201d, se le\u00eda en el comunicado publicado ayer por la organizaci\u00f3n del torneo madrile\u00f1o.\u00a0<\/p>\n<p>\u00a0<\/p>\n<p>Entre el equipo ejecutivo de Mari se encuentran figuras destacadas como Matt Cohn, como socio director, y Ben Enowitz, quien ejerce como director financiero (CFO, por sus siglas en ingl\u00e9s). Adem\u00e1s, cuenta <strong>inversores como Luka Doncic, Anthony Edwards o Sabrina Ionescu<\/strong>.\u00a0<\/p>\n<p>\u00a0<\/p>\n<p>\u00a0<\/p>\n<p class=\"news_featured_text\">En la edici\u00f3n de 2025, el Mutua Madrid Open gener\u00f3 un impacto econ\u00f3mico de 230 millones de euros\u00a0<\/p>\n<p>\u00a0<\/p>\n<p>\u00a0<\/p>\n<p>Desde octubre de 2024, <a href=\"https:\/\/www.mundodeportivo.com\/palco23\/competiciones\/open-de-tenis-de-madrid-cambiara-de-manos-endeavor-lo-pone-a-la-venta\" rel=\"nofollow noopener\" target=\"_blank\"><strong>el Mutua Madrid Open estaba en el mercado<\/strong><\/a>. El grupo estadounidense Endeavor estaba ya entonces sondeando al mercado para vender el Open de Tenis de Madrid dos a\u00f1os y medio despu\u00e9s de su adquisici\u00f3n.\u00a0Para ello fich\u00f3 a The Raine Group, seg\u00fan se desprend\u00eda de un comunicado remitido a la Comisi\u00f3n de Bolsa y Valores (SEC, por sus siglas en ingl\u00e9s).\u00a0<\/p>\n<p>\u00a0<\/p>\n<p>En concreto, Endeavor explic\u00f3 ante el regulador estadounidense que hab\u00eda comenzado \u201cuna revisi\u00f3n y posible venta\u201d de algunos de los eventos deportivos de su propiedad, entre los que se encontraban el susodicho y el Miami Open. Esta operaci\u00f3n era parte de la entente con el fondo Silver Lake, <strong>que adquiri\u00f3 Endeavor por una cifra estimada de 13.000 millones de euros<\/strong>.\u00a0<\/p>\n<p>\u00a0<\/p>\n<p>En la edici\u00f3n de 2025, <a href=\"https:\/\/www.mundodeportivo.com\/palco23\/competiciones\/el-mutua-madrid-open-genera-un-retorno-de-230-millones-para-la-capital\" rel=\"nofollow noopener\" target=\"_blank\"><strong>el Mutua Madrid Open gener\u00f3 un impacto econ\u00f3mico de 230 millones de euros,<\/strong><\/a> una cantidad que esperan sea superior en pr\u00f3ximas ediciones con la\u00a0construcci\u00f3n de un nuevo estadio\u00a0que\u00a0a\u00f1adir\u00e1 8.000 plazas al aforo\u00a0hasta contar con un total de 26.000.\u00a0 \u00a0<\/p>\n","protected":false},"excerpt":{"rendered":"Match point en la Caja M\u00e1gica. La empresa fundada por Ariel Emanuel, Mari, se ha hecho con la&hellip;\n","protected":false},"author":2,"featured_media":164855,"comment_status":"","ping_status":"","sticky":false,"template":"","format":"standard","meta":{"footnotes":""},"categories":[276],"tags":[168,25,24,23,167,343],"class_list":{"0":"post-164854","1":"post","2":"type-post","3":"status-publish","4":"format-standard","5":"has-post-thumbnail","7":"category-ufc","8":"tag-deportes","9":"tag-es","10":"tag-espana","11":"tag-spain","12":"tag-sports","13":"tag-ufc"},"share_on_mastodon":{"url":"","error":""},"_links":{"self":[{"href":"https:\/\/www.europesays.com\/es\/wp-json\/wp\/v2\/posts\/164854","targetHints":{"allow":["GET"]}}],"collection":[{"href":"https:\/\/www.europesays.com\/es\/wp-json\/wp\/v2\/posts"}],"about":[{"href":"https:\/\/www.europesays.com\/es\/wp-json\/wp\/v2\/types\/post"}],"author":[{"embeddable":true,"href":"https:\/\/www.europesays.com\/es\/wp-json\/wp\/v2\/users\/2"}],"replies":[{"embeddable":true,"href":"https:\/\/www.europesays.com\/es\/wp-json\/wp\/v2\/comments?post=164854"}],"version-history":[{"count":0,"href":"https:\/\/www.europesays.com\/es\/wp-json\/wp\/v2\/posts\/164854\/revisions"}],"wp:featuredmedia":[{"embeddable":true,"href":"https:\/\/www.europesays.com\/es\/wp-json\/wp\/v2\/media\/164855"}],"wp:attachment":[{"href":"https:\/\/www.europesays.com\/es\/wp-json\/wp\/v2\/media?parent=164854"}],"wp:term":[{"taxonomy":"category","embeddable":true,"href":"https:\/\/www.europesays.com\/es\/wp-json\/wp\/v2\/categories?post=164854"},{"taxonomy":"post_tag","embeddable":true,"href":"https:\/\/www.europesays.com\/es\/wp-json\/wp\/v2\/tags?post=164854"}],"curies":[{"name":"wp","href":"https:\/\/api.w.org\/{rel}","templated":true}]}}