{"id":164874,"date":"2025-10-09T10:36:13","date_gmt":"2025-10-09T10:36:13","guid":{"rendered":"https:\/\/www.europesays.com\/es\/164874\/"},"modified":"2025-10-09T10:36:13","modified_gmt":"2025-10-09T10:36:13","slug":"el-ojo-seco-es-un-sintoma-extendido-entre-la-poblacion-afectando-al-27-de-los-espanoles","status":"publish","type":"post","link":"https:\/\/www.europesays.com\/es\/164874\/","title":{"rendered":"El ojo seco es un s\u00edntoma extendido entre la poblaci\u00f3n, afectando al 27% de los espa\u00f1oles"},"content":{"rendered":"<p><b>Casi la mitad de los espa\u00f1oles ha afirmado que los problemas de visi\u00f3n afectan a su capacidad para conducir<\/b> (46 por ciento) y <b>para trabajar <\/b>(43 por ciento), seg\u00fan los resultados del V Bar\u00f3metro de Salud y Bienestar Ocular de Miranza, en el que un 73 y un 17 por ciento de los encuestados ha reconocido usar de forma habitual gafas o lentillas, respectivamente, lo que causa incomodidad hasta a un tercio de ellos.<\/p>\n<p>En profundidad<\/p>\n<p>El 33 por ciento de los m\u00e1s de 1.000 participantes en el estudio tambi\u00e9n han destacado tener problemas para socializar, otro 21 por ciento para hacer deporte y un 17 por ciento ha destacado que estos problemas afectan a sus ganas de salir de casa.<\/p>\n<p>Entre las principales patolog\u00edas oculares diagnosticadas entre los espa\u00f1oles se encuentran la miop\u00eda (37 por ciento), el astigmatismo (36 por ciento) y la presbicia (31,2 por ciento). Entre los s\u00edntomas que m\u00e1s incomodidad provocan se encuentran la visi\u00f3n borrosa, la sensibilidad a la luz, irritaci\u00f3n, picor, escozor, sensaci\u00f3n de p\u00e9rdida de visi\u00f3n, sequedad ocular o lagrimeo.<\/p>\n<p>El deterioro de la visi\u00f3n suele provocar <b>sentimientos de p\u00e9rdida de control sobre lo que se hace, inseguridad, dependencia de otros, frustraci\u00f3n, tristeza o verg\u00fcenza<\/b>.<\/p>\n<p>Pese a los elevados \u00edndices de estos problemas, menos de la mitad de los afectados se ha sometido a tratamientos m\u00e9dico-quir\u00fargicos, con excepci\u00f3n del caso del glaucoma (62 por ciento). A pesar de que una gran mayor\u00eda ha reconocido la importancia de cuidar la visi\u00f3n y de realizarse revisiones anuales, el informe muestra que \u00abninguna franja de edad\u00bb se somete a estas revisiones anuales.<\/p>\n<p>M\u00e1s detalles<\/p>\n<p>Adem\u00e1s, un 41 por ciento de los encuestados ha opinado que sus h\u00e1bitos diarios no afectan a su salud y bienestar ocular, siendo una mayor\u00eda la que lo achaca a condicionantes gen\u00e9ticos. Otro 58 por ciento tambi\u00e9n lo relaciona con la contaminaci\u00f3n, y algo m\u00e1s de la mitad con las horas de sue\u00f1o.<\/p>\n<p>Sin embargo, una menor proporci\u00f3n ha identificado al tabaco y el alcohol (36 por ciento), la alimentaci\u00f3n (34 por ciento) o el ejercicio (18 por ciento) como factores que pueden influir en la visi\u00f3n de las personas.<\/p>\n<p>\u00abEs un hecho que fumar, el alcohol, la mala alimentaci\u00f3n y el sedentarismo afectan a los ojos, un \u00f3rgano vascularizado y que, por tanto, <b>est\u00e1 condicionado por el funcionamiento general del organismo<\/b>. Cuidar los h\u00e1bitos, sin duda, contribuye a una mejor salud y bienestar ocular\u00bb, ha afirmado el oftalm\u00f3logo Marcos Sales durante la presentaci\u00f3n del documento.<\/p>\n<p>Las preocupaciones y el estr\u00e9s tambi\u00e9n pueden afectar al estado de la visi\u00f3n, y aquellas personas que reconocen padecer niveles altos de estr\u00e9s han valorado su salud ocular hasta diez puntos por debajo de quienes dicen sufrirlo en menores proporciones.<b> Algo parecido ocurre con aquellos que afirman no dormir lo suficiente y con los que se declaran como sedentarios<\/b>.<\/p>\n<p>Uno de los principales frenos para avanzar en el cuidado de los ojos identificados en la encuesta es que menos de la mitad cree que la p\u00e9rdida de visi\u00f3n es evitable o modificable, lo que influye \u00ab<b>negativamente<\/b>\u00bb a la hora de modificar h\u00e1bitos como acudir al especialista o someterse a tratamientos.<\/p>\n<p>A tener en cuenta<\/p>\n<p>Por otro lado, la oftalm\u00f3loga y especialista de Miranza Ioana Romero ha destacado que <b>el ojo seco es un s\u00edntoma \u00abcada vez m\u00e1s extendido\u00bb entre la poblaci\u00f3n, afectando ya al 27 por ciento de los espa\u00f1oles<\/b>.<\/p>\n<p>\u00ab<b>El ojo seco est\u00e1 irrumpiendo en la poblaci\u00f3n joven, cuando, tradicionalmente, el s\u00edndrome de sequedad ocular se ha asociado a los mayores<\/b>\u00ab, ha a\u00f1adido Romero, quien ha apuntado a la vida digital como principal condicionante de esta situaci\u00f3n.<\/p>\n<p>Adem\u00e1s, ha expresado que el lagrimeo est\u00e1 \u00abmuy ligado\u00bb y por \u00abparad\u00f3jico que parezca\u00bb al s\u00edndrome del ojo seco. En la encuesta tambi\u00e9n se muestra que solo la mitad de las personas tratadas de ojo seco manifiestan satisfacci\u00f3n con los resultados, frente al 80 por ciento de aquellos pacientes tratados con cirug\u00eda refractaria y de cataratas.<\/p>\n<p>Tras analizar todos los resultados, los autores de la investigaci\u00f3n han situado en 5,23 puntos sobre 10 la salud visual de los espa\u00f1oles, un \u00ab<b>aprobado justo<\/b>\u00bb que se convierte en \u00ab<b>suspenso<\/b>\u00bb si se presta atenci\u00f3n a los grupos de edad de entre 41 a 64 a\u00f1os (4,86) y en los mayores de 65 a\u00f1os (4,84).<\/p>\n<p>Mientras tanto, los j\u00f3venes tienen una mayor valoraci\u00f3n de su salud ocular. Entre los 26 y los 40 a\u00f1os, m\u00e1s del la mitad ha considerado que su salud ocular es buena o excelente, mientras que el porcentaje no llega al 30 por ciento en los otros dos grupos de edad analizados (de los 41 a los 64 y los mayores de 65).<\/p>\n<p>WhatsApp<a href=\"https:\/\/api.whatsapp.com\/send?text=https:\/\/www.eleconomista.es\/salud-bienestar\/enfermedades\/noticias\/13584119\/10\/25\/ioana-romero-oftalmologa-el-ojo-seco-es-un-sintoma-extendido-entre-la-poblacion-afectando-al-27-de-los-espanoles.html?utm_source%3Dwhatsapp%26utm_medium%3Dshare_button&amp;id=1648118629957_whatsapp\" target=\"_blank\" data-action=\"share\/whatsapp\/share\" aria-label=\"Compartir en Whatsapp\" rel=\"nofollow noopener\"><\/a>Facebook<a id=\"fb-share\" href=\"#\" target=\"_blank\" rel=\"noopener noreferrer\" aria-label=\"Compartir en Facebook\"><\/a>Twitter<a href=\"https:\/\/twitter.com\/share?text=Ioana+Romero%2C+oftalm%C3%B3loga%3A+%22El+ojo+seco+es+un+s%C3%ADntoma+extendido+entre+la+poblaci%C3%B3n%2C+afectando+al+27%25+de+los+espa%C3%B1oles%22&amp;url=https:\/\/www.eleconomista.es\/salud-bienestar\/enfermedades\/noticias\/13584119\/10\/25\/ioana-romero-oftalmologa-el-ojo-seco-es-un-sintoma-extendido-entre-la-poblacion-afectando-al-27-de-los-espanoles.html&amp;via=elEconomistaes&amp;id=1648118839245_twitter\" target=\"_blank\" aria-label=\"Compartir en Twitter\" rel=\"nofollow noopener\"><\/a>Linkedin<a href=\"https:\/\/linkedin.com\/share?text=https:\/\/www.eleconomista.es\/salud-bienestar\/enfermedades\/noticias\/13584119\/10\/25\/ioana-romero-oftalmologa-el-ojo-seco-es-un-sintoma-extendido-entre-la-poblacion-afectando-al-27-de-los-espanoles.html&amp;via=elEconomistaes\" target=\"_blank\" aria-label=\"Compartir en linkedin\" rel=\"nofollow noopener\"><\/a>Beloud<a href=\"https:\/\/beloud.com\/share?text=Ioana+Romero%2C+oftalm%C3%B3loga%3A+%22El+ojo+seco+es+un+s%C3%ADntoma+extendido+entre+la+poblaci%C3%B3n%2C+afectando+al+27%25+de+los+espa%C3%B1oles%22&amp;url=https:\/\/www.eleconomista.es\/salud-bienestar\/enfermedades\/noticias\/13584119\/10\/25\/ioana-romero-oftalmologa-el-ojo-seco-es-un-sintoma-extendido-entre-la-poblacion-afectando-al-27-de-los-espanoles.html&amp;via=elEconomistaes&amp;id=1648118839245_beloud\" target=\"_blank\" aria-label=\"Compartir en beloud\" rel=\"nofollow noopener\"><\/a>Bluesky<a href=\"https:\/\/bsky.app\/intent\/compose?text=https:\/\/bsky.app\/intent\/compose?text=https:\/\/www.eleconomista.es\/salud-bienestar\/enfermedades\/noticias\/13584119\/10\/25\/ioana-romero-oftalmologa-el-ojo-seco-es-un-sintoma-extendido-entre-la-poblacion-afectando-al-27-de-los-espanoles.html&amp;url=https:\/\/www.eleconomista.es\/salud-bienestar\/enfermedades\/noticias\/13584119\/10\/25\/ioana-romero-oftalmologa-el-ojo-seco-es-un-sintoma-extendido-entre-la-poblacion-afectando-al-27-de-los-espanoles.html&amp;via=elEconomistaes&amp;id=1648118839245_bluesky\" target=\"_blank\" aria-label=\"Compartir en bluesky\" rel=\"nofollow noopener\"><\/a><\/p>\n<p><script async src=\"https:\/\/platform.twitter.com\/widgets.js\" charset=\"utf-8\"><\/script><\/p>\n","protected":false},"excerpt":{"rendered":"Casi la mitad de los espa\u00f1oles ha afirmado que los problemas de visi\u00f3n afectan a su capacidad para&hellip;\n","protected":false},"author":2,"featured_media":164875,"comment_status":"","ping_status":"","sticky":false,"template":"","format":"standard","meta":{"footnotes":""},"categories":[92],"tags":[25,24,165,166,4134,23],"class_list":{"0":"post-164874","1":"post","2":"type-post","3":"status-publish","4":"format-standard","5":"has-post-thumbnail","7":"category-salud","8":"tag-es","9":"tag-espana","10":"tag-health","11":"tag-salud","12":"tag-salud-bienestar","13":"tag-spain"},"share_on_mastodon":{"url":"","error":""},"_links":{"self":[{"href":"https:\/\/www.europesays.com\/es\/wp-json\/wp\/v2\/posts\/164874","targetHints":{"allow":["GET"]}}],"collection":[{"href":"https:\/\/www.europesays.com\/es\/wp-json\/wp\/v2\/posts"}],"about":[{"href":"https:\/\/www.europesays.com\/es\/wp-json\/wp\/v2\/types\/post"}],"author":[{"embeddable":true,"href":"https:\/\/www.europesays.com\/es\/wp-json\/wp\/v2\/users\/2"}],"replies":[{"embeddable":true,"href":"https:\/\/www.europesays.com\/es\/wp-json\/wp\/v2\/comments?post=164874"}],"version-history":[{"count":0,"href":"https:\/\/www.europesays.com\/es\/wp-json\/wp\/v2\/posts\/164874\/revisions"}],"wp:featuredmedia":[{"embeddable":true,"href":"https:\/\/www.europesays.com\/es\/wp-json\/wp\/v2\/media\/164875"}],"wp:attachment":[{"href":"https:\/\/www.europesays.com\/es\/wp-json\/wp\/v2\/media?parent=164874"}],"wp:term":[{"taxonomy":"category","embeddable":true,"href":"https:\/\/www.europesays.com\/es\/wp-json\/wp\/v2\/categories?post=164874"},{"taxonomy":"post_tag","embeddable":true,"href":"https:\/\/www.europesays.com\/es\/wp-json\/wp\/v2\/tags?post=164874"}],"curies":[{"name":"wp","href":"https:\/\/api.w.org\/{rel}","templated":true}]}}