{"id":164880,"date":"2025-10-09T10:39:04","date_gmt":"2025-10-09T10:39:04","guid":{"rendered":"https:\/\/www.europesays.com\/es\/164880\/"},"modified":"2025-10-09T10:39:04","modified_gmt":"2025-10-09T10:39:04","slug":"2025_10_09-presidente-puesta-en-marcha-escuelina-los-currusquinos-en-sariego-2025_10_09-presidente-puesta-en-marcha-escuelina-los-currusquinos-en-sariego","status":"publish","type":"post","link":"https:\/\/www.europesays.com\/es\/164880\/","title":{"rendered":"2025_10_09 Presidente puesta en marcha escuelina Los Currusquinos en Sariego &#8211; 2025_10_09 Presidente puesta en marcha escuelina Los Currusquinos en Sariego"},"content":{"rendered":"<p>  <a class=\"example-image-link\" href=\"https:\/\/www.europesays.com\/es\/wp-content\/uploads\/2025\/10\/7cd6c170-3d29-8e15-6d71-7d5231a66bc5\" data-lightbox=\"example-set\" data-title=\"\" data-alt=\"\"> <img decoding=\"async\" data-fileentryid=\"2854194\" alt=\"\" src=\"https:\/\/www.europesays.com\/es\/wp-content\/uploads\/2025\/10\/7cd6c170-3d29-8e15-6d71-7d5231a66bc5\"\/> <\/a>   <\/p>\n<p> En la imagen, el presidente junto a uno de los alumnos, en brazos de su profesora. <\/p>\n<p>   <a class=\"example-image-link\" href=\"https:\/\/www.europesays.com\/es\/wp-content\/uploads\/2025\/10\/5d85db37-56df-6d08-32d3-e87537c1bcd9\" data-lightbox=\"example-set\" data-title=\"\" data-alt=\"\"> <img decoding=\"async\" data-fileentryid=\"2854199\" alt=\"\" src=\"https:\/\/www.europesays.com\/es\/wp-content\/uploads\/2025\/10\/5d85db37-56df-6d08-32d3-e87537c1bcd9\"\/> <\/a>   <\/p>\n<p> En la imagen, de izquierda a derecha, la consejera de Educaci\u00f3n, Eva Ledo; el presidente del Principado, Adri\u00e1n Barb\u00f3n; el alcalde de Sariego, Sa\u00fal Basti\u00e1n; la directora de la escuelina Los Currusquinos, Yolanda Garc\u00eda, y el director general de Infraestructuras y Tecnolog\u00edas Educativas, Julio Vallaure. <\/p>\n","protected":false},"excerpt":{"rendered":"En la imagen, el presidente junto a uno de los alumnos, en brazos de su profesora. En la&hellip;\n","protected":false},"author":2,"featured_media":164881,"comment_status":"","ping_status":"","sticky":false,"template":"","format":"standard","meta":{"footnotes":""},"categories":[80],"tags":[82,95,94,25,24,1461,23],"class_list":{"0":"post-164880","1":"post","2":"type-post","3":"status-publish","4":"format-standard","5":"has-post-thumbnail","7":"category-economia","8":"tag-business","9":"tag-economia","10":"tag-economy","11":"tag-es","12":"tag-espana","13":"tag-presidente","14":"tag-spain"},"share_on_mastodon":{"url":"","error":""},"_links":{"self":[{"href":"https:\/\/www.europesays.com\/es\/wp-json\/wp\/v2\/posts\/164880","targetHints":{"allow":["GET"]}}],"collection":[{"href":"https:\/\/www.europesays.com\/es\/wp-json\/wp\/v2\/posts"}],"about":[{"href":"https:\/\/www.europesays.com\/es\/wp-json\/wp\/v2\/types\/post"}],"author":[{"embeddable":true,"href":"https:\/\/www.europesays.com\/es\/wp-json\/wp\/v2\/users\/2"}],"replies":[{"embeddable":true,"href":"https:\/\/www.europesays.com\/es\/wp-json\/wp\/v2\/comments?post=164880"}],"version-history":[{"count":0,"href":"https:\/\/www.europesays.com\/es\/wp-json\/wp\/v2\/posts\/164880\/revisions"}],"wp:featuredmedia":[{"embeddable":true,"href":"https:\/\/www.europesays.com\/es\/wp-json\/wp\/v2\/media\/164881"}],"wp:attachment":[{"href":"https:\/\/www.europesays.com\/es\/wp-json\/wp\/v2\/media?parent=164880"}],"wp:term":[{"taxonomy":"category","embeddable":true,"href":"https:\/\/www.europesays.com\/es\/wp-json\/wp\/v2\/categories?post=164880"},{"taxonomy":"post_tag","embeddable":true,"href":"https:\/\/www.europesays.com\/es\/wp-json\/wp\/v2\/tags?post=164880"}],"curies":[{"name":"wp","href":"https:\/\/api.w.org\/{rel}","templated":true}]}}