{"id":164911,"date":"2025-10-09T10:57:12","date_gmt":"2025-10-09T10:57:12","guid":{"rendered":"https:\/\/www.europesays.com\/es\/164911\/"},"modified":"2025-10-09T10:57:12","modified_gmt":"2025-10-09T10:57:12","slug":"cuando-se-estrena-en-cines-lo-nuevo-de-guillermo-del-toro-y-cuando-podra-verse-en-netflix","status":"publish","type":"post","link":"https:\/\/www.europesays.com\/es\/164911\/","title":{"rendered":"cu\u00e1ndo se estrena en cines lo nuevo de Guillermo del Toro y cu\u00e1ndo podr\u00e1 verse en Netflix"},"content":{"rendered":"<p class=\"c-paragraph\">El monstruo de Frankenstein es una fuente de pesadillas inagotable desde que Mary Shelley se lo present\u00f3 al mundo hace m\u00e1s de dos siglos. Sin embargo, hubo una persona para quien el moderno Prometeo, m\u00e1s que pesadillas, inspir\u00f3 un sue\u00f1o: <b>Guillermo del Toro<\/b>. El director mexicano lleva d\u00e9cadas so\u00f1ando con adaptar la adaptad\u00edsima novela de Shelley y por fin lo ha hecho. Este<b> 24 de octubre<\/b>, el <b>Frankenstein <\/b>de Guillermo del Toro se pasea por los cines de Espa\u00f1a, apenas dos semanas antes de aterrizar en <a href=\"https:\/\/www.20minutos.es\/cinemania\/noticias\/netflix-como-ver-mas-series-peliculas-desbloquear-truco-contenido-idioma-5677816\/\" rel=\"nofollow noopener\" target=\"_blank\">Netflix<\/a>,<b> el 7 de noviembre<\/b>.\u00a0<a href=\"\"\/><\/p>\n<p class=\"c-paragraph\">La f\u00f3rmula de El<b> Frankenstein <\/b>de Guillermo del Toro no proviene del t\u00edtulo, sino de la fuerza autoral que la hace asemejarse al <a href=\"https:\/\/www.20minutos.es\/cinemania\/noticias\/dracula-bram-stoker-coppola-clasico-obra-maestra-5618431\/\" rel=\"nofollow noopener\" target=\"_blank\">Dr\u00e1cula de Coppola<\/a>. Casi 50 t\u00edtulos han vertido la obra de Shelley al cine y la televisi\u00f3n, por lo que, cuando la de Guillermo del Toro vio la luz en Venecia, la cr\u00edtica tom\u00f3 asiento con la desalentadora sensaci\u00f3n de estar a punto de ver algo que ya hab\u00edan visto 49 veces.<\/p>\n<p class=\"c-paragraph\">No fue as\u00ed: <b>Guillermo del Toro<\/b> propone un espect\u00e1culo cinematogr\u00e1fico que, ci\u00f1\u00e9ndose con rigor (aunque no total) al texto de partida, adentra al espectador en un camino hasta ahora no hollado por la historia de V\u00edctor Frankenstein y su monstruo. Estilizaci\u00f3n suprema de su cine, el <b>Frankenstein<\/b> de <a href=\"https:\/\/www.20minutos.es\/cinemania\/noticias\/frankenstein-guillermo-toro-netflix-fecha-estreno_5657087_0.html\" rel=\"nofollow noopener\" target=\"_blank\">Guillermo del Toro<\/a> recupera a la criatura elocuente y brillante de Shelley, en lugar de al abominable y animalesco gigante de Boris Karloff, una visi\u00f3n de la obra que el audiovisual, salvo por el caso de <a href=\"https:\/\/www.20minutos.es\/cinemania\/series\/3-000-viviendas-academia-nevermore-director-espanol-acabo-dirigiendo-miercoles_5196336_0.html\" rel=\"nofollow noopener\" target=\"_blank\">Penny Dreadful<\/a>, tiende a evitar.<\/p>\n<p>\u00bfQui\u00e9n act\u00faa en &#8216;Frankenstein&#8217;?<\/p>\n<p class=\"c-paragraph\">El reparto de la nueva pel\u00edcula de Guillermo del Toro es tan estremecedor, o m\u00e1s, que el propio monstruo, al que interpreta<a href=\"https:\/\/www.20minutos.es\/cinemania\/noticias\/jacob-elordi-impresionante-monstruo-frankenstein-guillermo-toro-5735097\/\" rel=\"nofollow noopener\" target=\"_blank\"> <b>Jacob Elordi<\/b> <\/a>tras incorporarse, sobre la bocina, a una producci\u00f3n que Andrew Garfield tuvo que dejar por problemas de agenda. <b>Oscar Isaac<\/b> se pone en la piel del cient\u00edfico y padrino de la criatura, en un elenco cuyo tercero pilar lo supone <b>Mia Goth<\/b>.\u00a0\u00a0<\/p>\n<p class=\"c-paragraph\">A partir de aqu\u00ed, solo puede recurrirse a la enumeraci\u00f3n: Christoph Waltz, David Bradley, Lars Mikkelsen, Ralph Ineson, Charles Dance, Burn Gorman y hasta <a href=\"https:\/\/www.20minutos.es\/cinemania\/noticias\/santiago-segura-tiene-mismo-problema-que-james-cameron-me-estan-poniendo-muy-dificil_6327304_0.html\" rel=\"nofollow noopener\" target=\"_blank\">Santiago Segura<\/a> en un cameo como futuro ajusticiado cuyo cuerpo el doctor V\u00edctor Frankenstein descarta en seguida. Por motivos que sean, le convenc\u00eda m\u00e1s el f\u00edsico de Jacob Elordi. Segura, con el que ya ha colaborado en un par de ocasiones, no es la \u00fanica relaci\u00f3n s\u00f3lida de Guillermo del Toro plasmada en Frankenstein: tambi\u00e9n\u00a0Dan Laustsen, director de fotograf\u00eda habitual del mexicano, y <b>Alexandre Desplat<\/b>, compositor de m\u00fasica de La forma del agua o Pinocho.\u00a0<\/p>\n","protected":false},"excerpt":{"rendered":"El monstruo de Frankenstein es una fuente de pesadillas inagotable desde que Mary Shelley se lo present\u00f3 al&hellip;\n","protected":false},"author":2,"featured_media":164912,"comment_status":"","ping_status":"","sticky":false,"template":"","format":"standard","meta":{"footnotes":""},"categories":[169],"tags":[177,146,147,25,24,3220,176,4003,175,152,267,23],"class_list":{"0":"post-164911","1":"post","2":"type-post","3":"status-publish","4":"format-standard","5":"has-post-thumbnail","7":"category-cine","8":"tag-cine","9":"tag-entertainment","10":"tag-entretenimiento","11":"tag-es","12":"tag-espana","13":"tag-estrenos-de-cine","14":"tag-film","15":"tag-guillermo-del-toro","16":"tag-movies","17":"tag-netflix","18":"tag-planseo","19":"tag-spain"},"share_on_mastodon":{"url":"","error":""},"_links":{"self":[{"href":"https:\/\/www.europesays.com\/es\/wp-json\/wp\/v2\/posts\/164911","targetHints":{"allow":["GET"]}}],"collection":[{"href":"https:\/\/www.europesays.com\/es\/wp-json\/wp\/v2\/posts"}],"about":[{"href":"https:\/\/www.europesays.com\/es\/wp-json\/wp\/v2\/types\/post"}],"author":[{"embeddable":true,"href":"https:\/\/www.europesays.com\/es\/wp-json\/wp\/v2\/users\/2"}],"replies":[{"embeddable":true,"href":"https:\/\/www.europesays.com\/es\/wp-json\/wp\/v2\/comments?post=164911"}],"version-history":[{"count":0,"href":"https:\/\/www.europesays.com\/es\/wp-json\/wp\/v2\/posts\/164911\/revisions"}],"wp:featuredmedia":[{"embeddable":true,"href":"https:\/\/www.europesays.com\/es\/wp-json\/wp\/v2\/media\/164912"}],"wp:attachment":[{"href":"https:\/\/www.europesays.com\/es\/wp-json\/wp\/v2\/media?parent=164911"}],"wp:term":[{"taxonomy":"category","embeddable":true,"href":"https:\/\/www.europesays.com\/es\/wp-json\/wp\/v2\/categories?post=164911"},{"taxonomy":"post_tag","embeddable":true,"href":"https:\/\/www.europesays.com\/es\/wp-json\/wp\/v2\/tags?post=164911"}],"curies":[{"name":"wp","href":"https:\/\/api.w.org\/{rel}","templated":true}]}}