{"id":16493,"date":"2025-07-31T14:28:10","date_gmt":"2025-07-31T14:28:10","guid":{"rendered":"https:\/\/www.europesays.com\/es\/16493\/"},"modified":"2025-07-31T14:28:10","modified_gmt":"2025-07-31T14:28:10","slug":"la-liga-u-empezara-el-10-de-octubre-con-15-equipos-2","status":"publish","type":"post","link":"https:\/\/www.europesays.com\/es\/16493\/","title":{"rendered":"La Liga U empezar\u00e1 el 10 de octubre con 15 equipos"},"content":{"rendered":"<p>El pr\u00f3ximo mes de octubre se disputar\u00e1 la primera jornada de la nueva La Liga U, organizada conjuntamente por la acb y la FEB con el apoyo del Ministerio de Educaci\u00f3n, Formaci\u00f3n Profesional y Deportes y del Consejo Superior de Deportes.<\/p>\n<p>La Liga U, organizada conjuntamente por la acb y la FEB con el apoyo del Ministerio de Educaci\u00f3n, Formaci\u00f3n Profesional y Deportes y del Consejo Superior de Deportes, toma forma para su primera edici\u00f3n en la temporada 2025-26.<\/p>\n<p>La competici\u00f3n contar\u00e1 con la participaci\u00f3n de 15 equipos Sub22 (jugadores nacidos en 2004 o posterior) de los clubes acb: Bar\u00e7a Atl\u00e8tic, BAXI Manresa, Casademont Zaragoza, Fundaci\u00f3n CB Canarias, Joventut Badalona, Real Madrid, Unicaja y Valencia Basket (Grupo A), y B\u00e0squet Girona, Bilbao Basket, Burgos Grupo de Santiago, For\u00e7a Lleida, Gran Canaria, Stellantis &amp; You Granada y UCAM Murcia (Grupo B).<\/p>\n<p>Los clubes acb han apoyado de forma mayoritaria la nueva competici\u00f3n, que por primera vez facilitar\u00e1 y potenciar\u00e1 la vida acad\u00e9mica con la formaci\u00f3n deportiva al m\u00e1s alto nivel. As\u00ed, los jugadores dispondr\u00e1n de orientaci\u00f3n y becas que les permitir\u00e1n compaginar sus estudios universitarios o de FP con una competici\u00f3n exigente y acorde a su necesidad deportiva.<\/p>\n<p>La Liga U, de \u2018U22\u2019, de \u2018Universidades\u2019 o de \u2018uni\u00f3n\u2019 entre todos los estamentos y, en definitiva de futuro, comenzar\u00e1 el 10 de octubre y se prolongar\u00e1 hasta el 17 mayo de 2026, cuando concluir\u00e1 una Final a 6 que decidir\u00e1 el primer campe\u00f3n. <\/p>\n<p>Con el anuncio de los equipos y el sistema de competici\u00f3n, la Liga U tambi\u00e9n se estrena en Redes Sociales con @Liga_U22, compartiendo desde ya la actualidad de la competici\u00f3n y sus equipos.<\/p>\n<p>Dos grupos por nivel y un m\u00ednimo de 24 partidos (<a href=\"https:\/\/youtu.be\/SEH50t7EweI\" target=\"_blank\" rel=\"nofollow noopener\">V\u00cdDEO<\/a>)<br \/>&#13;<br \/>\nLa acb y la FEB han dise\u00f1ado un sistema de competici\u00f3n pensado para maximizar el desarrollo deportivo de jugadores y equipos, fomentando los duelos de similar nivel competitivo y las opciones para que todos los equipos puedan crecer durante la competici\u00f3n. <\/p>\n<p>Para ello, se han creado dos grupos diferenciados por nivel. En el A empezar\u00e1n los ocho equipos que han obtenido los mejores resultados en el Campeonato de Espa\u00f1a junior en el acumulado de los \u00faltimos cinco a\u00f1os, y el B con los otros siete conjuntos. En una primera fase, entre el 10 de octubre y el 4 de enero, los equipos de cada grupo jugar\u00e1n entre s\u00ed (14 jornadas).<\/p>\n<p>Al t\u00e9rmino de esta ronda inicial, el primer clasificado del Grupo B subir\u00e1 al A, de donde bajar\u00e1 el 8\u00ba, y se disputar\u00e1 una repesca a un solo partido entre el 2\u00b0 y 3\u00b0 del B contra el 7\u00b0 y el 6\u00ba del A, respectivamente.<\/p>\n<p>Los ganadores de los partidos de repesca completar\u00e1n el Grupo A en una segunda fase entre el 16 de enero y el 19 de abril, en la que los equipos de cada grupo jugar\u00e1n otras 14 jornadas.<\/p>\n<p>Los cuatro primeros del Grupo A avanzar\u00e1n a la Final a 6, y las \u00faltimas dos plazas saldr\u00e1n de un Play-In decisivo a un solo partido con 5\u00ba y 6\u00ba del Grupo A contra 2\u00ba y 1\u00ba del Grupo B, respectivamente.<\/p>\n<p>La Final a 6 se disputar\u00e1 entre el 15 y 17 de mayo en una sede a determinar, con tres eliminatorias para decidir el primer campe\u00f3n. El primero y el segundo del Grupo A esperar\u00e1n en semifinales a los ganadores de los cuartos de final, con partidos el viernes 15 entre el 3\u00ba y el 4\u00ba y los dos ganadores del Play-In. Tras los duelos de semifinales del s\u00e1bado, la gran final del domingo 17 decidir\u00e1 qui\u00e9n levanta el primer trofeo.<\/p>\n<p>En total, los 15 equipos participantes disputar\u00e1n un m\u00ednimo de 24 partidos y un m\u00e1ximo de 33 en ocho meses de competici\u00f3n, siempre cuidando la compatibilidad con la formaci\u00f3n acad\u00e9mica.<\/p>\n","protected":false},"excerpt":{"rendered":"El pr\u00f3ximo mes de octubre se disputar\u00e1 la primera jornada de la nueva La Liga U, organizada conjuntamente&hellip;\n","protected":false},"author":2,"featured_media":16494,"comment_status":"","ping_status":"","sticky":false,"template":"","format":"standard","meta":{"footnotes":""},"categories":[269],"tags":[4605,299,1918,298,4597,4613,4616,4609,4608,4610,168,4603,4606,25,24,4120,4598,4614,2713,4601,830,4599,4600,4602,4615,4617,4607,4604,23,167,4611,4612],"class_list":{"0":"post-16493","1":"post","2":"type-post","3":"status-publish","4":"format-standard","5":"has-post-thumbnail","7":"category-baloncesto","8":"tag-arbitros-baloncesto","9":"tag-baloncesto","10":"tag-basket","11":"tag-basketball","12":"tag-basquet","13":"tag-canalfeb","14":"tag-clasificacion","15":"tag-copa-princesa","16":"tag-copa-principe","17":"tag-copa-reina","18":"tag-deportes","19":"tag-eba","20":"tag-entrenadores-baloncesto","21":"tag-es","22":"tag-espana","23":"tag-estadisticas","24":"tag-federacion-baloncesto","25":"tag-jornada-virtual","26":"tag-jugadores","27":"tag-laeb-plata","28":"tag-leb-oro","29":"tag-liga-espana","30":"tag-liga-espanola-baloncesto","31":"tag-liga-femenina","32":"tag-marcadores-baloncesto","33":"tag-rankings","34":"tag-reglas-baloncesto","35":"tag-seleccion-baloncesto","36":"tag-spain","37":"tag-sports","38":"tag-supercopa","39":"tag-television-baloncesto"},"share_on_mastodon":{"url":"","error":""},"_links":{"self":[{"href":"https:\/\/www.europesays.com\/es\/wp-json\/wp\/v2\/posts\/16493","targetHints":{"allow":["GET"]}}],"collection":[{"href":"https:\/\/www.europesays.com\/es\/wp-json\/wp\/v2\/posts"}],"about":[{"href":"https:\/\/www.europesays.com\/es\/wp-json\/wp\/v2\/types\/post"}],"author":[{"embeddable":true,"href":"https:\/\/www.europesays.com\/es\/wp-json\/wp\/v2\/users\/2"}],"replies":[{"embeddable":true,"href":"https:\/\/www.europesays.com\/es\/wp-json\/wp\/v2\/comments?post=16493"}],"version-history":[{"count":0,"href":"https:\/\/www.europesays.com\/es\/wp-json\/wp\/v2\/posts\/16493\/revisions"}],"wp:featuredmedia":[{"embeddable":true,"href":"https:\/\/www.europesays.com\/es\/wp-json\/wp\/v2\/media\/16494"}],"wp:attachment":[{"href":"https:\/\/www.europesays.com\/es\/wp-json\/wp\/v2\/media?parent=16493"}],"wp:term":[{"taxonomy":"category","embeddable":true,"href":"https:\/\/www.europesays.com\/es\/wp-json\/wp\/v2\/categories?post=16493"},{"taxonomy":"post_tag","embeddable":true,"href":"https:\/\/www.europesays.com\/es\/wp-json\/wp\/v2\/tags?post=16493"}],"curies":[{"name":"wp","href":"https:\/\/api.w.org\/{rel}","templated":true}]}}