{"id":164930,"date":"2025-10-09T11:07:09","date_gmt":"2025-10-09T11:07:09","guid":{"rendered":"https:\/\/www.europesays.com\/es\/164930\/"},"modified":"2025-10-09T11:07:09","modified_gmt":"2025-10-09T11:07:09","slug":"el-monumento-a-antonete-se-descubrira-el-sabado-a-las-13-horas-frente-a-la-puerta-grande-de-las-ventas","status":"publish","type":"post","link":"https:\/\/www.europesays.com\/es\/164930\/","title":{"rendered":"El monumento a Anto\u00f1ete se descubrir\u00e1 el s\u00e1bado a las 13 horas frente a la puerta grande de Las Ventas"},"content":{"rendered":"<p>Este acto, avanzado por el periodista Zabala de la Serna en El Mundo, contar\u00e1 con algunos de los protagonistas del festival y del autor de la obra, realizada por Mart\u00edn Lagares.<\/p>\n<p>\u00a0<\/p>\n<p><strong>Los exteriores de la\u00a0<a href=\"https:\/\/es.wikipedia.org\/wiki\/Las_Ventas\" rel=\"nofollow noopener\" target=\"_blank\">Plaza de toros de Las Ventas<\/a>\u00a0acoger\u00e1n el pr\u00f3ximo s\u00e1bado a las 13 horas del mediod\u00eda el descubrimiento del monumento al maestro Anto\u00f1ete<\/strong> fruto de los beneficios obtenidos del festival organizado por Jos\u00e9 Antonio Morante de la Puebla al d\u00eda siguiente, 12 de octubre, de forma matinal. Este acto, avanzado por el periodista Zabala de la Serna en El Mundo, contar\u00e1 con algunos de los protagonista del festival y del autor de la obra, realizada por Mart\u00edn Lagares.<\/p>\n<p>Como es sabido, en el cartel al d\u00eda siguiente se anuncian el rejoneador Pablo Hermoso de Mendoza, los matadores Curro V\u00e1zquez, C\u00e9sar Rinc\u00f3n, Enrique Ponce, Julio Aparicio, Morante de la Puebla y\u00a0<strong><a href=\"https:\/\/cultoro.es\/festejos\/valdilecha-triunfo-olga-casado-343189\" rel=\"nofollow noopener\" target=\"_blank\">la novillera Olga Casado<\/a><\/strong>, con ejemplares de las ganader\u00edas de Capea, Garcigrande, Osborne y Vellosino.<\/p>\n","protected":false},"excerpt":{"rendered":"Este acto, avanzado por el periodista Zabala de la Serna en El Mundo, contar\u00e1 con algunos de los&hellip;\n","protected":false},"author":2,"featured_media":164931,"comment_status":"","ping_status":"","sticky":false,"template":"","format":"standard","meta":{"footnotes":""},"categories":[277],"tags":[373,168,25,24,23,167,374],"class_list":{"0":"post-164930","1":"post","2":"type-post","3":"status-publish","4":"format-standard","5":"has-post-thumbnail","7":"category-toreo","8":"tag-bullfighting","9":"tag-deportes","10":"tag-es","11":"tag-espana","12":"tag-spain","13":"tag-sports","14":"tag-toreo"},"share_on_mastodon":{"url":"","error":""},"_links":{"self":[{"href":"https:\/\/www.europesays.com\/es\/wp-json\/wp\/v2\/posts\/164930","targetHints":{"allow":["GET"]}}],"collection":[{"href":"https:\/\/www.europesays.com\/es\/wp-json\/wp\/v2\/posts"}],"about":[{"href":"https:\/\/www.europesays.com\/es\/wp-json\/wp\/v2\/types\/post"}],"author":[{"embeddable":true,"href":"https:\/\/www.europesays.com\/es\/wp-json\/wp\/v2\/users\/2"}],"replies":[{"embeddable":true,"href":"https:\/\/www.europesays.com\/es\/wp-json\/wp\/v2\/comments?post=164930"}],"version-history":[{"count":0,"href":"https:\/\/www.europesays.com\/es\/wp-json\/wp\/v2\/posts\/164930\/revisions"}],"wp:featuredmedia":[{"embeddable":true,"href":"https:\/\/www.europesays.com\/es\/wp-json\/wp\/v2\/media\/164931"}],"wp:attachment":[{"href":"https:\/\/www.europesays.com\/es\/wp-json\/wp\/v2\/media?parent=164930"}],"wp:term":[{"taxonomy":"category","embeddable":true,"href":"https:\/\/www.europesays.com\/es\/wp-json\/wp\/v2\/categories?post=164930"},{"taxonomy":"post_tag","embeddable":true,"href":"https:\/\/www.europesays.com\/es\/wp-json\/wp\/v2\/tags?post=164930"}],"curies":[{"name":"wp","href":"https:\/\/api.w.org\/{rel}","templated":true}]}}