{"id":164940,"date":"2025-10-09T11:14:07","date_gmt":"2025-10-09T11:14:07","guid":{"rendered":"https:\/\/www.europesays.com\/es\/164940\/"},"modified":"2025-10-09T11:14:07","modified_gmt":"2025-10-09T11:14:07","slug":"los-dos-fichajes-de-arrasate-para-mejorar-desde-el-cuerpo-tecnico","status":"publish","type":"post","link":"https:\/\/www.europesays.com\/es\/164940\/","title":{"rendered":"Los dos \u2018fichajes\u2019 de Arrasate para mejorar desde el cuerpo t\u00e9cnico"},"content":{"rendered":"<p>Este verano<strong> <a href=\"https:\/\/www.ultimahora.es\/etiqueta\/Jagoba+Arrasate.html?utm_source=Inline-tag&amp;utm_medium=internal\" rel=\"nofollow noopener\" target=\"_blank\">Jagoba Arrasate<\/a><\/strong> <strong>decidi\u00f3 reforzar su cuerpo t\u00e9cnico con dos nuevas piezas para intentar mejorar en la prevenci\u00f3n y recuperaci\u00f3n de las lesiones <\/strong>que puedan surgir durante la temporada. El motivo del t\u00e9cnico vizca\u00edno para reforzar su staff fueron las complicaciones que hubo el \u00faltimo curso en los <strong>procesos de recuperaci\u00f3n<\/strong> de varios jugadores, las cuales se alargaron de m\u00e1s. El objetivo no es otro que <strong>mejorar en esta faceta para que repercuta positivamente de manera positiva sobre el c\u00e9sped.<\/strong><\/p>\n<p>Los continuos problemas que tuvo <strong>Takuma Asano<\/strong>, de nuevo lesionado pero que <strong>en la \u00faltima temporada tuvo hasta dos reca\u00eddas<\/strong>, y otros casos como los de <strong>Manu Morlanes<\/strong> y <strong>Robert Navarro<\/strong>, que tambi\u00e9n se alargaron m\u00e1s de lo esperado,<strong> llevaron a Arrasate a tomar la decisi\u00f3n de acudir al &#8216;mercado&#8217;<\/strong> para el fichaje de dos nuevos integrantes para su cuerpo t\u00e9cnico: <strong>el readaptador mallorqu\u00edn Xavi Calvo, que en la actualidad tambi\u00e9n colabora con la Selecci\u00f3n Mexicana, y un viejo conocido del t\u00e9cnico, Pablo Iriarte, miembro del cuerpo t\u00e9cnico de Jagoba en Osasuna<\/strong> <strong>que se qued\u00f3 con Vicente Moreno<\/strong> el pasado curso pero que ahora se ha vuelto a unir al equipo de confianza del de Berriatua.<\/p>\n<p>Arrasate est\u00e1 satisfecho con ambas incorporaciones, que dan un salto de calidad. Xavi Calvo ayuda en la recuperaci\u00f3n de posibles lesiones, algo que tambi\u00e9n hac\u00eda a nivel privado con jugadores profesionales y ahora hace a diario en Son Bibiloni. Despu\u00e9s, con el priopuo Iriarte, porque es profesional con el que ya hab\u00eda trabajado codo con codo en Pamplona y que inicialmente no se hab\u00eda incorporado al proyecto del <a href=\"https:\/\/www.ultimahora.es\/etiqueta\/Real+Mallorca.html?utm_source=Inline-tag&amp;utm_medium=internal\" rel=\"nofollow noopener\" target=\"_blank\">Real Mallorca<\/a> por diferentes circunstancias. Tras un a\u00f1o en el cuerpo t\u00e9cnico de Vicente Moreno siguiendo con su etapa en Osasuna, <strong>ha vuelto a cruzarse en el camino de Arrasate, Bittor Alkiza (segundo entrenador) y Sergi P\u00e9rez (preparador f\u00edsico).<\/strong><\/p>\n<p>El objetivo de estos dos movimientoes es claro: <strong>aumentar la disponibilidad de los jugadores a lo largo de la temporada.<\/strong> Con Kumbulla, Takuma Asano y Mascarell ya han tenido que emplearse a fondo y empezar a trabajar. <strong>Ahora mismo el centrocampista de Guinea Ecuatorial es el jugador m\u00e1s cerca de volver.<\/strong> En Son Bibiloni est\u00e1n contentos tanto con Calvo como con Iriarte y Arrasate espera que esto signifique dar un paso m\u00e1s para mejorar en todos los aspectos. <strong>Cuanto mejor recuperen y avancen los procesos de recuperaci\u00f3n, m\u00e1s sonreir\u00e1 un t\u00e9cnico que el curso estuvo latrado por las lesiones, <\/strong>principalmente las de Navarro, Asano o Muriqi.<\/p>\n","protected":false},"excerpt":{"rendered":"Este verano Jagoba Arrasate decidi\u00f3 reforzar su cuerpo t\u00e9cnico con dos nuevas piezas para intentar mejorar en la&hellip;\n","protected":false},"author":2,"featured_media":164941,"comment_status":"","ping_status":"","sticky":false,"template":"","format":"standard","meta":{"footnotes":""},"categories":[268],"tags":[168,25,24,280,282,23015,288,1945,13752,14023,281,23,167,1529,21],"class_list":{"0":"post-164940","1":"post","2":"type-post","3":"status-publish","4":"format-standard","5":"has-post-thumbnail","7":"category-futbol","8":"tag-deportes","9":"tag-es","10":"tag-espana","11":"tag-football","12":"tag-futbol","13":"tag-jagoba-arrasate","14":"tag-laliga","15":"tag-primera-division","16":"tag-rcd-mallorca","17":"tag-real-mallorca","18":"tag-soccer","19":"tag-spain","20":"tag-sports","21":"tag-ultima-hora","22":"tag-ultimas-noticias"},"share_on_mastodon":{"url":"","error":""},"_links":{"self":[{"href":"https:\/\/www.europesays.com\/es\/wp-json\/wp\/v2\/posts\/164940","targetHints":{"allow":["GET"]}}],"collection":[{"href":"https:\/\/www.europesays.com\/es\/wp-json\/wp\/v2\/posts"}],"about":[{"href":"https:\/\/www.europesays.com\/es\/wp-json\/wp\/v2\/types\/post"}],"author":[{"embeddable":true,"href":"https:\/\/www.europesays.com\/es\/wp-json\/wp\/v2\/users\/2"}],"replies":[{"embeddable":true,"href":"https:\/\/www.europesays.com\/es\/wp-json\/wp\/v2\/comments?post=164940"}],"version-history":[{"count":0,"href":"https:\/\/www.europesays.com\/es\/wp-json\/wp\/v2\/posts\/164940\/revisions"}],"wp:featuredmedia":[{"embeddable":true,"href":"https:\/\/www.europesays.com\/es\/wp-json\/wp\/v2\/media\/164941"}],"wp:attachment":[{"href":"https:\/\/www.europesays.com\/es\/wp-json\/wp\/v2\/media?parent=164940"}],"wp:term":[{"taxonomy":"category","embeddable":true,"href":"https:\/\/www.europesays.com\/es\/wp-json\/wp\/v2\/categories?post=164940"},{"taxonomy":"post_tag","embeddable":true,"href":"https:\/\/www.europesays.com\/es\/wp-json\/wp\/v2\/tags?post=164940"}],"curies":[{"name":"wp","href":"https:\/\/api.w.org\/{rel}","templated":true}]}}