{"id":164944,"date":"2025-10-09T11:16:16","date_gmt":"2025-10-09T11:16:16","guid":{"rendered":"https:\/\/www.europesays.com\/es\/164944\/"},"modified":"2025-10-09T11:16:16","modified_gmt":"2025-10-09T11:16:16","slug":"galdo-me-inspira-muchisimo-para-pintar-porque-estoy-metida-en-la-vida","status":"publish","type":"post","link":"https:\/\/www.europesays.com\/es\/164944\/","title":{"rendered":"Galdo me inspira much\u00edsimo para pintar porque estoy metida en la vida"},"content":{"rendered":"<p><strong>\u00c1ngeles Costafreda <\/strong>naci\u00f3 en Par\u00eds en 1959, se licenci\u00f3 en\u00a0Psicolog\u00eda en Madrid y ejerci\u00f3 pero hace m\u00e1s de 30 a\u00f1os que se dedica\u00a0en exclusivo al arte. Su\u00a0atracci\u00f3n por la pintura oriental zen la\u00a0llev\u00f3 a aprender shodo (caligraf\u00eda) y sumi-e (pintura) japonesa. Desde 2020 vive\u00a0en Galdo (<a href=\"https:\/\/www.elprogreso.es\/tags\/viveiro\/\" rel=\"nofollow noopener\" target=\"_blank\">Viveiro<\/a>) y adem\u00e1s de pintar da clases y talleres, el pr\u00f3ximo este s\u00e1bado 11.<\/p>\n<p><strong>\u00bfQu\u00e9 se puede ver en su exposici\u00f3n Conexiones?<\/strong><br \/>La idea es conectar la pintura contempor\u00e1nea actual con la t\u00e9cnica oriental milenaria del sumi-e. De pintura actual hay acr\u00edlico sobre lienzo y papel y mis \u00faltimas obras donde algunos cuadros est\u00e1n cosidos, y eso lo uno con mi trayectoria de pintura oriental, que es m\u00e1s con tinta negra y el m\u00e9todo sumi-e tradicional que he aplicado durante muchos a\u00f1os. La exposici\u00f3n estar\u00e1 abierta durante todo octubre y noviembre.<\/p>\n<p><strong>Para quien no est\u00e9 familiarizado con el sumi-e, \u00bfen qu\u00e9 consiste?<\/strong><br \/>Es una t\u00e9cnica que practicaban los monjes budistas para meditar porque a la hora de ponerte a pintar primero tienes que preparar la tinta, que es s\u00f3lida y hay que disolverla, y ese momento de ir prepar\u00e1ndola para pintar es un momento en que puedes ir rebajando tus pulsaciones y adentrarte un poco en lo que vas a pintar. Luego mientras est\u00e1s pintando el trazo es directo, no hay boceto, no hay dibujo previo, y se pinta siempre desde el interior, tienes que tener preparado mentalmente lo que vas a pintar.<\/p>\n<p><strong>\u00bfDe qu\u00e9 manera introdujo los cosidos en sus cuadros m\u00e1s actuales?<\/strong><br \/>En esos cuadros necesitaba, aparte de la l\u00ednea, algo m\u00e1s para unir diferentes zonas del cuadro porque van con color, yo no hago dibujo. Me ped\u00eda coserlo y entonces van cosidos con un hilo muy fino de metal e incluso dejo el hilo que quede colgando en algunas zonas porque en vez de trazar la l\u00ednea, el recorrido del hilo me hace el trazo.<\/p>\n<p><strong>\u00bfCu\u00e1l es la tem\u00e1tica?<\/strong><br \/>Desde siempre estoy pintando la naturaleza y sobre todo paisajes del monte, del bosque y oto\u00f1os que he estado pintando en diferentes composiciones y t\u00e9cnicas de acuarela. No es una pintura totalmente abstracta, t\u00fa ves el cuadro y ves que hay un paisaje. Aprovechando que estamos en oto\u00f1o he llevado bastantes y en los de pintura oriental he llevado el crisantemo que es la flor que se pinta en esta estaci\u00f3n.<\/p>\n<p><strong>Se ha mudado desde Madrid a Ximarreira en Galdo en 2020, \u00bfqu\u00e9 tal se ha adaptado?<\/strong><br \/>Estoy muy a gusto porque puedo poner en pr\u00e1ctica mi ideal de vida. Tengo huerto, doy paseos por el monte que tengo cerca de casa, puedo ir a la playa que tambi\u00e9n me gusta mucho y ya voy conociendo a m\u00e1s personas.<\/p>\n<p><strong>\u00bfLe inspira la zona para pintar sus obras?<\/strong><br \/>Me inspira much\u00edsimo porque yo me levanto, abro la ventana y veo el paisaje, las puestas de sol, la luna gigante&#8230; es estar metida en la vida y ves las estaciones, las plantas&#8230; para m\u00ed es algo que me faltaba en Madrid y entonces me resulta muy agradable.<\/p>\n<p><strong>Adem\u00e1s de pintar, imparte clases y talleres.<\/strong><br \/>S\u00ed, suelo pintar por las tardes y luego doy clases los jueves en la asociaci\u00f3n de Bravos. Tambi\u00e9n organizo talleres monogr\u00e1ficos de pintura sumi-e de vez en cuando y el pr\u00f3ximo es este s\u00e1bado 11 por la ma\u00f1ana de once a una en Regal Xunqueira. Quien quiera puede anotarse por WhatsApp en el n\u00famero 659.36.26.92.<\/p>\n","protected":false},"excerpt":{"rendered":"\u00c1ngeles Costafreda naci\u00f3 en Par\u00eds en 1959, se licenci\u00f3 en\u00a0Psicolog\u00eda en Madrid y ejerci\u00f3 pero hace m\u00e1s de&hellip;\n","protected":false},"author":2,"featured_media":164945,"comment_status":"","ping_status":"","sticky":false,"template":"","format":"standard","meta":{"footnotes":""},"categories":[173],"tags":[229,233,231,230,209,232,234,146,147,25,24,2003,11608,23,5231],"class_list":{"0":"post-164944","1":"post","2":"type-post","3":"status-publish","4":"format-standard","5":"has-post-thumbnail","7":"category-arte-y-diseno","8":"tag-arte","9":"tag-arte-y-diseno","10":"tag-arts","11":"tag-arts-and-design","12":"tag-cultura","13":"tag-design","14":"tag-diseno","15":"tag-entertainment","16":"tag-entretenimiento","17":"tag-es","18":"tag-espana","19":"tag-exposicion","20":"tag-pintora","21":"tag-spain","22":"tag-viveiro"},"share_on_mastodon":{"url":"","error":""},"_links":{"self":[{"href":"https:\/\/www.europesays.com\/es\/wp-json\/wp\/v2\/posts\/164944","targetHints":{"allow":["GET"]}}],"collection":[{"href":"https:\/\/www.europesays.com\/es\/wp-json\/wp\/v2\/posts"}],"about":[{"href":"https:\/\/www.europesays.com\/es\/wp-json\/wp\/v2\/types\/post"}],"author":[{"embeddable":true,"href":"https:\/\/www.europesays.com\/es\/wp-json\/wp\/v2\/users\/2"}],"replies":[{"embeddable":true,"href":"https:\/\/www.europesays.com\/es\/wp-json\/wp\/v2\/comments?post=164944"}],"version-history":[{"count":0,"href":"https:\/\/www.europesays.com\/es\/wp-json\/wp\/v2\/posts\/164944\/revisions"}],"wp:featuredmedia":[{"embeddable":true,"href":"https:\/\/www.europesays.com\/es\/wp-json\/wp\/v2\/media\/164945"}],"wp:attachment":[{"href":"https:\/\/www.europesays.com\/es\/wp-json\/wp\/v2\/media?parent=164944"}],"wp:term":[{"taxonomy":"category","embeddable":true,"href":"https:\/\/www.europesays.com\/es\/wp-json\/wp\/v2\/categories?post=164944"},{"taxonomy":"post_tag","embeddable":true,"href":"https:\/\/www.europesays.com\/es\/wp-json\/wp\/v2\/tags?post=164944"}],"curies":[{"name":"wp","href":"https:\/\/api.w.org\/{rel}","templated":true}]}}