{"id":164996,"date":"2025-10-09T11:46:09","date_gmt":"2025-10-09T11:46:09","guid":{"rendered":"https:\/\/www.europesays.com\/es\/164996\/"},"modified":"2025-10-09T11:46:09","modified_gmt":"2025-10-09T11:46:09","slug":"el-escritor-hungaro-laszlo-krasznahorkai-gano-el-premio-nobel-de-literatura-por-su-trabajo-de-terror-apocaliptico","status":"publish","type":"post","link":"https:\/\/www.europesays.com\/es\/164996\/","title":{"rendered":"El escritor h\u00fangaro L\u00e1szl\u00f3 Krasznahorkai gan\u00f3 el Premio Nobel de Literatura por su trabajo de \u00abterror apocal\u00edptico\u00bb"},"content":{"rendered":"<p>      CNN<br \/>\n        \u00a0\u2014\u00a0<\/p>\n<p class=\"paragraph inline-placeholder vossi-paragraph\" data-uri=\"es.cms.cnn.com\/_components\/paragraph\/instances\/cmgjb7nco000r27pf1zapc9fu@published\" data-editable=\"text\" data-component-name=\"paragraph\" data-article-gutter=\"true\">\n            El Premio Nobel de Literatura 2025 ha sido otorgado a L\u00e1szl\u00f3 Krasznahorkai, novelista h\u00fangaro que afirm\u00f3 que sus novelas oscuras y dif\u00edciles buscan examinar la realidad \u201chasta la locura\u201d.\n    <\/p>\n<p class=\"paragraph inline-placeholder vossi-paragraph\" data-uri=\"es.cms.cnn.com\/_components\/paragraph\/instances\/cmgjbeo7x0007356nb87qh1ad@published\" data-editable=\"text\" data-component-name=\"paragraph\" data-article-gutter=\"true\">\n            Al anunciar el premio en una ceremonia celebrada este jueves en Estocolmo, Suecia, el Comit\u00e9 del Nobel elogi\u00f3 a Krasznahorkai \u201cpor su obra cautivadora y visionaria que, en medio del terror apocal\u00edptico, reafirma el poder del arte\u201d.\n    <\/p>\n<p class=\"paragraph inline-placeholder vossi-paragraph\" data-uri=\"es.cms.cnn.com\/_components\/paragraph\/instances\/cmgjbf8qo000b356n97swhsw9@published\" data-editable=\"text\" data-component-name=\"paragraph\" data-article-gutter=\"true\">\n            Con solo un pu\u00f1ado de sus obras traducidas al ingl\u00e9s, el cr\u00edtico literario James Wood escribi\u00f3 una vez que los libros de Krasznahorkai \u201cse pasan de mano en mano como una moneda rara\u201d. Pero el Comit\u00e9 Nobel dijo que el premio reconoc\u00eda una obra \u201ccaracterizada por el absurdismo y el exceso grotesco\u201d y que ha recibido elogios generalizados.\n    <\/p>\n<p class=\"paragraph inline-placeholder vossi-paragraph\" data-uri=\"es.cms.cnn.com\/_components\/paragraph\/instances\/cmgjbw9mc000w356nd2qaga3j@published\" data-editable=\"text\" data-component-name=\"paragraph\" data-article-gutter=\"true\">\n            Nacido en Gyula, Hungr\u00eda, en 1954 \u2014dos a\u00f1os antes de la Revoluci\u00f3n H\u00fangara que fue reprimida brutalmente por la Uni\u00f3n Sovi\u00e9tica\u2014 Krasznahorkai ha dicho que creci\u00f3 \u201cen una situaci\u00f3n y en un pa\u00eds donde una persona maldita con una sensibilidad est\u00e9tica y moral aumentada como yo simplemente no puede sobrevivir\u201d.\n    <\/p>\n<p class=\"paragraph inline-placeholder vossi-paragraph\" data-uri=\"es.cms.cnn.com\/_components\/paragraph\/instances\/cmgjbw9mc000x356nvb6ghqf4@published\" data-editable=\"text\" data-component-name=\"paragraph\" data-article-gutter=\"true\">\n            Apodado por la fallecida ensayista estadounidense Susan Sontag como el \u201cmaestro contempor\u00e1neo del apocalipsis\u201d, las novelas de Krasznahorkai \u2014a menudo ambientadas en temblorosos pueblos de Europa Central\u2014 retratan a los habitantes buscando significado en s\u00edmbolos esparcidos en un mundo sin Dios.\n    <\/p>\n<p class=\"paragraph inline-placeholder vossi-paragraph\" data-uri=\"es.cms.cnn.com\/_components\/paragraph\/instances\/cmgjb7xg80000356n0la36l4c@published\" data-editable=\"text\" data-component-name=\"paragraph\" data-article-gutter=\"true\">\n            Esta noticia est\u00e1 en desarrollo y ser\u00e1 actualizada.\n    <\/p>\n","protected":false},"excerpt":{"rendered":"CNN \u00a0\u2014\u00a0 El Premio Nobel de Literatura 2025 ha sido otorgado a L\u00e1szl\u00f3 Krasznahorkai, novelista h\u00fangaro que afirm\u00f3&hellip;\n","protected":false},"author":2,"featured_media":164997,"comment_status":"","ping_status":"","sticky":false,"template":"","format":"standard","meta":{"footnotes":""},"categories":[91],"tags":[146,147,25,24,48616,48617,38709,23],"class_list":{"0":"post-164996","1":"post","2":"type-post","3":"status-publish","4":"format-standard","5":"has-post-thumbnail","7":"category-entretenimiento","8":"tag-entertainment","9":"tag-entretenimiento","10":"tag-es","11":"tag-espana","12":"tag-laszlo-krasznahorkai","13":"tag-nobel-de-literatura","14":"tag-premio-nobel","15":"tag-spain"},"share_on_mastodon":{"url":"","error":""},"_links":{"self":[{"href":"https:\/\/www.europesays.com\/es\/wp-json\/wp\/v2\/posts\/164996","targetHints":{"allow":["GET"]}}],"collection":[{"href":"https:\/\/www.europesays.com\/es\/wp-json\/wp\/v2\/posts"}],"about":[{"href":"https:\/\/www.europesays.com\/es\/wp-json\/wp\/v2\/types\/post"}],"author":[{"embeddable":true,"href":"https:\/\/www.europesays.com\/es\/wp-json\/wp\/v2\/users\/2"}],"replies":[{"embeddable":true,"href":"https:\/\/www.europesays.com\/es\/wp-json\/wp\/v2\/comments?post=164996"}],"version-history":[{"count":0,"href":"https:\/\/www.europesays.com\/es\/wp-json\/wp\/v2\/posts\/164996\/revisions"}],"wp:featuredmedia":[{"embeddable":true,"href":"https:\/\/www.europesays.com\/es\/wp-json\/wp\/v2\/media\/164997"}],"wp:attachment":[{"href":"https:\/\/www.europesays.com\/es\/wp-json\/wp\/v2\/media?parent=164996"}],"wp:term":[{"taxonomy":"category","embeddable":true,"href":"https:\/\/www.europesays.com\/es\/wp-json\/wp\/v2\/categories?post=164996"},{"taxonomy":"post_tag","embeddable":true,"href":"https:\/\/www.europesays.com\/es\/wp-json\/wp\/v2\/tags?post=164996"}],"curies":[{"name":"wp","href":"https:\/\/api.w.org\/{rel}","templated":true}]}}