{"id":165021,"date":"2025-10-09T12:01:11","date_gmt":"2025-10-09T12:01:11","guid":{"rendered":"https:\/\/www.europesays.com\/es\/165021\/"},"modified":"2025-10-09T12:01:11","modified_gmt":"2025-10-09T12:01:11","slug":"muere-susan-kendall-newman-hija-de-paul-newman-y-actriz-de-locos-por-ellos-cultura","status":"publish","type":"post","link":"https:\/\/www.europesays.com\/es\/165021\/","title":{"rendered":"Muere Susan Kendall Newman, hija de Paul Newman y actriz de \u2018Locos por ellos\u2019 | Cultura"},"content":{"rendered":"<p class=\"\">Susan Kendall Newman \u2014actriz, productora y activista social\u2014 ha fallecido a los 72 a\u00f1os. La hija de <a href=\"https:\/\/elpais.com\/cultura\/2025-01-25\/paul-newman-cien-anos-de-la-mirada-azul-mas-intensa-del-cine.html\" target=\"_blank\" rel=\"nofollow noopener\" title=\"https:\/\/elpais.com\/cultura\/2025-01-25\/paul-newman-cien-anos-de-la-mirada-azul-mas-intensa-del-cine.html\">Paul Newman<\/a> muri\u00f3 el 2 de agosto por complicaciones de salud, seg\u00fan anunci\u00f3 su familia, quien comunic\u00f3 recientemente la noticia. En su carrera destaca su interpretaci\u00f3n de una fan de los Beatles en Loco por ellos (1978), de Robert Zemeckis; su actuaci\u00f3n en Broadway en We Interrupt This Program&#8230; (1975) y su rol como productora televisiva en 1980 con La caja oscura, protagonizada por <a href=\"https:\/\/elpais.com\/television\/2022-11-05\/paul-newman-y-joanne-woodward-secretos-y-reveses-de-un-matrimonio-lleno-de-amor-y-talento.html\" target=\"_self\" rel=\"nofollow noopener\" title=\"https:\/\/elpais.com\/television\/2022-11-05\/paul-newman-y-joanne-woodward-secretos-y-reveses-de-un-matrimonio-lleno-de-amor-y-talento.html\">su madrastra Joanne Woodward<\/a> y dirigida por su padre, que tuvo cuatro nominaciones a los premios Emmy. Fue tambi\u00e9n productora nominada a los Grammy como mejor disco de palabra hablada para ni\u00f1os, por una serie de audiolibros de literatura cl\u00e1sica en un formato familiar. <\/p>\n<p class=\"\">Jackie Witte y Paul Newman se casaron en Cleveland a finales de 1949. Del matrimonio nacieron tres hijos: Scott, Susan y Stephanie. Tras el divorcio de la pareja en 1958, el padre se cas\u00f3 \u2014al d\u00eda despu\u00e9s\u2014 <a href=\"https:\/\/elpais.com\/cultura\/2022-05-22\/paul-newman-y-joanne-woodward-cincuenta-anos-de-amor-y-compromiso-artistico.html\" target=\"_blank\" rel=\"nofollow noopener\" title=\"https:\/\/elpais.com\/cultura\/2022-05-22\/paul-newman-y-joanne-woodward-cincuenta-anos-de-amor-y-compromiso-artistico.html\">con Joanne Woodward<\/a>, con quien protagoniz\u00f3 El largo y caluroso verano (1958). De esa uni\u00f3n, Susan tuvo tres hermanos: Elinor, Melissa y Claire. <\/p>\n<p><img decoding=\"auto\" class=\"_re lazyload a_m-h\" height=\"279\"  width=\"414\"  src=\"https:\/\/www.europesays.com\/es\/wp-content\/uploads\/2025\/10\/TB5C6I7SMFBMFK2BSNC5GOKKEQ.jpg\" loading=\"lazy\"\/>Susan Kendall Newman, con su padre, Paul Newman, en 1977. Bettmann (Bettmann Archive)<\/p>\n<p class=\"\">El \u00fanico hijo var\u00f3n, Scott, muri\u00f3 en noviembre de 1978 por una sobredosis de drogas, lo que motiv\u00f3 al padre a fundar el Centro Scott Newman para la prevenci\u00f3n del abuso de drogas. Ah\u00ed trabajo Susan, en 1980, donde lleg\u00f3 a ocupar el cargo de directora ejecutiva. Su rol le signific\u00f3 exponer ante el Congreso como experta en la problem\u00e1tica de las drogas, y fue ponente frecuente en el Centro Betty Ford \u2014una cl\u00ednica tambi\u00e9n dedicada al tratamiento de adicciones a drogas y alcohol\u2014<b> <\/b>y otras iniciativas. <\/p>\n<p class=\"\">Mezcl\u00f3 su experiencia en el cine con su papel fil\u00e1ntropo, por ejemplo, con un programa que invitaba a estudiantes adolescentes a crear anuncios televisivos para combatir el consumo de drogas, anuncios que fueron transmitidos a nivel nacional. <\/p>\n<p class=\"\">Otro espacio que lider\u00f3 fue la Fundaci\u00f3n de la Industria del Entretenimiento, donde fue presidenta, adem\u00e1s de fundar una empresa de consultor\u00eda que asesor\u00f3 a agencias gubernamentales, corporaciones y organizaciones sin fines de lucro para el desarrollo de programas de prevenci\u00f3n, divulgaci\u00f3n y recaudaci\u00f3n de fondos. En sus \u00faltimos a\u00f1os dedic\u00f3 su trabajo a la educaci\u00f3n, justicia juvenil y acceso a la salud.<\/p>\n","protected":false},"excerpt":{"rendered":"Susan Kendall Newman \u2014actriz, productora y activista social\u2014 ha fallecido a los 72 a\u00f1os. La hija de Paul&hellip;\n","protected":false},"author":2,"featured_media":165022,"comment_status":"","ping_status":"","sticky":false,"template":"","format":"standard","meta":{"footnotes":""},"categories":[174],"tags":[1015,255,177,209,146,147,25,24,629,256,5920,724,39487,23,807],"class_list":{"0":"post-165021","1":"post","2":"type-post","3":"status-publish","4":"format-standard","5":"has-post-thumbnail","7":"category-famosos","8":"tag-actrices","9":"tag-celebrities","10":"tag-cine","11":"tag-cultura","12":"tag-entertainment","13":"tag-entretenimiento","14":"tag-es","15":"tag-espana","16":"tag-estados-unidos","17":"tag-famosos","18":"tag-filantropia","19":"tag-obituarios","20":"tag-paul-newman","21":"tag-spain","22":"tag-television"},"share_on_mastodon":{"url":"","error":""},"_links":{"self":[{"href":"https:\/\/www.europesays.com\/es\/wp-json\/wp\/v2\/posts\/165021","targetHints":{"allow":["GET"]}}],"collection":[{"href":"https:\/\/www.europesays.com\/es\/wp-json\/wp\/v2\/posts"}],"about":[{"href":"https:\/\/www.europesays.com\/es\/wp-json\/wp\/v2\/types\/post"}],"author":[{"embeddable":true,"href":"https:\/\/www.europesays.com\/es\/wp-json\/wp\/v2\/users\/2"}],"replies":[{"embeddable":true,"href":"https:\/\/www.europesays.com\/es\/wp-json\/wp\/v2\/comments?post=165021"}],"version-history":[{"count":0,"href":"https:\/\/www.europesays.com\/es\/wp-json\/wp\/v2\/posts\/165021\/revisions"}],"wp:featuredmedia":[{"embeddable":true,"href":"https:\/\/www.europesays.com\/es\/wp-json\/wp\/v2\/media\/165022"}],"wp:attachment":[{"href":"https:\/\/www.europesays.com\/es\/wp-json\/wp\/v2\/media?parent=165021"}],"wp:term":[{"taxonomy":"category","embeddable":true,"href":"https:\/\/www.europesays.com\/es\/wp-json\/wp\/v2\/categories?post=165021"},{"taxonomy":"post_tag","embeddable":true,"href":"https:\/\/www.europesays.com\/es\/wp-json\/wp\/v2\/tags?post=165021"}],"curies":[{"name":"wp","href":"https:\/\/api.w.org\/{rel}","templated":true}]}}