{"id":165025,"date":"2025-10-09T12:03:13","date_gmt":"2025-10-09T12:03:13","guid":{"rendered":"https:\/\/www.europesays.com\/es\/165025\/"},"modified":"2025-10-09T12:03:13","modified_gmt":"2025-10-09T12:03:13","slug":"los-libros-imprescindibles-de-laszlo-krasznahorkai-el-nuevo-nobel-de-literatura-2025","status":"publish","type":"post","link":"https:\/\/www.europesays.com\/es\/165025\/","title":{"rendered":"Los libros imprescindibles de L\u00e1szl\u00f3 Krasznahorkai, el nuevo Nobel de Literatura 2025"},"content":{"rendered":"<p class=\"\">La <a href=\"https:\/\/as.com\/meristation\/libros\/laszlo-krasznahorkai-el-maestro-hungaro-del-apocalipsis-que-conquisto-el-nobel-f202510-n\/\" target=\"_self\" rel=\"nofollow noopener\" title=\"https:\/\/as.com\/meristation\/libros\/laszlo-krasznahorkai-el-maestro-hungaro-del-apocalipsis-que-conquisto-el-nobel-f202510-n\/\">concesi\u00f3n del Premio Nobel de Literatura 2025 al h\u00fangaro L\u00e1szl\u00f3 Krasznahorkai<\/a> invita a repasar su trayectoria creativa y sus t\u00edtulos m\u00e1s emblem\u00e1ticos. Conocido por un estilo narrativo denso y frases interminables, <b>Krasznahorkai se ha consolidado como un referente literario internacional<\/b>. Su \u00f3pera prima, \u2018Sat\u00e1ntang\u00f3\u2019 (1985), fue un \u00e9xito inmediato. La novela arranca en una aldea ruinosa azotada por lluvias constantes: la poblaci\u00f3n, agotada y aislada, cae bajo el influjo de Irimi\u00e1s, un estafador mesi\u00e1nico que los persuade para entregarle sus ahorros con la promesa de un futuro luminoso. Este retrato oscuro de la manipulaci\u00f3n y la esperanza frustrada qued\u00f3 inmortalizado tambi\u00e9n en el cine: B\u00e9la Tarr dirigi\u00f3 la c\u00e9lebre versi\u00f3n f\u00edlmica de siete horas \u2018Sat\u00e1ntang\u00f3\u2019 (1994) basada en la novela.<\/p>\n<p>\u2018Sat\u00e1ntang\u00f3\u2019 (1985)<\/p>\n<p class=\"\">La primera novela de Krasznahorkai, conocida en espa\u00f1ol como \u2018Tango sat\u00e1nico\u2019, lanz\u00f3 su carrera literaria. Ambientada en un pueblo h\u00fangaro an\u00f3nimo, muestra una comunidad desolada donde <b>la inteligencia ha sido aniquilada por la violencia y el resentimiento<\/b>. All\u00ed, Irimi\u00e1s se hace pasar por salvador y convence a los granjeros arruinados de darle todo su dinero antes de mudarse a otro poblado abandonado. El relato es <b>una par\u00e1bola oscura sobre el poder de la palabra y la traici\u00f3n<\/b>, un mundo grotesco de promesas rotas y tradiciones agonizantes. \u2018Sat\u00e1ntang\u00f3\u2019 coloc\u00f3 a Krasznahorkai en el centro de la vida literaria h\u00fangara, en gran parte gracias al impacto de la novela y su monumental adaptaci\u00f3n cinematogr\u00e1fica.<\/p>\n<p><img decoding=\"async\" src=\"https:\/\/www.europesays.com\/es\/wp-content\/uploads\/2025\/10\/63XAT7LTVJESPI4F6DFHZRV5GY.jpg\" alt=\"Tango Sat\u00e1nico\" class=\"mm__img\"   width=\"945\" height=\"1497\" loading=\"lazy\"\/><\/p>\n<p>Ampliar<\/p>\n<p>\u2018La melancol\u00eda de la resistencia\u2019 (1989)<\/p>\n<p class=\"\">En esta segunda novela, traducida a varios idiomas y elogiada por la cr\u00edtica, Krasznahorkai retrata un ambiente igualmente opresivo en una peque\u00f1a ciudad h\u00fangara bajo un extra\u00f1o influjo. Una caravana circense llega en invierno, exhibiendo el cuerpo embalsamado de una ballena gigante, lo que desata rumores y terror entre los habitantes. La novela presenta un mundo pl\u00fambeo y totalitario, dominado por fuerzas ciegas e impersonales. La brutalidad y el conformismo anulan la raz\u00f3n, mientras los personajes, ir\u00f3nicamente, parecen celebrarlo bailando un tango sat\u00e1nico nocturno. La melancol\u00eda de la resistencia es considerada una obra maestra del humor negro y fue llevada al cine con el t\u00edtulo Werckmeister Harmonies (2000) por B\u00e9la Tarr, consolidando el estatus internacional de Krasznahorkai.<\/p>\n<p><img decoding=\"async\" src=\"https:\/\/www.europesays.com\/es\/wp-content\/uploads\/2025\/10\/7RPWQUULNJADNKXIGLPJJWGJB4.jpeg\" alt=\"Melancol\u00eda de la resistencia, una de las obras cumbre de L\u00e1szl\u00f3 Krasznahorkai, premio Nobel de Literatura.\" class=\"mm__img\"   width=\"768\" height=\"1210\" loading=\"lazy\"\/><\/p>\n<p>Ampliar<\/p>\n<p>\u2018Guerra y guerra\u2019 (1999)<\/p>\n<p class=\"\">Esta novela explora las obsesiones del protagonista, un archivista llamado Gy\u00f6rgy Korin. La trama empieza con Korin a punto de ser asaltado en un puente ferroviario, tras lo cual descubre por azar un antiguo manuscrito \u00e9pico en los archivos de su ciudad. El texto narra <b>la odisea de dos combatientes que intentan regresar a casa<\/b> despu\u00e9s de una guerra devastadora. Korin, al borde del colapso emocional, decide huir a Nueva York llevando consigo el manuscrito: <b>su plan es publicarlo en Internet para preservarlo \u201cpara la eternidad\u201d<\/b> antes de quitarse la vida. En la metr\u00f3polis, la novela sigue obsesivamente sus pasos, describiendo su peregrinaje en frases extensas y po\u00e9ticas mientras se enfrenta a un mundo dividido entre el vicio y una misteriosa belleza. <b>\u2018Guerra y guerra\u2019 confirma la mirada apocal\u00edptica del autor<\/b>, enfocando la insignificancia del individuo ante la historia.<\/p>\n<p><img decoding=\"async\" src=\"https:\/\/www.europesays.com\/es\/wp-content\/uploads\/2025\/10\/PNLFHPAUR5EWTA2Y7K5V2PA43Y.jpg\" alt=\"\" class=\"mm__img\"   width=\"945\" height=\"1476\" loading=\"lazy\"\/><\/p>\n<p>Ampliar<\/p>\n<p>\u2018Y Seiobo descendi\u00f3 a la Tierra\u2019 (2008)<\/p>\n<p class=\"\">M\u00e1s all\u00e1 de sus sagas y apocalipsis,<b> Krasznahorkai abord\u00f3 lo sublime en esta novela epis\u00f3dica<\/b>. El libro narra la visita de Seiobo, una diosa japonesa de la belleza, al mundo contempor\u00e1neo en busca de momentos perfectos: desde un ritual sinto\u00edsta en Tokio hasta la restauraci\u00f3n de un Buda milenario, pasando por la pintura renacentista italiana y la m\u00fasica barroca, adem\u00e1s de monumentos como la Acr\u00f3polis, la Alhambra o la Pedrera. <b>Cada episodio muestra a un personaje humano ante una manifestaci\u00f3n de arte<\/b>, revelando c\u00f3mo lo bello, por fugaz que sea, revela lo sagrado. La obra ha sido descrita como melanc\u00f3lica y turbadora, una exploraci\u00f3n de \u201cel consuelo extraordinario de la belleza\u201d que caracteriza la prosa de Krasznahorkai. Con Seiobo, el autor ampl\u00eda su tem\u00e1tica a lo universal, reflexionando sobre la conexi\u00f3n entre arte y redenci\u00f3n.<\/p>\n<p><img decoding=\"async\" src=\"https:\/\/www.europesays.com\/es\/wp-content\/uploads\/2025\/10\/CA3I6HQTHBHTJMOTSDWE5L4I4E.jpg\" alt=\"Y Seiobo descendi\u00f3 a la Tierra de L\u00e1szl\u00f3 Krasznahorkai\" class=\"mm__img\"   width=\"945\" height=\"1483\" loading=\"lazy\"\/><\/p>\n<p>Ampliar<\/p>\n<p>\u2018El bar\u00f3n Wenckheim vuelve a casa\u2019 (2016)<\/p>\n<p class=\"\"><b>Considerada su novela m\u00e1s extensa y arrolladora<\/b>, este \u00faltimo t\u00edtulo concluye un ciclo vital y creativo. En la historia, el arist\u00f3crata h\u00fangaro B\u00e9la Wenckheim, un bar\u00f3n envejecido que huy\u00f3 a Argentina endeudado, decide regresar a su ciudad natal al conocer la cercana muerte de un familiar. <b>Su llegada a la comunidad genera una cascada de reacciones<\/b>: pol\u00edticos locales ambiciosos, periodistas locuaces, parientes olvidados y hasta un grupo de moteros que lo quieren convertir en l\u00edder, todos contribuyen a un fresco colectivo ir\u00f3nico de la sociedad provincial. La narraci\u00f3n se compone de mon\u00f3logos largos y conectados, una muestra del virtuosismo de estilo del autor, que transforma la trama en un tapiz coral sobre el desencanto poscomunista. Esta novela recibi\u00f3 el <b>Premio Man Booker Internacional 2015<\/b> y, seg\u00fan la cr\u00edtica, es <b>su obra m\u00e1s larga, extra\u00f1a y posiblemente grandiosa<\/b> hasta la fecha, pues combina el absurdo con la reflexi\u00f3n nihilista sin perder el humor oscuro.<\/p>\n<p><img decoding=\"async\" src=\"https:\/\/www.europesays.com\/es\/wp-content\/uploads\/2025\/10\/62NHLTZDLZF7PAP3RAPQ3MIN7I.jpg\" alt=\"\u2018El bar\u00f3n Wenckheim vuelve a casa\u2019, de L\u00e1szl\u00f3 Krasznahorkai\" class=\"mm__img\"   width=\"1572\" height=\"2482\" loading=\"lazy\"\/><\/p>\n<p>Ampliar<\/p>\n<p class=\"\"><b>La prosa caracter\u00edstica de Krasznahorkai se hace patente en todas estas novelas<\/b>: frases ininterrumpidas que se extienden por p\u00e1ginas enteras, un ritmo hipn\u00f3tico que arrastra al lector a trav\u00e9s de im\u00e1genes apocal\u00edpticas y existenciales. En conjunto, los libros destacados configuran un universo literario \u00fanico donde lo grotesco, lo \u00e9pico y lo sublime convergen.<b> Cada obra justifica su lugar como imprescindible en la trayectoria del autor<\/b>, pues presenta facetas complementarias de su inquietante visi\u00f3n del mundo: desde la decadencia rural de Sat\u00e1ntang\u00f3 hasta la agitaci\u00f3n urbana de Guerra y guerra, pasando por la b\u00fasqueda de la belleza en Seiobo y la s\u00e1tira social en El bar\u00f3n Wenckheim vuelve a casa. En definitiva, estos t\u00edtulos revelan el poder narrativo de Krasznahorkai y la solidez de su legado literario.<\/p>\n<p class=\"\">Pieza potenciada por IA<\/p>\n<p>Noticias relacionadas<\/p>\n<p class=\"\">Suscr\u00edbete al <a href=\"https:\/\/www.youtube.com\/@meristation\" target=\"_self\" rel=\"nofollow noopener\" title=\"https:\/\/www.youtube.com\/@meristation\">canal de MeriStation en YouTube<\/a>, tu web de videojuegos y entretenimiento para conocer todas las noticias y novedades sobre el mundo del videojuego, cine, series, manga y anime. An\u00e1lisis, entrevistas, tr\u00e1ileres, gameplays, p\u00f3dcast y mucho m\u00e1s. Tambi\u00e9n te animamos a seguir <a href=\"https:\/\/www.tiktok.com\/@meristation\" rel=\"nofollow noopener\" title=\"https:\/\/www.tiktok.com\/@meristation\" target=\"_blank\">nuestra cuenta de TikTok<\/a>. <\/p>\n<p class=\"\">\u00a1S\u00edguenos en ambas y, si est\u00e1s interesado en licenciar este contenido, pincha <a href=\"https:\/\/profesional.elpais.com\/landing-sindicacion\/?utm_medium=interno&amp;utm_source=crosslinking&amp;utm_campaign=sindicacion_as_pie_articulos\" target=\"_blank\" rel=\"nofollow noopener\" title=\"https:\/\/profesional.elpais.com\/landing-sindicacion\/?utm_medium=interno&amp;utm_source=crosslinking&amp;utm_campaign=sindicacion_as_pie_articulos\">aqu\u00ed<\/a>!<\/p>\n<p><script async src=\"\/\/www.tiktok.com\/embed.js\"><\/script><\/p>\n","protected":false},"excerpt":{"rendered":"La concesi\u00f3n del Premio Nobel de Literatura 2025 al h\u00fangaro L\u00e1szl\u00f3 Krasznahorkai invita a repasar su trayectoria creativa&hellip;\n","protected":false},"author":2,"featured_media":165026,"comment_status":"","ping_status":"","sticky":false,"template":"","format":"standard","meta":{"footnotes":""},"categories":[172],"tags":[224,146,147,25,24,225,23],"class_list":{"0":"post-165025","1":"post","2":"type-post","3":"status-publish","4":"format-standard","5":"has-post-thumbnail","7":"category-libros","8":"tag-books","9":"tag-entertainment","10":"tag-entretenimiento","11":"tag-es","12":"tag-espana","13":"tag-libros","14":"tag-spain"},"share_on_mastodon":{"url":"","error":""},"_links":{"self":[{"href":"https:\/\/www.europesays.com\/es\/wp-json\/wp\/v2\/posts\/165025","targetHints":{"allow":["GET"]}}],"collection":[{"href":"https:\/\/www.europesays.com\/es\/wp-json\/wp\/v2\/posts"}],"about":[{"href":"https:\/\/www.europesays.com\/es\/wp-json\/wp\/v2\/types\/post"}],"author":[{"embeddable":true,"href":"https:\/\/www.europesays.com\/es\/wp-json\/wp\/v2\/users\/2"}],"replies":[{"embeddable":true,"href":"https:\/\/www.europesays.com\/es\/wp-json\/wp\/v2\/comments?post=165025"}],"version-history":[{"count":0,"href":"https:\/\/www.europesays.com\/es\/wp-json\/wp\/v2\/posts\/165025\/revisions"}],"wp:featuredmedia":[{"embeddable":true,"href":"https:\/\/www.europesays.com\/es\/wp-json\/wp\/v2\/media\/165026"}],"wp:attachment":[{"href":"https:\/\/www.europesays.com\/es\/wp-json\/wp\/v2\/media?parent=165025"}],"wp:term":[{"taxonomy":"category","embeddable":true,"href":"https:\/\/www.europesays.com\/es\/wp-json\/wp\/v2\/categories?post=165025"},{"taxonomy":"post_tag","embeddable":true,"href":"https:\/\/www.europesays.com\/es\/wp-json\/wp\/v2\/tags?post=165025"}],"curies":[{"name":"wp","href":"https:\/\/api.w.org\/{rel}","templated":true}]}}