{"id":165069,"date":"2025-10-09T12:29:04","date_gmt":"2025-10-09T12:29:04","guid":{"rendered":"https:\/\/www.europesays.com\/es\/165069\/"},"modified":"2025-10-09T12:29:04","modified_gmt":"2025-10-09T12:29:04","slug":"vengadores-5-sin-hulk-mark-ruffalo-revela-por-que-marvel-no-le-quiere-en-ella-noticias-de-cine","status":"publish","type":"post","link":"https:\/\/www.europesays.com\/es\/165069\/","title":{"rendered":"&#8216;Vengadores 5&#8217; sin Hulk: Mark Ruffalo revela por qu\u00e9 Marvel no le quiere en ella &#8211; Noticias de cine"},"content":{"rendered":"<p>\u00abEra mejor deshacerse de m\u00ed\u00bb, ha dicho el actor, que lleva dando vida al personaje en la franquicia desde 2012 con la primera entrega del grupo de superh\u00e9roes<\/p>\n<p class=\"bo-p\">En poco menos de un a\u00f1o llegar\u00e1 a la gran pantalla el nuevo gran evento del <b>Universo Cinematogr\u00e1fico de Marvel<\/b>. <a href=\"https:\/\/www.sensacine.com\/peliculas\/pelicula-269068\/\" class=\"bo-link\" rel=\"nofollow noopener\" target=\"_blank\">Vengadores: Doomsday<\/a>, la nueva entrega del equipo de superh\u00e9roes, repite uno de los grandes aciertos de sus predecesoras <a href=\"https:\/\/www.sensacine.com\/peliculas\/pelicula-218265\/\" class=\"bo-link\" rel=\"nofollow noopener\" target=\"_blank\">Infinity War<\/a> (2018) y <a href=\"https:\/\/www.sensacine.com\/peliculas\/pelicula-232669\/\" class=\"bo-link\" rel=\"nofollow noopener\" target=\"_blank\">Endgame<\/a> (2019): un elenco de actores gigantesco. <a href=\"https:\/\/www.sensacine.com\/actores\/actor-705743\/\" class=\"bo-link\" rel=\"nofollow noopener\" target=\"_blank\">Florence Pugh<\/a> como Yelena Belova\/Viuda Negra, <a href=\"https:\/\/www.sensacine.com\/actores\/actor-213564\/\" class=\"bo-link\" rel=\"nofollow noopener\" target=\"_blank\">Pedro Pascal<\/a> como <b>Reed Richards<\/b>\/<b>Mr. Fant\u00e1stico<\/b> y <a href=\"https:\/\/www.sensacine.com\/actores\/actor-10976\/\" class=\"bo-link\" rel=\"nofollow noopener\" target=\"_blank\">Robert Downey Jr.<\/a> como el villano <b>Doctor Muerte<\/b> son algunos de los grandes nombres de la ambiciosa producci\u00f3n.<\/p>\n<p class=\"bo-p\">Sin embargo, algunos nombres se han quedado fuera. O eso parece, pues seguro que Marvel tiene guardadas unas cuantas sorpresas. Uno de ellos es el de <a href=\"https:\/\/www.sensacine.com\/actores\/actor-588862\/\" class=\"bo-link\" rel=\"nofollow noopener\" target=\"_blank\">Tom Holland<\/a>, que est\u00e1 rodando <a href=\"https:\/\/www.sensacine.com\/peliculas\/pelicula-276608\/\" class=\"bo-link\" rel=\"nofollow noopener\" target=\"_blank\">Spider-Man: Brand New Day<\/a>, la cuarta entrega del hombre ara\u00f1a. Tambi\u00e9n el de <a href=\"https:\/\/www.sensacine.com\/actores\/actor-25190\/\" class=\"bo-link\" rel=\"nofollow noopener\" target=\"_blank\">Mark Ruffalo<\/a>, que da vida <b>Hulk<\/b>\/<b>Bruce Banner<\/b>. El actor lleva dando vida al superh\u00e9roe desde <a href=\"https:\/\/www.sensacine.com\/peliculas\/pelicula-130440\/\" class=\"bo-link\" rel=\"nofollow noopener\" target=\"_blank\">Los Vengadores<\/a> (2012) y volver\u00e1 en la cuarta entrega sobre Peter Parker junto a Holland.<\/p>\n<p class=\"bo-p\">El propio Ruffalo ha revelado en el programa de <a href=\"https:\/\/www.sensacine.com\/actores\/actor-50611\/\" class=\"bo-link\" rel=\"nofollow noopener\" target=\"_blank\">Jimmy Fallon<\/a> por qu\u00e9 Marvel no quiere contar con \u00e9l en Vengadores 5. El actor ha bromeado diciendo lo siguiente: <b>\u00abDecidieron que era mejor deshacerse de m\u00ed antes que dejarme revelar el final de la pr\u00f3xima pel\u00edcula\u00bb<\/b>.<\/p>\n<p>    <a class=\"cms-see-also\" data-title=\"Link relacionado\" href=\"https:\/\/www.sensacine.com\/noticias\/cine\/noticia-1000167762\/\" rel=\"nofollow noopener\" target=\"_blank\">Marvel elimina la pel\u00edcula que iba a estrenar tras &#8216;Vengadores 5&#8217;: Es uno de los grandes secretos del estudio, pero no todo est\u00e1 perdido<\/a><br \/>\nLos contadores de &#8216;spoilers&#8217; del UCM<\/p>\n<p>                                <img loading=\"lazy\" decoding=\"async\" class=\"article-figure-img\" mark=\"\" ruffalo=\"\" como=\"\" bruce=\"\" banner=\"\" en=\"\" abogada=\"\" hulka=\"\" src=\"https:\/\/www.europesays.com\/es\/wp-content\/uploads\/2025\/10\/581be6a5b923845c0ae582983e679191.jpg\" width=\"640\" height=\"320\" alt=\"Mark Ruffalo como Bruce Banner en 'She-Hulk: Abogada Hulka'\"\/><\/p>\n<p>                                    Marvel Studios<\/p>\n<p>                    Mark Ruffalo como Bruce Banner en &#8216;She-Hulk: Abogada Hulka&#8217;<\/p>\n<p class=\"bo-p\">Ruffalo y Holland se convirtieron en los contadores de &#8216;spoilers&#8217; del UCM. El primero hizo un Instagram Live de 10 minutos sin darse cuenta durante la premiere de <a href=\"https:\/\/www.sensacine.com\/peliculas\/pelicula-223252\/\" class=\"bo-link\" rel=\"nofollow noopener\" target=\"_blank\">Thor: Ragnarok<\/a> (2017) mientras el filme se estaba proyectando. El segundo lleva desde diciembre de 2016 contando cosas en entrevistas que no deber\u00eda contar: detalles que no parecen tener importancia hasta que los fans unen los puntos y descubren partes de la trama de una pel\u00edcula.<\/p>\n<p class=\"bo-p\">Por ahora, <a href=\"https:\/\/www.sensacine.com\/noticias\/cine\/noticia-1000136107\/\" class=\"bo-link\" rel=\"nofollow noopener\" target=\"_blank\">hay m\u00e1s de una veintena de actores confirmados para Vengadores 5<\/a>. La pel\u00edcula no solo supone el regreso de Downey Jr. al UCM, tambi\u00e9n el de los directores <a href=\"https:\/\/www.sensacine.com\/actores\/actor-71968\/\" class=\"bo-link\" rel=\"nofollow noopener\" target=\"_blank\">Joe<\/a> y <a href=\"https:\/\/www.sensacine.com\/actores\/actor-71967\/\" class=\"bo-link\" rel=\"nofollow noopener\" target=\"_blank\">Anthony Russo<\/a>, que se colocaron detr\u00e1s de las c\u00e1maras en <a href=\"https:\/\/www.sensacine.com\/peliculas\/pelicula-193113\/\" class=\"bo-link\" rel=\"nofollow noopener\" target=\"_blank\">Capit\u00e1n Am\u00e9rica: El soldado de invierno<\/a> (2014), <a href=\"https:\/\/www.sensacine.com\/peliculas\/pelicula-215143\/\" class=\"bo-link\" rel=\"nofollow noopener\" target=\"_blank\">Capit\u00e1n Am\u00e9rica: Civil War<\/a> (2016), Infinity War y Endgame. Ellos tambi\u00e9n dirigir\u00e1n <a href=\"https:\/\/www.sensacine.com\/peliculas\/pelicula-295478\/\" class=\"bo-link\" rel=\"nofollow noopener\" target=\"_blank\">Secret Wars<\/a>, la secuela de Doomsday.<\/p>\n<p class=\"bo-p\">En cuanto a Ruffalo, la \u00faltima vez que le vimos como Hulk fue en la serie <a href=\"https:\/\/www.sensacine.com\/series\/serie-25545\/\" class=\"bo-link\" rel=\"nofollow noopener\" target=\"_blank\">She-Hulk. Abogada Hulka<\/a> (2022). Sobre su regreso en Spider-Man 4, Ruffalo no ha querido pillarse los dedos. El actor dijo lo siguiente en ET Online el pasado mes de septiembre: \u00abNo lo s\u00e9, <b>todav\u00eda estoy esperando noticias<\/b>. Todav\u00eda no he le\u00eddo el guion. Bueno, si llega a suceder, ser\u00eda incre\u00edble. Crec\u00ed con esto y me ha cambiado la vida de forma positiva. Cada vez es un director nuevo, un mundo nuevo y es tan emocionante. No hay nada igual\u00bb. <\/p>\n","protected":false},"excerpt":{"rendered":"\u00abEra mejor deshacerse de m\u00ed\u00bb, ha dicho el actor, que lleva dando vida al personaje en la franquicia&hellip;\n","protected":false},"author":2,"featured_media":165070,"comment_status":"","ping_status":"","sticky":false,"template":"","format":"standard","meta":{"footnotes":""},"categories":[169],"tags":[1926,48622,8289,10961,177,146,147,25,24,10962,176,2395,48623,2631,175,23,10276,23552,29619],"class_list":{"0":"post-165069","1":"post","2":"type-post","3":"status-publish","4":"format-standard","5":"has-post-thumbnail","7":"category-cine","8":"tag-accion","9":"tag-avengers","10":"tag-aventuras","11":"tag-ciencia_ficcion","12":"tag-cine","13":"tag-entertainment","14":"tag-entretenimiento","15":"tag-es","16":"tag-espana","17":"tag-fantasia","18":"tag-film","19":"tag-hulk","20":"tag-mark_ruffalo","21":"tag-marvel","22":"tag-movies","23":"tag-spain","24":"tag-superheroes","25":"tag-vengadores","26":"tag-vengadores_5"},"share_on_mastodon":{"url":"","error":""},"_links":{"self":[{"href":"https:\/\/www.europesays.com\/es\/wp-json\/wp\/v2\/posts\/165069","targetHints":{"allow":["GET"]}}],"collection":[{"href":"https:\/\/www.europesays.com\/es\/wp-json\/wp\/v2\/posts"}],"about":[{"href":"https:\/\/www.europesays.com\/es\/wp-json\/wp\/v2\/types\/post"}],"author":[{"embeddable":true,"href":"https:\/\/www.europesays.com\/es\/wp-json\/wp\/v2\/users\/2"}],"replies":[{"embeddable":true,"href":"https:\/\/www.europesays.com\/es\/wp-json\/wp\/v2\/comments?post=165069"}],"version-history":[{"count":0,"href":"https:\/\/www.europesays.com\/es\/wp-json\/wp\/v2\/posts\/165069\/revisions"}],"wp:featuredmedia":[{"embeddable":true,"href":"https:\/\/www.europesays.com\/es\/wp-json\/wp\/v2\/media\/165070"}],"wp:attachment":[{"href":"https:\/\/www.europesays.com\/es\/wp-json\/wp\/v2\/media?parent=165069"}],"wp:term":[{"taxonomy":"category","embeddable":true,"href":"https:\/\/www.europesays.com\/es\/wp-json\/wp\/v2\/categories?post=165069"},{"taxonomy":"post_tag","embeddable":true,"href":"https:\/\/www.europesays.com\/es\/wp-json\/wp\/v2\/tags?post=165069"}],"curies":[{"name":"wp","href":"https:\/\/api.w.org\/{rel}","templated":true}]}}