{"id":165081,"date":"2025-10-09T12:35:09","date_gmt":"2025-10-09T12:35:09","guid":{"rendered":"https:\/\/www.europesays.com\/es\/165081\/"},"modified":"2025-10-09T12:35:09","modified_gmt":"2025-10-09T12:35:09","slug":"china-anuncia-nuevos-controles-a-la-exportacion-de-tierras-raras","status":"publish","type":"post","link":"https:\/\/www.europesays.com\/es\/165081\/","title":{"rendered":"China anuncia nuevos controles a la exportaci\u00f3n de tierras raras"},"content":{"rendered":"<p>    <img src=\"https:\/\/www.europesays.com\/es\/wp-content\/uploads\/2025\/10\/2025-10-09T113A463A16Z-90140287.jpg\" width=\"1024\" height=\"682\" alt=\"\" loading=\"eager\" decoding=\"sync\" fetchpriority=\"high\"\/><\/p>\n<p>            afp_tickers        <\/p>\n<p>        Este contenido fue publicado en    <\/p>\n<p>        09 octubre 2025 &#8211; 13:46\n<\/p>\n<p>China anunci\u00f3 el jueves nuevos controles a la exportaci\u00f3n de tecnolog\u00edas relacionadas con las tierras raras, que se suman a las regulaciones existentes sobre esta crucial industria.<\/p>\n<p>Las tierras raras han sido un punto de fricci\u00f3n en las negociaciones comerciales entre China y Estados Unidos. Washington acusa a Pek\u00edn de demorar la aprobaci\u00f3n de licencias de exportaci\u00f3n.<\/p>\n<p>Se trata de metales esenciales para la producci\u00f3n de computadores, bater\u00edas y nuevas tecnolog\u00edas energ\u00e9ticas.<\/p>\n<p>Los controles, que entran en vigor de inmediato, exigen obtener una autorizaci\u00f3n para exportar tecnolog\u00edas utilizadas en la extracci\u00f3n de las tierras raras y su fusi\u00f3n, indic\u00f3 el Ministerio de Comercio chino en un comunicado.<\/p>\n<p>El permiso tambi\u00e9n es requerido para las tecnolog\u00edas de \u00abensamblaje, ajuste, mantenimiento, reparaci\u00f3n y mejora de las l\u00edneas de producci\u00f3n\u00bb, agreg\u00f3 el ministerio.<\/p>\n<p>En un anuncio separado, la dependencia dijo que aplicar\u00e1 restricciones adicionales a entidades extranjeras que exportan productos relacionados con tierras raras fuera de China.<\/p>\n<p>\u00abPor alg\u00fan tiempo, organizaciones e individuos del exterior han transferido o suministrado (\u2026) productos controlados de tierras raras para su uso directo o indirecto en \u00e1reas sensibles como operaciones militares\u00bb, afirm\u00f3 un portavoz del ministerio en un comunicado.<\/p>\n<p>Tal pr\u00e1ctica ha causado \u00abda\u00f1o significativo o amenazas potenciales a la seguridad e intereses nacionales de China (e) impactado de forma adversa la paz y estabilidad internacionales\u00bb, se\u00f1al\u00f3 el portavoz.<\/p>\n<p>pfc\/dan\/mas\/mr<\/p>\n","protected":false},"excerpt":{"rendered":"afp_tickers Este contenido fue publicado en 09 octubre 2025 &#8211; 13:46 China anunci\u00f3 el jueves nuevos controles a&hellip;\n","protected":false},"author":2,"featured_media":165082,"comment_status":"","ping_status":"","sticky":false,"template":"","format":"standard","meta":{"footnotes":""},"categories":[42],"tags":[17,18,82,84,13,14,11,61,62,85,63,64,19,20,87,9,10,15,16,90,12,21,22,65,66,67],"class_list":{"0":"post-165081","1":"post","2":"type-post","3":"status-publish","4":"format-standard","5":"has-post-thumbnail","7":"category-internacional","8":"tag-breaking-news","9":"tag-breakingnews","10":"tag-business","11":"tag-economy-general","12":"tag-featured-news","13":"tag-featurednews","14":"tag-headlines","15":"tag-internacional","16":"tag-international","17":"tag-international-foreign-trade","18":"tag-international-news","19":"tag-internationalnews","20":"tag-latest-news","21":"tag-latestnews","22":"tag-macro-economics","23":"tag-news","24":"tag-noticias","25":"tag-noticias-destacadas","26":"tag-noticiasdestacadas","27":"tag-ticker","28":"tag-titulares","29":"tag-ultimas-noticias","30":"tag-ultimasnoticias","31":"tag-world","32":"tag-world-news","33":"tag-worldnews"},"share_on_mastodon":{"url":"","error":""},"_links":{"self":[{"href":"https:\/\/www.europesays.com\/es\/wp-json\/wp\/v2\/posts\/165081","targetHints":{"allow":["GET"]}}],"collection":[{"href":"https:\/\/www.europesays.com\/es\/wp-json\/wp\/v2\/posts"}],"about":[{"href":"https:\/\/www.europesays.com\/es\/wp-json\/wp\/v2\/types\/post"}],"author":[{"embeddable":true,"href":"https:\/\/www.europesays.com\/es\/wp-json\/wp\/v2\/users\/2"}],"replies":[{"embeddable":true,"href":"https:\/\/www.europesays.com\/es\/wp-json\/wp\/v2\/comments?post=165081"}],"version-history":[{"count":0,"href":"https:\/\/www.europesays.com\/es\/wp-json\/wp\/v2\/posts\/165081\/revisions"}],"wp:featuredmedia":[{"embeddable":true,"href":"https:\/\/www.europesays.com\/es\/wp-json\/wp\/v2\/media\/165082"}],"wp:attachment":[{"href":"https:\/\/www.europesays.com\/es\/wp-json\/wp\/v2\/media?parent=165081"}],"wp:term":[{"taxonomy":"category","embeddable":true,"href":"https:\/\/www.europesays.com\/es\/wp-json\/wp\/v2\/categories?post=165081"},{"taxonomy":"post_tag","embeddable":true,"href":"https:\/\/www.europesays.com\/es\/wp-json\/wp\/v2\/tags?post=165081"}],"curies":[{"name":"wp","href":"https:\/\/api.w.org\/{rel}","templated":true}]}}