{"id":165096,"date":"2025-10-09T12:45:14","date_gmt":"2025-10-09T12:45:14","guid":{"rendered":"https:\/\/www.europesays.com\/es\/165096\/"},"modified":"2025-10-09T12:45:14","modified_gmt":"2025-10-09T12:45:14","slug":"no-se-si-va-a-suceder-pero-ese-es-mi-objetivo","status":"publish","type":"post","link":"https:\/\/www.europesays.com\/es\/165096\/","title":{"rendered":"No s\u00e9 si va a suceder, pero ese es mi objetivo"},"content":{"rendered":"<p data-gtm-element-container=\"modulo-texto-link\" class=\"paragraph\"><strong>Evan Fournier<\/strong> afronta su segunda temporada defendiendo la el\u00e1stica del <strong>Olympiacos <\/strong>griego tras su etapa por la NBA. El alero franc\u00e9s busca el ansiado t\u00edtulo de la Euroliga y lo hace nuevamente a las \u00f3rdenes de Bartzokas. \u00abMe siento muy bien en el club. Me he adaptado completamente y mi transici\u00f3n ha ido bastante bien\u00bb, detalla en una entrevista para TVMonaco.\u00a0<\/p>\n<p data-gtm-element-container=\"modulo-texto-link\" class=\"paragraph\">Fournier explic\u00f3 los detalles de su llegada a Europa tras un largo paso por la liga estadounidense, donde milit\u00f3 en <strong>los Denver Nuggets, los Orlando Magic, los Boston Celtics, los NY Knicks y los Detroit Pistons.<\/strong> \u00abEs cierto que todo sucedi\u00f3 muy r\u00e1pido para m\u00ed cuando firm\u00e9. Al principio fue un poco extra\u00f1o. Constru\u00ed mi carrera en un solo lugar durante 12 a\u00f1os y luego cambias completamente, empiezas de cero a los 32 a\u00f1os, es extra\u00f1o\u00bb, recalca.\u00a0<\/p>\n<p>        Lee tambi\u00e9n<\/p>\n<p>    Eloy Rodellar<\/p>\n<p>             <img loading=\"lazy\" decoding=\"async\" data-full-src=\"https:\/\/www.mundodeportivo.com\/uploads\/2025\/09\/30\/68dc116049aa3.jpeg\" alt=\"Hapoel Tel Aviv - Bar\u00e7a, en directo: resultado y puntos | Euroliga: baloncesto en vivo\" width=\"334\" height=\"164\" src=\"https:\/\/www.europesays.com\/es\/wp-content\/uploads\/2025\/10\/1760013914_998_68dc116049aa3.jpeg\" class=\"lazy\"\/><\/p>\n<p data-gtm-element-container=\"modulo-texto-link\" class=\"paragraph\">El franc\u00e9s habl\u00f3 sobre la pasada edici\u00f3n de la Euroliga, conquistada por el <strong>Fenerbahce <\/strong>en Abu Dhabi. \u00abEl objetivo era ganar. No lo hemos conseguido, <strong>as\u00ed que no puedo irme hasta que lo logremos<\/strong>\u00ab, detalla.<\/p>\n<p data-gtm-element-container=\"modulo-texto-link\" class=\"paragraph\">A sus 32 a\u00f1os, Fournier solo piensa en conquistar el t\u00edtulo de la Euroliga, aunque ya define en qu\u00e9 equipo le gustar\u00eda terminar su trayectoria. \u00abMe siento muy bien y <strong>quiero terminar mi carrera aqu\u00ed.\u00a0No s\u00e9 si eso va a suceder, pero para m\u00ed ese es el objetivo<\/strong>\u00ab, concluye.<\/p>\n<p>        Lee tambi\u00e9n<\/p>\n<p>    Oriol Falc\u00f3n<\/p>\n<p>             <img loading=\"lazy\" decoding=\"async\" data-full-src=\"https:\/\/www.mundodeportivo.com\/uploads\/2025\/10\/09\/68e76876bf21b.jpeg\" alt=\"Ante Tomic y Olek Balcerowki en sus respectivos partidos de BCL\" width=\"334\" height=\"164\" src=\"https:\/\/www.europesays.com\/es\/wp-content\/uploads\/2025\/10\/68e76876bf21b.jpeg\" class=\"lazy\"\/><\/p>\n<p data-gtm-element-container=\"modulo-texto-link\" class=\"paragraph\">El <strong>Olympiacos <\/strong>se enfrentar\u00e1 este viernes al <strong>Dub\u00e1i Basketball<\/strong> (20:15 horas) en busca del segundo triunfo de la temporada en Euroliga. El equipo que dirige Bartzokas quiere levantarse del \u00faltimo rev\u00e9s, tras caer ante el Real Madrid en la segunda jornada.<\/p>\n","protected":false},"excerpt":{"rendered":"Evan Fournier afronta su segunda temporada defendiendo la el\u00e1stica del Olympiacos griego tras su etapa por la NBA.&hellip;\n","protected":false},"author":2,"featured_media":165097,"comment_status":"","ping_status":"","sticky":false,"template":"","format":"standard","meta":{"footnotes":""},"categories":[269],"tags":[299,298,168,25,24,23,167],"class_list":{"0":"post-165096","1":"post","2":"type-post","3":"status-publish","4":"format-standard","5":"has-post-thumbnail","7":"category-baloncesto","8":"tag-baloncesto","9":"tag-basketball","10":"tag-deportes","11":"tag-es","12":"tag-espana","13":"tag-spain","14":"tag-sports"},"share_on_mastodon":{"url":"","error":""},"_links":{"self":[{"href":"https:\/\/www.europesays.com\/es\/wp-json\/wp\/v2\/posts\/165096","targetHints":{"allow":["GET"]}}],"collection":[{"href":"https:\/\/www.europesays.com\/es\/wp-json\/wp\/v2\/posts"}],"about":[{"href":"https:\/\/www.europesays.com\/es\/wp-json\/wp\/v2\/types\/post"}],"author":[{"embeddable":true,"href":"https:\/\/www.europesays.com\/es\/wp-json\/wp\/v2\/users\/2"}],"replies":[{"embeddable":true,"href":"https:\/\/www.europesays.com\/es\/wp-json\/wp\/v2\/comments?post=165096"}],"version-history":[{"count":0,"href":"https:\/\/www.europesays.com\/es\/wp-json\/wp\/v2\/posts\/165096\/revisions"}],"wp:featuredmedia":[{"embeddable":true,"href":"https:\/\/www.europesays.com\/es\/wp-json\/wp\/v2\/media\/165097"}],"wp:attachment":[{"href":"https:\/\/www.europesays.com\/es\/wp-json\/wp\/v2\/media?parent=165096"}],"wp:term":[{"taxonomy":"category","embeddable":true,"href":"https:\/\/www.europesays.com\/es\/wp-json\/wp\/v2\/categories?post=165096"},{"taxonomy":"post_tag","embeddable":true,"href":"https:\/\/www.europesays.com\/es\/wp-json\/wp\/v2\/tags?post=165096"}],"curies":[{"name":"wp","href":"https:\/\/api.w.org\/{rel}","templated":true}]}}