{"id":165104,"date":"2025-10-09T12:49:24","date_gmt":"2025-10-09T12:49:24","guid":{"rendered":"https:\/\/www.europesays.com\/es\/165104\/"},"modified":"2025-10-09T12:49:24","modified_gmt":"2025-10-09T12:49:24","slug":"el-libro-por-sensaciones-una-vida-de-ciclista-repasa-l","status":"publish","type":"post","link":"https:\/\/www.europesays.com\/es\/165104\/","title":{"rendered":"El libro \u00abPor sensaciones. Una vida de ciclista\u00bb repasa l&#8230;"},"content":{"rendered":"<p>                    Escrito por el propio ciclista neerland\u00e9s junto al periodista Nando Boers, y editado por \u00abLibros de Ruta\u00bb, es una\u00a0cr\u00f3nica \u00edntima de su carrera deportiva, de la gloria al desenga\u00f1o y la liberaci\u00f3n que lleg\u00f3 con su retirada en 2022.<\/p>\n<p class=\"c-mainarticle__date\">\n<p>                    9 de octubre de 2025 (14:00 CET)<\/p>\n<p>                                                                                                                                        <img fetchpriority=\"high\" decoding=\"async\" src=\"https:\/\/www.europesays.com\/es\/wp-content\/uploads\/2025\/10\/el-libro-de-tom-dumoulin-es-una-cronica-muy-personal-de-su-carrera-deportiva.jpeg\" alt=\"El libro de Tom Dumoulin es una cr\u00f3nica muy personal de su carrera deportiva\" title=\"El libro de Tom Dumoulin es una cr\u00f3nica muy personal de su carrera deportiva\" class=\"c-mainarticle__img\" loading=\"eager\" width=\"790\" height=\"454\"\/><\/p>\n<p>                    El libro de Tom Dumoulin es una cr\u00f3nica muy personal de su carrera deportiva<\/p>\n<p>Ya esat\u00e1 a la venta en librer\u00edas de toda Espa\u00f1a el<strong> libro <\/strong><strong><a href=\"https:\/\/librosderuta.us6.list-manage.com\/track\/click?u=9a6f0d20bff0a985f5fe2aad4&amp;id=361aecce16&amp;e=43b83faf7b\" target=\"_blank\" rel=\"nofollow noopener\">POR SENSACIONES. Una vida de ciclista<\/a><\/strong>, <strong>escrito por el exciclista<\/strong>\u00a0<strong>Tom Dumoulin<\/strong>\u00a0-ganador del Giro de Italia 2017- <strong>junto al periodista deportivo Nando Boers<\/strong>\u00a0y editado por Libros de Ruta. Se trata de una\u00a0cr\u00f3nica \u00edntima de toda su carrera deportiva en la que el neerland\u00e9s\u00a0comparte y reflexiona junto a su amigo periodista sobre\u00a0los hitos que le convirtieron en una de las grandes estrellas del ciclismo de la pasada d\u00e9cada.<\/p>\n<p>Tom Dumoulin (nacido en Maastricht en 1990) est\u00e1 considerado como uno de los mejores ciclistas de su generaci\u00f3n. A lo largo de su carrera\u00a0conquist\u00f3 <strong>dos medallas ol\u00edmpicas, un\u00a0t\u00edtulo\u00a0mundial contrarreloj,\u00a0etapas en las tres grandes vueltas<\/strong>\u00a0y un total de <strong>22 triunfos,<\/strong> pero su mayor gesta fue la victoria\u00a0en la general del <strong>Giro de Italia 2017.<\/strong><\/p>\n<p><img decoding=\"async\" loading=\"lazy\" alt=\"article tom dumoulin no correra vuelta espana 2017 5971d6aeb48eb 2 790x454\" data-id=\"14540508\" data-resize=\"null\" height=\"454\" src=\"https:\/\/www.europesays.com\/es\/wp-content\/uploads\/2025\/10\/article-tom-dumoulin-no-correra-vuelta-espana-2017-5971d6aeb48eb-2-790x454.jpeg\" title=\"article tom dumoulin no correra vuelta espana 2017 5971d6aeb48eb 2 790x454\" width=\"790\"\/><\/p>\n<p>Poco despu\u00e9s de <a data-external=\"1\" href=\"https:\/\/www.ciclismoafondo.es\/competicion\/noticias-resultados-ciclismo\/tom-dumoulin-se-retira-con-efecto-inmediato_262326_102.html\" rel=\"nofollow noopener\" target=\"_blank\" title=\"poner fin a su carrera, en 2022\">poner fin a su carrera, en 2022<\/a>, con solo treinta y un a\u00f1os, <strong>Tom Dumoulin emprende un viaje junto al escritor y periodista Nando Boers a los lugares que marcaron su trayectoria deportiva<\/strong>: Bergen (Noruega), Monza, Oropa, Bormio, Stelvio (Italia) y Arcal\u00eds (Andorra). Una traves\u00eda en busca de respuestas, de sentido, de entender qu\u00e9 lugar ha ocupado realmente el ciclismo en su vida.<\/p>\n<p>A lo largo del camino surgen los<strong> recuerdos de sus mayores logros y victorias<\/strong>, pero<strong> tambi\u00e9n afloran las sombras<\/strong>: los escenarios de derrotas, ca\u00eddas y rivalidades que alimentaron sus dudas, frustraciones e inseguridades.<\/p>\n<p><strong>Por sensaciones\u00a0es el relato de ese viaje purificador:<\/strong> un autorretrato sincero y sin adornos de un deportista de \u00e9lite que echa la vista atr\u00e1s con lucidez y emoci\u00f3n. Tambi\u00e9n, y sobre todo, una declaraci\u00f3n de amor al ciclismo profesional.<\/p>\n<p>Nacido en\u00a0Alkmaar (Pa\u00edses Bajos) en\u00a01970,\u00a0<strong>Nando Boers es un periodista deportivo especializado en ciclismo, F\u00f3rmula 1 y patinaje. <\/strong>Ha trabajado para medios como\u00a0Sportweek\u00a0y ha escrito varios libros de deportes, entre ellos este\u00a0Por sensaciones, en colaboraci\u00f3n con el ciclista Tom Dumoulin.<\/p>\n<p><strong>El libro ya est\u00e1 a la venta<\/strong> <a data-external=\"1\" href=\"https:\/\/almuzaralibros.com\/sello.php?edi=22\" rel=\"nofollow noopener\" target=\"_blank\" title=\"en la web de la editorial\">en la web de la editorial<\/a> y\u00a0en las librer\u00edas de nuestro pa\u00eds.\u00a0<\/p>\n<p>\u00abPor sensaciones. Una vida de ciclista\u00bb<\/p>\n<ul>&#13;<\/p>\n<li>\n<strong>ISBN<\/strong>:\u00a0979-13-87955-07-6<\/li>\n<p>&#13;<\/p>\n<li>\n<strong>P\u00e1ginas<\/strong>:\u00a0248 (8 de fotograf\u00edas)<\/li>\n<p>&#13;<\/p>\n<li>\n<strong>Tama\u00f1o<\/strong>:\u00a014 x 22 cm<\/li>\n<p>&#13;<\/p>\n<li>\n<strong>Encuadernaci\u00f3n<\/strong>:\u00a0r\u00fastica con solapas<\/li>\n<p>&#13;<\/p>\n<li>\n<strong>PVP<\/strong>:\u00a024,90 \u20ac<\/li>\n<p>&#13;\n<\/ul>\n<p><img decoding=\"async\" loading=\"lazy\" alt=\"Portada Libro Dumoulin\" data-id=\"14540553\" data-resize=\"null\" height=\"1250\" src=\"https:\/\/www.europesays.com\/es\/wp-content\/uploads\/2025\/10\/portada-libro-dumoulin.jpeg\" title=\"Portada Libro Dumoulin\" width=\"800\"\/><\/p>\n<p>\u00a0<\/p>\n","protected":false},"excerpt":{"rendered":"Escrito por el propio ciclista neerland\u00e9s junto al periodista Nando Boers, y editado por \u00abLibros de Ruta\u00bb, es&hellip;\n","protected":false},"author":2,"featured_media":165105,"comment_status":"","ping_status":"","sticky":false,"template":"","format":"standard","meta":{"footnotes":""},"categories":[172],"tags":[224,146,147,25,24,225,23],"class_list":{"0":"post-165104","1":"post","2":"type-post","3":"status-publish","4":"format-standard","5":"has-post-thumbnail","7":"category-libros","8":"tag-books","9":"tag-entertainment","10":"tag-entretenimiento","11":"tag-es","12":"tag-espana","13":"tag-libros","14":"tag-spain"},"share_on_mastodon":{"url":"","error":""},"_links":{"self":[{"href":"https:\/\/www.europesays.com\/es\/wp-json\/wp\/v2\/posts\/165104","targetHints":{"allow":["GET"]}}],"collection":[{"href":"https:\/\/www.europesays.com\/es\/wp-json\/wp\/v2\/posts"}],"about":[{"href":"https:\/\/www.europesays.com\/es\/wp-json\/wp\/v2\/types\/post"}],"author":[{"embeddable":true,"href":"https:\/\/www.europesays.com\/es\/wp-json\/wp\/v2\/users\/2"}],"replies":[{"embeddable":true,"href":"https:\/\/www.europesays.com\/es\/wp-json\/wp\/v2\/comments?post=165104"}],"version-history":[{"count":0,"href":"https:\/\/www.europesays.com\/es\/wp-json\/wp\/v2\/posts\/165104\/revisions"}],"wp:featuredmedia":[{"embeddable":true,"href":"https:\/\/www.europesays.com\/es\/wp-json\/wp\/v2\/media\/165105"}],"wp:attachment":[{"href":"https:\/\/www.europesays.com\/es\/wp-json\/wp\/v2\/media?parent=165104"}],"wp:term":[{"taxonomy":"category","embeddable":true,"href":"https:\/\/www.europesays.com\/es\/wp-json\/wp\/v2\/categories?post=165104"},{"taxonomy":"post_tag","embeddable":true,"href":"https:\/\/www.europesays.com\/es\/wp-json\/wp\/v2\/tags?post=165104"}],"curies":[{"name":"wp","href":"https:\/\/api.w.org\/{rel}","templated":true}]}}