{"id":16512,"date":"2025-07-31T14:38:08","date_gmt":"2025-07-31T14:38:08","guid":{"rendered":"https:\/\/www.europesays.com\/es\/16512\/"},"modified":"2025-07-31T14:38:08","modified_gmt":"2025-07-31T14:38:08","slug":"cristina-villanueva-uno-de-los-rostros-mas-iconicos-de-la-sexta-deja-el-canal-tras-19-anos-television","status":"publish","type":"post","link":"https:\/\/www.europesays.com\/es\/16512\/","title":{"rendered":"Cristina Villanueva, uno de los rostros m\u00e1s ic\u00f3nicos de La Sexta, deja el canal tras 19 a\u00f1os | Televisi\u00f3n"},"content":{"rendered":"<p class=\"\">Cristina Villanueva, uno de los rostros m\u00e1s ic\u00f3nicos de laSexta Noticias, deja <a href=\"https:\/\/elpais.com\/noticias\/la-sexta\/\" target=\"_blank\" rel=\"noreferrer nofollow noopener\" title=\"https:\/\/elpais.com\/noticias\/la-sexta\/\">La Sexta <\/a>tras 19 a\u00f1os en el canal de Atresmedia. La periodista catalana de 49 a\u00f1os llevaba vinculada al canal desde su nacimiento en 2006 y era uno de los nombres m\u00e1s representativos de sus informativos. Su adi\u00f3s, adelantado por Informalia y que ha podido confirmar EL PA\u00cdS, se produce de mutuo acuerdo con el canal y con el objetivo de buscar nuevos proyectos tanto dentro como fuera de la televisi\u00f3n, que todav\u00eda se desconocen. <\/p>\n<p>M\u00e1s informaci\u00f3n<\/p>\n<p class=\"\"><a href=\"https:\/\/elpais.com\/sociedad\/2006\/03\/31\/actualidad\/1143756004_850215.html\" target=\"_self\" rel=\"nofollow noopener\" title=\"https:\/\/elpais.com\/sociedad\/2006\/03\/31\/actualidad\/1143756004_850215.html\">Villanueva, licenciada en Periodismo por la Universidad Aut\u00f3noma de Barcelona, entr\u00f3 en La Sexta en 2006 <\/a>para reforzar la apuesta informativa del proyecto televisivo y ha sido uno de los rostros m\u00e1s representativos del canal desde entonces. Tras su incorporaci\u00f3n, fue la encargada de la edici\u00f3n de fin de semana de laSexta Noticias. En 2006 tambi\u00e9n particip\u00f3, junto a Helena Resano y Mamen Mendiz\u00e1bal, en el espacio de entrevistas Sexto sentido. En 2007 se ocup\u00f3 del programa de f\u00fatbol No me digas que no te gusta el f\u00fatbol, junto a Juanma L\u00f3pez Iturriaga. Sus proyectos m\u00e1s all\u00e1 de los informativos incluyen tambi\u00e9n Verano directo, magac\u00edn que comand\u00f3 en 2011.<\/p>\n<p class=\"\">Antes de fichar por La Sexta, trabaj\u00f3 entre 1997 y 2006 en RTVE, primero en informaci\u00f3n deportiva y, desde 2004, en La 2 noticias. Entre los premios que tiene, destacan el Premio Larra de Periodismo de la APM, el Ondas por La 2 noticias o el TP de Oro por las retransmisiones deportivas. <\/p>\n<p class=\"\">Los informativos de fin de semana de La Sexta, presentados por Villanueva, terminaron la temporada 2024-2025 en cuarta posici\u00f3n y buenos datos, con un 7,9% de cuota en la edici\u00f3n de sobremesa y un 7% en la de noche. Se han situado por encima de la media de la cadena, que entre septiembre de 2024 y junio de 2025 promedi\u00f3 un 6,6% de cuota. <\/p>\n<p class=\"\">La salida de Cristina Villanueva de La Sexta se une a los cambios que habr\u00e1 en los informativos televisivos para la pr\u00f3xima temporada, especialmente en la televisi\u00f3n p\u00fablica. La 1 ha sacudido sus Telediarios con <a href=\"https:\/\/elpais.com\/television\/2025-07-16\/pepa-bueno-presentara-el-telediario-de-la-noche-en-television-espanola.html\" target=\"_blank\" rel=\"noreferrer nofollow noopener\" title=\"https:\/\/elpais.com\/television\/2025-07-16\/pepa-bueno-presentara-el-telediario-de-la-noche-en-television-espanola.html\">la incorporaci\u00f3n de Pepa Bueno<\/a> a la edici\u00f3n nocturna de lunes a viernes y el paso <a href=\"https:\/\/elpais.com\/television\/2025-07-21\/marc-sala-y-lourdes-maldonado-presentaran-el-telediario-de-fin-de-semana-de-la-1.html\" target=\"_blank\" rel=\"nofollow noopener\" title=\"https:\/\/elpais.com\/television\/2025-07-21\/marc-sala-y-lourdes-maldonado-presentaran-el-telediario-de-fin-de-semana-de-la-1.html\">de Marc Sala y Lourdes Maldonado<\/a> a la edici\u00f3n de fin de semana. <\/p>\n","protected":false},"excerpt":{"rendered":"Cristina Villanueva, uno de los rostros m\u00e1s ic\u00f3nicos de laSexta Noticias, deja La Sexta tras 19 a\u00f1os en&hellip;\n","protected":false},"author":2,"featured_media":16513,"comment_status":"","ping_status":"","sticky":false,"template":"","format":"standard","meta":{"footnotes":""},"categories":[91],"tags":[151,146,147,25,24,5079,4041,10758,953,23,807],"class_list":{"0":"post-16512","1":"post","2":"type-post","3":"status-publish","4":"format-standard","5":"has-post-thumbnail","7":"category-entretenimiento","8":"tag-atresmedia","9":"tag-entertainment","10":"tag-entretenimiento","11":"tag-es","12":"tag-espana","13":"tag-la-sexta","14":"tag-periodistas","15":"tag-presentadores-television","16":"tag-programas-informativos","17":"tag-spain","18":"tag-television"},"share_on_mastodon":{"url":"","error":""},"_links":{"self":[{"href":"https:\/\/www.europesays.com\/es\/wp-json\/wp\/v2\/posts\/16512","targetHints":{"allow":["GET"]}}],"collection":[{"href":"https:\/\/www.europesays.com\/es\/wp-json\/wp\/v2\/posts"}],"about":[{"href":"https:\/\/www.europesays.com\/es\/wp-json\/wp\/v2\/types\/post"}],"author":[{"embeddable":true,"href":"https:\/\/www.europesays.com\/es\/wp-json\/wp\/v2\/users\/2"}],"replies":[{"embeddable":true,"href":"https:\/\/www.europesays.com\/es\/wp-json\/wp\/v2\/comments?post=16512"}],"version-history":[{"count":0,"href":"https:\/\/www.europesays.com\/es\/wp-json\/wp\/v2\/posts\/16512\/revisions"}],"wp:featuredmedia":[{"embeddable":true,"href":"https:\/\/www.europesays.com\/es\/wp-json\/wp\/v2\/media\/16513"}],"wp:attachment":[{"href":"https:\/\/www.europesays.com\/es\/wp-json\/wp\/v2\/media?parent=16512"}],"wp:term":[{"taxonomy":"category","embeddable":true,"href":"https:\/\/www.europesays.com\/es\/wp-json\/wp\/v2\/categories?post=16512"},{"taxonomy":"post_tag","embeddable":true,"href":"https:\/\/www.europesays.com\/es\/wp-json\/wp\/v2\/tags?post=16512"}],"curies":[{"name":"wp","href":"https:\/\/api.w.org\/{rel}","templated":true}]}}