{"id":165122,"date":"2025-10-09T12:58:09","date_gmt":"2025-10-09T12:58:09","guid":{"rendered":"https:\/\/www.europesays.com\/es\/165122\/"},"modified":"2025-10-09T12:58:09","modified_gmt":"2025-10-09T12:58:09","slug":"el-papa-pide-privilegiar-el-amor-a-los-pobres-en-su-primera-exhortacion-apostolica","status":"publish","type":"post","link":"https:\/\/www.europesays.com\/es\/165122\/","title":{"rendered":"El papa pide privilegiar el amor a los pobres en su primera exhortaci\u00f3n apost\u00f3lica"},"content":{"rendered":"<p>    <img src=\"https:\/\/www.europesays.com\/es\/wp-content\/uploads\/2025\/10\/2025-10-09T123A373A09Z-90140807.jpg\" width=\"1024\" height=\"682\" alt=\"\" loading=\"eager\" decoding=\"sync\" fetchpriority=\"high\"\/><\/p>\n<p>            afp_tickers        <\/p>\n<p>        Este contenido fue publicado en    <\/p>\n<p>        09 octubre 2025 &#8211; 14:37\n<\/p>\n<p>El papa Le\u00f3n XIV hace un llamado a situar el amor a los pobres en el centro de la misi\u00f3n de la Iglesia cat\u00f3lica en la primera exhortaci\u00f3n apost\u00f3lica de su pontificado, publicada este jueves y que sigue la l\u00ednea de su predecesor Francisco.<\/p>\n<p>En \u00abDilexi Te\u00bb (\u00abTe he amado\u00bb, en lat\u00edn), el pont\u00edfice estadounidense nacionalizado peruano pide un cambio de mentalidad hacia las personas marginadas y critica la inequidad del sistema econ\u00f3mico mundial y \u00abuna cultura que descarta a los dem\u00e1s\u00bb.<\/p>\n<p>El documento de 49 p\u00e1ginas fue firmado por Le\u00f3n XIV el 4 de octubre durante el d\u00eda de San Francisco de As\u00eds, en un doble gui\u00f1o a su antecesor argentino que en esa misma fecha en 2023 public\u00f3 su exhortaci\u00f3n \u00abLaudate Deum\u00bb\u00a0sobre la crisis clim\u00e1tica.<\/p>\n<p>\u00abDebemos comprometernos cada vez m\u00e1s para resolver las causas estructurales de la pobreza\u00bb, exhorta el jefe de la Iglesia cat\u00f3lica, cuando cerca del el 8,5% de la poblaci\u00f3n viv\u00eda con menos de 2,15 d\u00f3lares diarios en 2024, el umbral de la pobreza extrema, seg\u00fan el Banco Mundial.<\/p>\n<p>Este texto, dividido en 121 puntos y con un fuerte tono social, sit\u00faa a Le\u00f3n XIV en la l\u00ednea de Francisco, quien denunci\u00f3 los excesos de un sistema capitalista en detrimento de los marginados y del medioambiente.<\/p>\n<p>El documento, cuyo t\u00edtulo retoma el de la \u00faltima enc\u00edclica de Francisco (\u00abDilexit nos\u00bb), fue iniciado por el propio Jorge Mario Bergoglio, fallecido en abril tras 12 a\u00f1os de pontificado, indic\u00f3 el Vaticano sin precisar en qu\u00e9 proporci\u00f3n.<\/p>\n<p>Una exhortaci\u00f3n apost\u00f3lica es un escrito pontificio oficial a trav\u00e9s del cual el papa dirige a los fieles ense\u00f1anzas concretas sobre cuestiones espirituales, sociales o morales.<\/p>\n<p>Robert Francis Prevost retoma as\u00ed la cr\u00edtica de \u00abla dictadura de una econom\u00eda que mata\u00bb y de la \u00abtiran\u00eda invisible\u00bb de los mercados financieros, llamando a los fieles a \u00abhacer o\u00edr, de diferentes maneras, una voz que despierte, que denuncie\u00bb.<\/p>\n<p>Miembro de la orden mendicante de San Agust\u00edn, el papa de 70 a\u00f1os, que fue misionero en Per\u00fa, recuerda la importancia de la caridad y critica la hipocres\u00eda de los cristianos que \u00abse dejan contagiar\u00bb por \u00abideolog\u00edas mundanas\u00bb.<\/p>\n<p>Le\u00f3n XIV tambi\u00e9n insiste en la acogida de los migrantes, otra prioridad de Francisco, lamentando que los naufragios mortales de embarcaciones sean reducidos a la categor\u00eda de \u00abnoticias marginales\u00bb.<\/p>\n<p>Recuerda el destino de Alan Kurdi, un ni\u00f1o kurdo sirio de tres a\u00f1os encontrado muerto ahogado en una playa del Mediterr\u00e1neo en 2015, que provoc\u00f3 el rechazo mundial.<\/p>\n<p>cmk\/jra\/lpt\/arm\/pb<\/p>\n","protected":false},"excerpt":{"rendered":"afp_tickers Este contenido fue publicado en 09 octubre 2025 &#8211; 14:37 El papa Le\u00f3n XIV hace un llamado&hellip;\n","protected":false},"author":2,"featured_media":165123,"comment_status":"","ping_status":"","sticky":false,"template":"","format":"standard","meta":{"footnotes":""},"categories":[42],"tags":[17,18,82,84,13,14,4437,11,61,62,63,64,19,20,14039,9,10,15,16,88,12356,36465,5603,12357,46442,5799,2005,90,12,21,22,65,66,67],"class_list":{"0":"post-165122","1":"post","2":"type-post","3":"status-publish","4":"format-standard","5":"has-post-thumbnail","7":"category-internacional","8":"tag-breaking-news","9":"tag-breakingnews","10":"tag-business","11":"tag-economy-general","12":"tag-featured-news","13":"tag-featurednews","14":"tag-government","15":"tag-headlines","16":"tag-internacional","17":"tag-international","18":"tag-international-news","19":"tag-internationalnews","20":"tag-latest-news","21":"tag-latestnews","22":"tag-migration","23":"tag-news","24":"tag-noticias","25":"tag-noticias-destacadas","26":"tag-noticiasdestacadas","27":"tag-politics","28":"tag-pope","29":"tag-poverty","30":"tag-religion","31":"tag-religious-leader","32":"tag-social-conditions","33":"tag-social-issues-general","34":"tag-society","35":"tag-ticker","36":"tag-titulares","37":"tag-ultimas-noticias","38":"tag-ultimasnoticias","39":"tag-world","40":"tag-world-news","41":"tag-worldnews"},"share_on_mastodon":{"url":"","error":""},"_links":{"self":[{"href":"https:\/\/www.europesays.com\/es\/wp-json\/wp\/v2\/posts\/165122","targetHints":{"allow":["GET"]}}],"collection":[{"href":"https:\/\/www.europesays.com\/es\/wp-json\/wp\/v2\/posts"}],"about":[{"href":"https:\/\/www.europesays.com\/es\/wp-json\/wp\/v2\/types\/post"}],"author":[{"embeddable":true,"href":"https:\/\/www.europesays.com\/es\/wp-json\/wp\/v2\/users\/2"}],"replies":[{"embeddable":true,"href":"https:\/\/www.europesays.com\/es\/wp-json\/wp\/v2\/comments?post=165122"}],"version-history":[{"count":0,"href":"https:\/\/www.europesays.com\/es\/wp-json\/wp\/v2\/posts\/165122\/revisions"}],"wp:featuredmedia":[{"embeddable":true,"href":"https:\/\/www.europesays.com\/es\/wp-json\/wp\/v2\/media\/165123"}],"wp:attachment":[{"href":"https:\/\/www.europesays.com\/es\/wp-json\/wp\/v2\/media?parent=165122"}],"wp:term":[{"taxonomy":"category","embeddable":true,"href":"https:\/\/www.europesays.com\/es\/wp-json\/wp\/v2\/categories?post=165122"},{"taxonomy":"post_tag","embeddable":true,"href":"https:\/\/www.europesays.com\/es\/wp-json\/wp\/v2\/tags?post=165122"}],"curies":[{"name":"wp","href":"https:\/\/api.w.org\/{rel}","templated":true}]}}